{"id":1190,"date":"2018-03-20T00:00:00","date_gmt":"2018-03-19T23:00:00","guid":{"rendered":"https:\/\/www.abrilabogados.com\/rankings-world-trademark-review-incluye-a-abril-abogados\/"},"modified":"2026-04-23T22:23:22","modified_gmt":"2026-04-23T20:23:22","slug":"rankings-world-trademark-review-incluye-a-abril-abogados","status":"publish","type":"post","link":"https:\/\/www.abrilabogados.com\/en\/noticias\/rankings-world-trademark-review-incluye-a-abril-abogados\/","title":{"rendered":"Rankings: World Trademark Review incluye a Abril Abogados"},"content":{"rendered":"<p>Un a\u00f1o m\u00e1s, la prestigiosa publicaci\u00f3n World Trademark Review nuevamente considera que Abril Abogados es uno de los principales despachos de abogados espa\u00f1oles especializados en marcas, con especial hincapi\u00e9 en los servicios relativos a enforcement &amp; litigation y prosecution &amp; strategy.<\/p>\n<p><!--more--><\/p>\n<p>Desde el siguiente link podr\u00e1s conocer m\u00e1s al respecto de esta clasificaci\u00f3n. B\u00fascanos. <a href=\"https:\/\/www.worldtrademarkreview.com\/directories\/wtr1000\/rankings\/spain\">M\u00e1s informaci\u00f3n<\/a>.<\/p>\n","protected":false},"excerpt":{"rendered":"<p>Un a\u00f1o m\u00e1s, la prestigiosa publicaci\u00f3n World Trademark Review nuevamente considera que Abril Abogados es uno de los principales despachos de abogados espa\u00f1oles especializados en marcas, con especial hincapi\u00e9 en&#8230;<\/p>\n","protected":false},"author":1,"featured_media":0,"comment_status":"closed","ping_status":"open","sticky":false,"template":"","format":"standard","meta":{"_acf_changed":false,"footnotes":""},"categories":[11],"tags":[],"sector_noticias":[],"class_list":{"0":"post-1190","1":"post","2":"type-post","3":"status-publish","4":"format-standard","6":"category-referencias"},"acf":[],"yoast_head":"<!-- This site is optimized with the Yoast SEO plugin v26.4 - https:\/\/yoast.com\/wordpress\/plugins\/seo\/ -->\n<title>Rankings: World Trademark Review incluye a Abril Abogados - Abril Abogados<\/title>\n<meta name=\"robots\" content=\"index, follow, max-snippet:-1, max-image-preview:large, max-video-preview:-1\" \/>\n<link rel=\"canonical\" href=\"https:\/\/www.abrilabogados.com\/en\/noticias\/rankings-world-trademark-review-incluye-a-abril-abogados\/\" \/>\n<meta property=\"og:locale\" content=\"en_US\" \/>\n<meta property=\"og:type\" content=\"article\" \/>\n<meta property=\"og:title\" content=\"Rankings: World Trademark Review incluye a Abril Abogados - Abril Abogados\" \/>\n<meta property=\"og:description\" content=\"Un a\u00f1o m\u00e1s, la prestigiosa publicaci\u00f3n World Trademark Review nuevamente considera que Abril Abogados es uno de los principales despachos de abogados espa\u00f1oles especializados en marcas, con especial hincapi\u00e9 en...\" \/>\n<meta property=\"og:url\" content=\"https:\/\/www.abrilabogados.com\/en\/noticias\/rankings-world-trademark-review-incluye-a-abril-abogados\/\" \/>\n<meta property=\"og:site_name\" content=\"Abril Abogados\" \/>\n<meta property=\"article:published_time\" content=\"2018-03-19T23:00:00+00:00\" \/>\n<meta property=\"article:modified_time\" content=\"2026-04-23T20:23:22+00:00\" \/>\n<meta name=\"author\" content=\"admin\" \/>\n<meta name=\"twitter:card\" content=\"summary_large_image\" \/>\n<meta name=\"twitter:label1\" content=\"Written by\" \/>\n\t<meta name=\"twitter:data1\" content=\"admin\" \/>\n<script type=\"application\/ld+json\" class=\"yoast-schema-graph\">{\"@context\":\"https:\/\/schema.org\",\"@graph\":[{\"@type\":\"WebPage\",\"@id\":\"https:\/\/www.abrilabogados.com\/en\/noticias\/rankings-world-trademark-review-incluye-a-abril-abogados\/\",\"url\":\"https:\/\/www.abrilabogados.com\/en\/noticias\/rankings-world-trademark-review-incluye-a-abril-abogados\/\",\"name\":\"Rankings: World Trademark Review incluye a Abril Abogados - Abril Abogados\",\"isPartOf\":{\"@id\":\"https:\/\/www.abrilabogados.com\/en\/#website\"},\"datePublished\":\"2018-03-19T23:00:00+00:00\",\"dateModified\":\"2026-04-23T20:23:22+00:00\",\"author\":{\"@id\":\"https:\/\/www.abrilabogados.com\/en\/#\/schema\/person\/750a358f28e46d5003b31222bddd9ed8\"},\"breadcrumb\":{\"@id\":\"https:\/\/www.abrilabogados.com\/en\/noticias\/rankings-world-trademark-review-incluye-a-abril-abogados\/#breadcrumb\"},\"inLanguage\":\"en-US\",\"potentialAction\":[{\"@type\":\"ReadAction\",\"target\":[\"https:\/\/www.abrilabogados.com\/en\/noticias\/rankings-world-trademark-review-incluye-a-abril-abogados\/\"]}]},{\"@type\":\"BreadcrumbList\",\"@id\":\"https:\/\/www.abrilabogados.com\/en\/noticias\/rankings-world-trademark-review-incluye-a-abril-abogados\/#breadcrumb\",\"itemListElement\":[{\"@type\":\"ListItem\",\"position\":1,\"name\":\"Abril Abogados News\",\"item\":\"\/en\/noticias\/\"},{\"@type\":\"ListItem\",\"position\":2,\"name\":\"Rankings: World Trademark Review incluye a Abril Abogados\"}]},{\"@type\":\"WebSite\",\"@id\":\"https:\/\/www.abrilabogados.com\/en\/#website\",\"url\":\"https:\/\/www.abrilabogados.com\/en\/\",\"name\":\"Abril Abogados\",\"description\":\"\",\"potentialAction\":[{\"@type\":\"SearchAction\",\"target\":{\"@type\":\"EntryPoint\",\"urlTemplate\":\"https:\/\/www.abrilabogados.com\/en\/?s={search_term_string}\"},\"query-input\":{\"@type\":\"PropertyValueSpecification\",\"valueRequired\":true,\"valueName\":\"search_term_string\"}}],\"inLanguage\":\"en-US\"},{\"@type\":\"Person\",\"@id\":\"https:\/\/www.abrilabogados.com\/en\/#\/schema\/person\/750a358f28e46d5003b31222bddd9ed8\",\"name\":\"admin\",\"image\":{\"@type\":\"ImageObject\",\"inLanguage\":\"en-US\",\"@id\":\"https:\/\/www.abrilabogados.com\/en\/#\/schema\/person\/image\/\",\"url\":\"https:\/\/secure.gravatar.com\/avatar\/52d6bc19e862502e6ff2f700f23c607b54491a2d4a05fc0f2a79b8077f4bc25c?s=96&d=mm&r=g\",\"contentUrl\":\"https:\/\/secure.gravatar.com\/avatar\/52d6bc19e862502e6ff2f700f23c607b54491a2d4a05fc0f2a79b8077f4bc25c?s=96&d=mm&r=g\",\"caption\":\"admin\"},\"sameAs\":[\"https:\/\/www.abrilabogados.com\"],\"url\":\"https:\/\/www.abrilabogados.com\/en\/noticias\/author\/charly_wpadmin\/\"}]}<\/script>\n<!-- \/ Yoast SEO plugin. -->","yoast_head_json":{"title":"Rankings: World Trademark Review incluye a Abril Abogados - Abril Abogados","robots":{"index":"index","follow":"follow","max-snippet":"max-snippet:-1","max-image-preview":"max-image-preview:large","max-video-preview":"max-video-preview:-1"},"canonical":"https:\/\/www.abrilabogados.com\/en\/noticias\/rankings-world-trademark-review-incluye-a-abril-abogados\/","og_locale":"en_US","og_type":"article","og_title":"Rankings: World Trademark Review incluye a Abril Abogados - Abril Abogados","og_description":"Un a\u00f1o m\u00e1s, la prestigiosa publicaci\u00f3n World Trademark Review nuevamente considera que Abril Abogados es uno de los principales despachos de abogados espa\u00f1oles especializados en marcas, con especial hincapi\u00e9 en...","og_url":"https:\/\/www.abrilabogados.com\/en\/noticias\/rankings-world-trademark-review-incluye-a-abril-abogados\/","og_site_name":"Abril Abogados","article_published_time":"2018-03-19T23:00:00+00:00","article_modified_time":"2026-04-23T20:23:22+00:00","author":"admin","twitter_card":"summary_large_image","twitter_misc":{"Written by":"admin"},"schema":{"@context":"https:\/\/schema.org","@graph":[{"@type":"WebPage","@id":"https:\/\/www.abrilabogados.com\/en\/noticias\/rankings-world-trademark-review-incluye-a-abril-abogados\/","url":"https:\/\/www.abrilabogados.com\/en\/noticias\/rankings-world-trademark-review-incluye-a-abril-abogados\/","name":"Rankings: World Trademark Review incluye a Abril Abogados - Abril Abogados","isPartOf":{"@id":"https:\/\/www.abrilabogados.com\/en\/#website"},"datePublished":"2018-03-19T23:00:00+00:00","dateModified":"2026-04-23T20:23:22+00:00","author":{"@id":"https:\/\/www.abrilabogados.com\/en\/#\/schema\/person\/750a358f28e46d5003b31222bddd9ed8"},"breadcrumb":{"@id":"https:\/\/www.abrilabogados.com\/en\/noticias\/rankings-world-trademark-review-incluye-a-abril-abogados\/#breadcrumb"},"inLanguage":"en-US","potentialAction":[{"@type":"ReadAction","target":["https:\/\/www.abrilabogados.com\/en\/noticias\/rankings-world-trademark-review-incluye-a-abril-abogados\/"]}]},{"@type":"BreadcrumbList","@id":"https:\/\/www.abrilabogados.com\/en\/noticias\/rankings-world-trademark-review-incluye-a-abril-abogados\/#breadcrumb","itemListElement":[{"@type":"ListItem","position":1,"name":"Abril Abogados News","item":"\/en\/noticias\/"},{"@type":"ListItem","position":2,"name":"Rankings: World Trademark Review incluye a Abril Abogados"}]},{"@type":"WebSite","@id":"https:\/\/www.abrilabogados.com\/en\/#website","url":"https:\/\/www.abrilabogados.com\/en\/","name":"Abril Abogados","description":"","potentialAction":[{"@type":"SearchAction","target":{"@type":"EntryPoint","urlTemplate":"https:\/\/www.abrilabogados.com\/en\/?s={search_term_string}"},"query-input":{"@type":"PropertyValueSpecification","valueRequired":true,"valueName":"search_term_string"}}],"inLanguage":"en-US"},{"@type":"Person","@id":"https:\/\/www.abrilabogados.com\/en\/#\/schema\/person\/750a358f28e46d5003b31222bddd9ed8","name":"admin","image":{"@type":"ImageObject","inLanguage":"en-US","@id":"https:\/\/www.abrilabogados.com\/en\/#\/schema\/person\/image\/","url":"https:\/\/secure.gravatar.com\/avatar\/52d6bc19e862502e6ff2f700f23c607b54491a2d4a05fc0f2a79b8077f4bc25c?s=96&d=mm&r=g","contentUrl":"https:\/\/secure.gravatar.com\/avatar\/52d6bc19e862502e6ff2f700f23c607b54491a2d4a05fc0f2a79b8077f4bc25c?s=96&d=mm&r=g","caption":"admin"},"sameAs":["https:\/\/www.abrilabogados.com"],"url":"https:\/\/www.abrilabogados.com\/en\/noticias\/author\/charly_wpadmin\/"}]}},"_links":{"self":[{"href":"https:\/\/www.abrilabogados.com\/en\/wp-json\/wp\/v2\/posts\/1190","targetHints":{"allow":["GET"]}}],"collection":[{"href":"https:\/\/www.abrilabogados.com\/en\/wp-json\/wp\/v2\/posts"}],"about":[{"href":"https:\/\/www.abrilabogados.com\/en\/wp-json\/wp\/v2\/types\/post"}],"author":[{"embeddable":true,"href":"https:\/\/www.abrilabogados.com\/en\/wp-json\/wp\/v2\/users\/1"}],"replies":[{"embeddable":true,"href":"https:\/\/www.abrilabogados.com\/en\/wp-json\/wp\/v2\/comments?post=1190"}],"version-history":[{"count":1,"href":"https:\/\/www.abrilabogados.com\/en\/wp-json\/wp\/v2\/posts\/1190\/revisions"}],"predecessor-version":[{"id":3816,"href":"https:\/\/www.abrilabogados.com\/en\/wp-json\/wp\/v2\/posts\/1190\/revisions\/3816"}],"wp:attachment":[{"href":"https:\/\/www.abrilabogados.com\/en\/wp-json\/wp\/v2\/media?parent=1190"}],"wp:term":[{"taxonomy":"category","embeddable":true,"href":"https:\/\/www.abrilabogados.com\/en\/wp-json\/wp\/v2\/categories?post=1190"},{"taxonomy":"post_tag","embeddable":true,"href":"https:\/\/www.abrilabogados.com\/en\/wp-json\/wp\/v2\/tags?post=1190"},{"taxonomy":"sector_noticias","embeddable":true,"href":"https:\/\/www.abrilabogados.com\/en\/wp-json\/wp\/v2\/sector_noticias?post=1190"}],"curies":[{"name":"wp","href":"https:\/\/api.w.org\/{rel}","templated":true}]}}