{"id":1200,"date":"2019-02-26T00:00:00","date_gmt":"2019-02-25T23:00:00","guid":{"rendered":"https:\/\/www.abrilabogados.com\/aprobada-la-reforma-de-la-ley-de-propiedad-intelectual\/"},"modified":"2026-04-23T22:23:26","modified_gmt":"2026-04-23T20:23:26","slug":"aprobada-la-reforma-de-la-ley-de-propiedad-intelectual","status":"publish","type":"post","link":"https:\/\/www.abrilabogados.com\/en\/noticias\/aprobada-la-reforma-de-la-ley-de-propiedad-intelectual\/","title":{"rendered":"Aprobada la Reforma de la Ley De Propiedad Intelectual"},"content":{"rendered":"<p style=\"text-align: justify;\">El pasado 21 de febrero el Congreso de los Diputados, tras m\u00e1s de un a\u00f1o de idas y venidas, aprob\u00f3 finalmente la reforma de la Ley de Propiedad Intelectual que viene a incorporar al ordenamiento jur\u00eddico espa\u00f1ol varias Directivas comunitarias, a aumentar la transparencia en la gesti\u00f3n colectiva de derechos y proporcionar nuevas medidas para la lucha contra la pirater\u00eda.<!--more--><\/p>\n<p style=\"text-align: justify;\">Respecto de esto \u00faltimo, son destacables las medidas destinadas a agilizar el procedimiento ante la Secci\u00f3n Segunda de la Comisi\u00f3n de Propiedad Intelectual contra las infracciones de derechos de autor en el entorno digital y la ejecuci\u00f3n de algunas de las medidas derivadas del mismo, permitiendo as\u00ed la posibilidad de cerrar p\u00e1ginas web que incumplan la ley de propiedad intelectual de manera grave y reiterada, sin necesidad de autorizaci\u00f3n judicial.<\/p>\n<p style=\"text-align: justify;\">Igualmente, se incorpora al ordenamiento jur\u00eddico espa\u00f1ol\u00a0<strong><u>normativa comunitaria<\/u><\/strong>\u00a0para armonizar el uso de obras y prestaciones sin la autorizaci\u00f3n del titular de los derechos en favor\u00a0<strong>de personas con discapacidad<\/strong>\u00a0visual o con otras dificultades para acceder a los textos impresos, a los que se a\u00f1aden los formatos de audio y digitales, a fin de mejorar la disponibilidad y el acceso en formatos accesibles dentro de la Uni\u00f3n Europea.<\/p>\n<p style=\"text-align: justify;\">Otra de las grandes novedades concierne a \u00a0la regulaci\u00f3n en materia de\u00a0<strong>entidades de gesti\u00f3n<\/strong>, que se modifica con el fin de aumentar su transparencia y la gobernanza y gesti\u00f3n de los derechos de propiedad intelectual, para lo que se dota de nuevos instrumentos que mejoraran el control y la rendici\u00f3n de cuentas por los \u00f3rganos de gobierno y representaci\u00f3n de dichas entidades. Al respecto, destaca la limitaci\u00f3n que se establece para que las entidades de gesti\u00f3n no puedan repartir m\u00e1s de un 20 % de lo recaudado por cada autor por la emisi\u00f3n de su obra en un horario con \u201causencia de audiencia significativa\u201d, es decir la que se emite en horario nocturno, limitando as\u00ed las pr\u00e1cticas abusivas como la ya famosa \u201crueda de las televisiones\u201d.<\/p>\n<p style=\"text-align: justify;\">En esta materia, se incorpora tambi\u00e9n como novedad el deber del usuario que deba pagar la tarifa general determinada para derechos exclusivos y\/o de remuneraci\u00f3n por la entidad de gesti\u00f3n correspondiente, de pagar a cuenta el 100 por 100 de la \u00faltima tarifa acordada, o, a falta de un acuerdo anterior, el 50 por 100 de la tarifa general vigente, en caso de cuestionar dicha tarifa por cualquier forma y medio, incluida la mera negativa a pagarla, entendi\u00e9ndose provisionalmente con dicho pago, y hasta la resoluci\u00f3n del conflicto, que la obligaci\u00f3n de pago ha sido cumplida y, en lo que se refiera al derecho exclusivo concedida la autorizaci\u00f3n para su uso.<\/p>\n<p style=\"text-align: justify;\">Por \u00faltimo, se incorporan novedades respecto al\u00a0<strong>derecho de participaci\u00f3n<\/strong>\u00a0de los autores sobre las ventas de sus obras, se modifica la regulaci\u00f3n del pago de los derechos a los escritores y traductores, nacionales y extranjeros, por el\u00a0<strong>pr\u00e9stamo de sus libros en bibliotecas<\/strong>, con el fin de evitar la fragmentaci\u00f3n del pago de esta remuneraci\u00f3n para los autores, y se aclara que\u00a0la reproducci\u00f3n, distribuci\u00f3n o comunicaci\u00f3n p\u00fablica, total o parcial, de art\u00edculos period\u00edsticos aislados en un\u00a0<strong>dossier de prensa<\/strong>\u00a0que tenga lugar dentro de cualquier organizaci\u00f3n requerir\u00e1 la autorizaci\u00f3n de los titulares de derechos.<\/p>\n","protected":false},"excerpt":{"rendered":"<p>El pasado 21 de febrero el Congreso de los Diputados, tras m\u00e1s de un a\u00f1o de idas y venidas, aprob\u00f3 finalmente la reforma de la Ley de Propiedad Intelectual que&#8230;<\/p>\n","protected":false},"author":1,"featured_media":0,"comment_status":"closed","ping_status":"open","sticky":false,"template":"","format":"standard","meta":{"_acf_changed":false,"footnotes":""},"categories":[12],"tags":[],"sector_noticias":[],"class_list":{"0":"post-1200","1":"post","2":"type-post","3":"status-publish","4":"format-standard","6":"category-noticias"},"acf":[],"yoast_head":"<!-- This site is optimized with the Yoast SEO plugin v26.4 - https:\/\/yoast.com\/wordpress\/plugins\/seo\/ -->\n<title>Aprobada la Reforma de la Ley De Propiedad Intelectual - Abril Abogados<\/title>\n<meta name=\"robots\" content=\"index, follow, max-snippet:-1, max-image-preview:large, max-video-preview:-1\" \/>\n<link rel=\"canonical\" href=\"https:\/\/www.abrilabogados.com\/en\/noticias\/aprobada-la-reforma-de-la-ley-de-propiedad-intelectual\/\" \/>\n<meta property=\"og:locale\" content=\"en_US\" \/>\n<meta property=\"og:type\" content=\"article\" \/>\n<meta property=\"og:title\" content=\"Aprobada la Reforma de la Ley De Propiedad Intelectual - Abril Abogados\" \/>\n<meta property=\"og:description\" content=\"El pasado 21 de febrero el Congreso de los Diputados, tras m\u00e1s de un a\u00f1o de idas y venidas, aprob\u00f3 finalmente la reforma de la Ley de Propiedad Intelectual que...\" \/>\n<meta property=\"og:url\" content=\"https:\/\/www.abrilabogados.com\/en\/noticias\/aprobada-la-reforma-de-la-ley-de-propiedad-intelectual\/\" \/>\n<meta property=\"og:site_name\" content=\"Abril Abogados\" \/>\n<meta property=\"article:published_time\" content=\"2019-02-25T23:00:00+00:00\" \/>\n<meta property=\"article:modified_time\" content=\"2026-04-23T20:23:26+00:00\" \/>\n<meta name=\"author\" content=\"admin\" \/>\n<meta name=\"twitter:card\" content=\"summary_large_image\" \/>\n<meta name=\"twitter:label1\" content=\"Written by\" \/>\n\t<meta name=\"twitter:data1\" content=\"admin\" \/>\n\t<meta name=\"twitter:label2\" content=\"Est. reading time\" \/>\n\t<meta name=\"twitter:data2\" content=\"3 minutes\" \/>\n<script type=\"application\/ld+json\" class=\"yoast-schema-graph\">{\"@context\":\"https:\/\/schema.org\",\"@graph\":[{\"@type\":\"WebPage\",\"@id\":\"https:\/\/www.abrilabogados.com\/en\/noticias\/aprobada-la-reforma-de-la-ley-de-propiedad-intelectual\/\",\"url\":\"https:\/\/www.abrilabogados.com\/en\/noticias\/aprobada-la-reforma-de-la-ley-de-propiedad-intelectual\/\",\"name\":\"Aprobada la Reforma de la Ley De Propiedad Intelectual - Abril Abogados\",\"isPartOf\":{\"@id\":\"https:\/\/www.abrilabogados.com\/en\/#website\"},\"datePublished\":\"2019-02-25T23:00:00+00:00\",\"dateModified\":\"2026-04-23T20:23:26+00:00\",\"author\":{\"@id\":\"https:\/\/www.abrilabogados.com\/en\/#\/schema\/person\/750a358f28e46d5003b31222bddd9ed8\"},\"breadcrumb\":{\"@id\":\"https:\/\/www.abrilabogados.com\/en\/noticias\/aprobada-la-reforma-de-la-ley-de-propiedad-intelectual\/#breadcrumb\"},\"inLanguage\":\"en-US\",\"potentialAction\":[{\"@type\":\"ReadAction\",\"target\":[\"https:\/\/www.abrilabogados.com\/en\/noticias\/aprobada-la-reforma-de-la-ley-de-propiedad-intelectual\/\"]}]},{\"@type\":\"BreadcrumbList\",\"@id\":\"https:\/\/www.abrilabogados.com\/en\/noticias\/aprobada-la-reforma-de-la-ley-de-propiedad-intelectual\/#breadcrumb\",\"itemListElement\":[{\"@type\":\"ListItem\",\"position\":1,\"name\":\"Abril Abogados News\",\"item\":\"\/en\/noticias\/\"},{\"@type\":\"ListItem\",\"position\":2,\"name\":\"Aprobada la Reforma de la Ley De Propiedad Intelectual\"}]},{\"@type\":\"WebSite\",\"@id\":\"https:\/\/www.abrilabogados.com\/en\/#website\",\"url\":\"https:\/\/www.abrilabogados.com\/en\/\",\"name\":\"Abril Abogados\",\"description\":\"\",\"potentialAction\":[{\"@type\":\"SearchAction\",\"target\":{\"@type\":\"EntryPoint\",\"urlTemplate\":\"https:\/\/www.abrilabogados.com\/en\/?s={search_term_string}\"},\"query-input\":{\"@type\":\"PropertyValueSpecification\",\"valueRequired\":true,\"valueName\":\"search_term_string\"}}],\"inLanguage\":\"en-US\"},{\"@type\":\"Person\",\"@id\":\"https:\/\/www.abrilabogados.com\/en\/#\/schema\/person\/750a358f28e46d5003b31222bddd9ed8\",\"name\":\"admin\",\"image\":{\"@type\":\"ImageObject\",\"inLanguage\":\"en-US\",\"@id\":\"https:\/\/www.abrilabogados.com\/en\/#\/schema\/person\/image\/\",\"url\":\"https:\/\/secure.gravatar.com\/avatar\/52d6bc19e862502e6ff2f700f23c607b54491a2d4a05fc0f2a79b8077f4bc25c?s=96&d=mm&r=g\",\"contentUrl\":\"https:\/\/secure.gravatar.com\/avatar\/52d6bc19e862502e6ff2f700f23c607b54491a2d4a05fc0f2a79b8077f4bc25c?s=96&d=mm&r=g\",\"caption\":\"admin\"},\"sameAs\":[\"https:\/\/www.abrilabogados.com\"],\"url\":\"https:\/\/www.abrilabogados.com\/en\/noticias\/author\/charly_wpadmin\/\"}]}<\/script>\n<!-- \/ Yoast SEO plugin. -->","yoast_head_json":{"title":"Aprobada la Reforma de la Ley De Propiedad Intelectual - Abril Abogados","robots":{"index":"index","follow":"follow","max-snippet":"max-snippet:-1","max-image-preview":"max-image-preview:large","max-video-preview":"max-video-preview:-1"},"canonical":"https:\/\/www.abrilabogados.com\/en\/noticias\/aprobada-la-reforma-de-la-ley-de-propiedad-intelectual\/","og_locale":"en_US","og_type":"article","og_title":"Aprobada la Reforma de la Ley De Propiedad Intelectual - Abril Abogados","og_description":"El pasado 21 de febrero el Congreso de los Diputados, tras m\u00e1s de un a\u00f1o de idas y venidas, aprob\u00f3 finalmente la reforma de la Ley de Propiedad Intelectual que...","og_url":"https:\/\/www.abrilabogados.com\/en\/noticias\/aprobada-la-reforma-de-la-ley-de-propiedad-intelectual\/","og_site_name":"Abril Abogados","article_published_time":"2019-02-25T23:00:00+00:00","article_modified_time":"2026-04-23T20:23:26+00:00","author":"admin","twitter_card":"summary_large_image","twitter_misc":{"Written by":"admin","Est. reading time":"3 minutes"},"schema":{"@context":"https:\/\/schema.org","@graph":[{"@type":"WebPage","@id":"https:\/\/www.abrilabogados.com\/en\/noticias\/aprobada-la-reforma-de-la-ley-de-propiedad-intelectual\/","url":"https:\/\/www.abrilabogados.com\/en\/noticias\/aprobada-la-reforma-de-la-ley-de-propiedad-intelectual\/","name":"Aprobada la Reforma de la Ley De Propiedad Intelectual - Abril Abogados","isPartOf":{"@id":"https:\/\/www.abrilabogados.com\/en\/#website"},"datePublished":"2019-02-25T23:00:00+00:00","dateModified":"2026-04-23T20:23:26+00:00","author":{"@id":"https:\/\/www.abrilabogados.com\/en\/#\/schema\/person\/750a358f28e46d5003b31222bddd9ed8"},"breadcrumb":{"@id":"https:\/\/www.abrilabogados.com\/en\/noticias\/aprobada-la-reforma-de-la-ley-de-propiedad-intelectual\/#breadcrumb"},"inLanguage":"en-US","potentialAction":[{"@type":"ReadAction","target":["https:\/\/www.abrilabogados.com\/en\/noticias\/aprobada-la-reforma-de-la-ley-de-propiedad-intelectual\/"]}]},{"@type":"BreadcrumbList","@id":"https:\/\/www.abrilabogados.com\/en\/noticias\/aprobada-la-reforma-de-la-ley-de-propiedad-intelectual\/#breadcrumb","itemListElement":[{"@type":"ListItem","position":1,"name":"Abril Abogados News","item":"\/en\/noticias\/"},{"@type":"ListItem","position":2,"name":"Aprobada la Reforma de la Ley De Propiedad Intelectual"}]},{"@type":"WebSite","@id":"https:\/\/www.abrilabogados.com\/en\/#website","url":"https:\/\/www.abrilabogados.com\/en\/","name":"Abril Abogados","description":"","potentialAction":[{"@type":"SearchAction","target":{"@type":"EntryPoint","urlTemplate":"https:\/\/www.abrilabogados.com\/en\/?s={search_term_string}"},"query-input":{"@type":"PropertyValueSpecification","valueRequired":true,"valueName":"search_term_string"}}],"inLanguage":"en-US"},{"@type":"Person","@id":"https:\/\/www.abrilabogados.com\/en\/#\/schema\/person\/750a358f28e46d5003b31222bddd9ed8","name":"admin","image":{"@type":"ImageObject","inLanguage":"en-US","@id":"https:\/\/www.abrilabogados.com\/en\/#\/schema\/person\/image\/","url":"https:\/\/secure.gravatar.com\/avatar\/52d6bc19e862502e6ff2f700f23c607b54491a2d4a05fc0f2a79b8077f4bc25c?s=96&d=mm&r=g","contentUrl":"https:\/\/secure.gravatar.com\/avatar\/52d6bc19e862502e6ff2f700f23c607b54491a2d4a05fc0f2a79b8077f4bc25c?s=96&d=mm&r=g","caption":"admin"},"sameAs":["https:\/\/www.abrilabogados.com"],"url":"https:\/\/www.abrilabogados.com\/en\/noticias\/author\/charly_wpadmin\/"}]}},"_links":{"self":[{"href":"https:\/\/www.abrilabogados.com\/en\/wp-json\/wp\/v2\/posts\/1200","targetHints":{"allow":["GET"]}}],"collection":[{"href":"https:\/\/www.abrilabogados.com\/en\/wp-json\/wp\/v2\/posts"}],"about":[{"href":"https:\/\/www.abrilabogados.com\/en\/wp-json\/wp\/v2\/types\/post"}],"author":[{"embeddable":true,"href":"https:\/\/www.abrilabogados.com\/en\/wp-json\/wp\/v2\/users\/1"}],"replies":[{"embeddable":true,"href":"https:\/\/www.abrilabogados.com\/en\/wp-json\/wp\/v2\/comments?post=1200"}],"version-history":[{"count":1,"href":"https:\/\/www.abrilabogados.com\/en\/wp-json\/wp\/v2\/posts\/1200\/revisions"}],"predecessor-version":[{"id":3821,"href":"https:\/\/www.abrilabogados.com\/en\/wp-json\/wp\/v2\/posts\/1200\/revisions\/3821"}],"wp:attachment":[{"href":"https:\/\/www.abrilabogados.com\/en\/wp-json\/wp\/v2\/media?parent=1200"}],"wp:term":[{"taxonomy":"category","embeddable":true,"href":"https:\/\/www.abrilabogados.com\/en\/wp-json\/wp\/v2\/categories?post=1200"},{"taxonomy":"post_tag","embeddable":true,"href":"https:\/\/www.abrilabogados.com\/en\/wp-json\/wp\/v2\/tags?post=1200"},{"taxonomy":"sector_noticias","embeddable":true,"href":"https:\/\/www.abrilabogados.com\/en\/wp-json\/wp\/v2\/sector_noticias?post=1200"}],"curies":[{"name":"wp","href":"https:\/\/api.w.org\/{rel}","templated":true}]}}