{"id":1206,"date":"2019-01-07T00:00:00","date_gmt":"2019-01-06T23:00:00","guid":{"rendered":"https:\/\/www.abrilabogados.com\/descuentos-en-tasas-relativas-al-pct-para-solicitantes-latinoamericanos\/"},"modified":"2026-04-23T22:23:27","modified_gmt":"2026-04-23T20:23:27","slug":"descuentos-en-tasas-relativas-al-pct-para-solicitantes-latinoamericanos","status":"publish","type":"post","link":"https:\/\/www.abrilabogados.com\/en\/noticias\/descuentos-en-tasas-relativas-al-pct-para-solicitantes-latinoamericanos\/","title":{"rendered":"Descuentos en tasas relativas al PCT para solicitantes Latinoamericanos"},"content":{"rendered":"<p>La OEPM es una Administraci\u00f3n encargada de realizar B\u00fasqueda Internacional (ISA) y es una Administraci\u00f3n de Examen Preliminar Internacional (IPEA), lo que le convierte en la Oficina de referencia en la realizaci\u00f3n de b\u00fasquedas y ex\u00e1menes preliminares internacionales en espa\u00f1ol.<!--more--><\/p>\n<p>En este contexto, cara al fomento de las solicitudes PCT, se ha publicado unos descuentos para solicitantes Latinoamericanos que seleccionen la OEPM como ISA,\u00a0en concreto:<\/p>\n<p>*\u00a075% de descuento en la tasa de b\u00fasqueda;<\/p>\n<p>*\u00a075% de descuento en la tasa de examen preliminar; y<\/p>\n<p>*\u00a0adicionalmente se propone un descuento en la tasa de b\u00fasqueda europea en caso de solicitud de una EuroPCT siempre que la OEPM haya sido la ISA.<\/p>\n<p>Estos descuentos son efectivos para invenciones en los que la nacionalidad del solicitante(s) sea de Bolivia, Brasil, Colombia, Costa Rica, Cuba, Rep. Dominicana, Ecuador, Guatemala, Honduras, Hait\u00ed, M\u00e9xico, Nicaragua, Per\u00fa, Paraguay, El Salvador y\/o Venezuela.<\/p>\n<p>Para m\u00e1s informaci\u00f3n no duden en consultarnos<\/p>\n","protected":false},"excerpt":{"rendered":"<p>La OEPM es una Administraci\u00f3n encargada de realizar B\u00fasqueda Internacional (ISA) y es una Administraci\u00f3n de Examen Preliminar Internacional (IPEA), lo que le convierte en la Oficina de referencia en&#8230;<\/p>\n","protected":false},"author":1,"featured_media":0,"comment_status":"closed","ping_status":"open","sticky":false,"template":"","format":"standard","meta":{"_acf_changed":false,"footnotes":""},"categories":[12],"tags":[],"sector_noticias":[],"class_list":{"0":"post-1206","1":"post","2":"type-post","3":"status-publish","4":"format-standard","6":"category-noticias"},"acf":[],"yoast_head":"<!-- This site is optimized with the Yoast SEO plugin v26.4 - https:\/\/yoast.com\/wordpress\/plugins\/seo\/ -->\n<title>Descuentos en tasas relativas al PCT para solicitantes Latinoamericanos - Abril Abogados<\/title>\n<meta name=\"robots\" content=\"index, follow, max-snippet:-1, max-image-preview:large, max-video-preview:-1\" \/>\n<link rel=\"canonical\" href=\"https:\/\/www.abrilabogados.com\/en\/noticias\/descuentos-en-tasas-relativas-al-pct-para-solicitantes-latinoamericanos\/\" \/>\n<meta property=\"og:locale\" content=\"en_US\" \/>\n<meta property=\"og:type\" content=\"article\" \/>\n<meta property=\"og:title\" content=\"Descuentos en tasas relativas al PCT para solicitantes Latinoamericanos - Abril Abogados\" \/>\n<meta property=\"og:description\" content=\"La OEPM es una Administraci\u00f3n encargada de realizar B\u00fasqueda Internacional (ISA) y es una Administraci\u00f3n de Examen Preliminar Internacional (IPEA), lo que le convierte en la Oficina de referencia en...\" \/>\n<meta property=\"og:url\" content=\"https:\/\/www.abrilabogados.com\/en\/noticias\/descuentos-en-tasas-relativas-al-pct-para-solicitantes-latinoamericanos\/\" \/>\n<meta property=\"og:site_name\" content=\"Abril Abogados\" \/>\n<meta property=\"article:published_time\" content=\"2019-01-06T23:00:00+00:00\" \/>\n<meta property=\"article:modified_time\" content=\"2026-04-23T20:23:27+00:00\" \/>\n<meta name=\"author\" content=\"admin\" \/>\n<meta name=\"twitter:card\" content=\"summary_large_image\" \/>\n<meta name=\"twitter:label1\" content=\"Written by\" \/>\n\t<meta name=\"twitter:data1\" content=\"admin\" \/>\n\t<meta name=\"twitter:label2\" content=\"Est. reading time\" \/>\n\t<meta name=\"twitter:data2\" content=\"1 minute\" \/>\n<script type=\"application\/ld+json\" class=\"yoast-schema-graph\">{\"@context\":\"https:\/\/schema.org\",\"@graph\":[{\"@type\":\"WebPage\",\"@id\":\"https:\/\/www.abrilabogados.com\/en\/noticias\/descuentos-en-tasas-relativas-al-pct-para-solicitantes-latinoamericanos\/\",\"url\":\"https:\/\/www.abrilabogados.com\/en\/noticias\/descuentos-en-tasas-relativas-al-pct-para-solicitantes-latinoamericanos\/\",\"name\":\"Descuentos en tasas relativas al PCT para solicitantes Latinoamericanos - Abril Abogados\",\"isPartOf\":{\"@id\":\"https:\/\/www.abrilabogados.com\/en\/#website\"},\"datePublished\":\"2019-01-06T23:00:00+00:00\",\"dateModified\":\"2026-04-23T20:23:27+00:00\",\"author\":{\"@id\":\"https:\/\/www.abrilabogados.com\/en\/#\/schema\/person\/750a358f28e46d5003b31222bddd9ed8\"},\"breadcrumb\":{\"@id\":\"https:\/\/www.abrilabogados.com\/en\/noticias\/descuentos-en-tasas-relativas-al-pct-para-solicitantes-latinoamericanos\/#breadcrumb\"},\"inLanguage\":\"en-US\",\"potentialAction\":[{\"@type\":\"ReadAction\",\"target\":[\"https:\/\/www.abrilabogados.com\/en\/noticias\/descuentos-en-tasas-relativas-al-pct-para-solicitantes-latinoamericanos\/\"]}]},{\"@type\":\"BreadcrumbList\",\"@id\":\"https:\/\/www.abrilabogados.com\/en\/noticias\/descuentos-en-tasas-relativas-al-pct-para-solicitantes-latinoamericanos\/#breadcrumb\",\"itemListElement\":[{\"@type\":\"ListItem\",\"position\":1,\"name\":\"Abril Abogados News\",\"item\":\"\/en\/noticias\/\"},{\"@type\":\"ListItem\",\"position\":2,\"name\":\"Descuentos en tasas relativas al PCT para solicitantes Latinoamericanos\"}]},{\"@type\":\"WebSite\",\"@id\":\"https:\/\/www.abrilabogados.com\/en\/#website\",\"url\":\"https:\/\/www.abrilabogados.com\/en\/\",\"name\":\"Abril Abogados\",\"description\":\"\",\"potentialAction\":[{\"@type\":\"SearchAction\",\"target\":{\"@type\":\"EntryPoint\",\"urlTemplate\":\"https:\/\/www.abrilabogados.com\/en\/?s={search_term_string}\"},\"query-input\":{\"@type\":\"PropertyValueSpecification\",\"valueRequired\":true,\"valueName\":\"search_term_string\"}}],\"inLanguage\":\"en-US\"},{\"@type\":\"Person\",\"@id\":\"https:\/\/www.abrilabogados.com\/en\/#\/schema\/person\/750a358f28e46d5003b31222bddd9ed8\",\"name\":\"admin\",\"image\":{\"@type\":\"ImageObject\",\"inLanguage\":\"en-US\",\"@id\":\"https:\/\/www.abrilabogados.com\/en\/#\/schema\/person\/image\/\",\"url\":\"https:\/\/secure.gravatar.com\/avatar\/52d6bc19e862502e6ff2f700f23c607b54491a2d4a05fc0f2a79b8077f4bc25c?s=96&d=mm&r=g\",\"contentUrl\":\"https:\/\/secure.gravatar.com\/avatar\/52d6bc19e862502e6ff2f700f23c607b54491a2d4a05fc0f2a79b8077f4bc25c?s=96&d=mm&r=g\",\"caption\":\"admin\"},\"sameAs\":[\"https:\/\/www.abrilabogados.com\"],\"url\":\"https:\/\/www.abrilabogados.com\/en\/noticias\/author\/charly_wpadmin\/\"}]}<\/script>\n<!-- \/ Yoast SEO plugin. -->","yoast_head_json":{"title":"Descuentos en tasas relativas al PCT para solicitantes Latinoamericanos - Abril Abogados","robots":{"index":"index","follow":"follow","max-snippet":"max-snippet:-1","max-image-preview":"max-image-preview:large","max-video-preview":"max-video-preview:-1"},"canonical":"https:\/\/www.abrilabogados.com\/en\/noticias\/descuentos-en-tasas-relativas-al-pct-para-solicitantes-latinoamericanos\/","og_locale":"en_US","og_type":"article","og_title":"Descuentos en tasas relativas al PCT para solicitantes Latinoamericanos - Abril Abogados","og_description":"La OEPM es una Administraci\u00f3n encargada de realizar B\u00fasqueda Internacional (ISA) y es una Administraci\u00f3n de Examen Preliminar Internacional (IPEA), lo que le convierte en la Oficina de referencia en...","og_url":"https:\/\/www.abrilabogados.com\/en\/noticias\/descuentos-en-tasas-relativas-al-pct-para-solicitantes-latinoamericanos\/","og_site_name":"Abril Abogados","article_published_time":"2019-01-06T23:00:00+00:00","article_modified_time":"2026-04-23T20:23:27+00:00","author":"admin","twitter_card":"summary_large_image","twitter_misc":{"Written by":"admin","Est. reading time":"1 minute"},"schema":{"@context":"https:\/\/schema.org","@graph":[{"@type":"WebPage","@id":"https:\/\/www.abrilabogados.com\/en\/noticias\/descuentos-en-tasas-relativas-al-pct-para-solicitantes-latinoamericanos\/","url":"https:\/\/www.abrilabogados.com\/en\/noticias\/descuentos-en-tasas-relativas-al-pct-para-solicitantes-latinoamericanos\/","name":"Descuentos en tasas relativas al PCT para solicitantes Latinoamericanos - Abril Abogados","isPartOf":{"@id":"https:\/\/www.abrilabogados.com\/en\/#website"},"datePublished":"2019-01-06T23:00:00+00:00","dateModified":"2026-04-23T20:23:27+00:00","author":{"@id":"https:\/\/www.abrilabogados.com\/en\/#\/schema\/person\/750a358f28e46d5003b31222bddd9ed8"},"breadcrumb":{"@id":"https:\/\/www.abrilabogados.com\/en\/noticias\/descuentos-en-tasas-relativas-al-pct-para-solicitantes-latinoamericanos\/#breadcrumb"},"inLanguage":"en-US","potentialAction":[{"@type":"ReadAction","target":["https:\/\/www.abrilabogados.com\/en\/noticias\/descuentos-en-tasas-relativas-al-pct-para-solicitantes-latinoamericanos\/"]}]},{"@type":"BreadcrumbList","@id":"https:\/\/www.abrilabogados.com\/en\/noticias\/descuentos-en-tasas-relativas-al-pct-para-solicitantes-latinoamericanos\/#breadcrumb","itemListElement":[{"@type":"ListItem","position":1,"name":"Abril Abogados News","item":"\/en\/noticias\/"},{"@type":"ListItem","position":2,"name":"Descuentos en tasas relativas al PCT para solicitantes Latinoamericanos"}]},{"@type":"WebSite","@id":"https:\/\/www.abrilabogados.com\/en\/#website","url":"https:\/\/www.abrilabogados.com\/en\/","name":"Abril Abogados","description":"","potentialAction":[{"@type":"SearchAction","target":{"@type":"EntryPoint","urlTemplate":"https:\/\/www.abrilabogados.com\/en\/?s={search_term_string}"},"query-input":{"@type":"PropertyValueSpecification","valueRequired":true,"valueName":"search_term_string"}}],"inLanguage":"en-US"},{"@type":"Person","@id":"https:\/\/www.abrilabogados.com\/en\/#\/schema\/person\/750a358f28e46d5003b31222bddd9ed8","name":"admin","image":{"@type":"ImageObject","inLanguage":"en-US","@id":"https:\/\/www.abrilabogados.com\/en\/#\/schema\/person\/image\/","url":"https:\/\/secure.gravatar.com\/avatar\/52d6bc19e862502e6ff2f700f23c607b54491a2d4a05fc0f2a79b8077f4bc25c?s=96&d=mm&r=g","contentUrl":"https:\/\/secure.gravatar.com\/avatar\/52d6bc19e862502e6ff2f700f23c607b54491a2d4a05fc0f2a79b8077f4bc25c?s=96&d=mm&r=g","caption":"admin"},"sameAs":["https:\/\/www.abrilabogados.com"],"url":"https:\/\/www.abrilabogados.com\/en\/noticias\/author\/charly_wpadmin\/"}]}},"_links":{"self":[{"href":"https:\/\/www.abrilabogados.com\/en\/wp-json\/wp\/v2\/posts\/1206","targetHints":{"allow":["GET"]}}],"collection":[{"href":"https:\/\/www.abrilabogados.com\/en\/wp-json\/wp\/v2\/posts"}],"about":[{"href":"https:\/\/www.abrilabogados.com\/en\/wp-json\/wp\/v2\/types\/post"}],"author":[{"embeddable":true,"href":"https:\/\/www.abrilabogados.com\/en\/wp-json\/wp\/v2\/users\/1"}],"replies":[{"embeddable":true,"href":"https:\/\/www.abrilabogados.com\/en\/wp-json\/wp\/v2\/comments?post=1206"}],"version-history":[{"count":1,"href":"https:\/\/www.abrilabogados.com\/en\/wp-json\/wp\/v2\/posts\/1206\/revisions"}],"predecessor-version":[{"id":3824,"href":"https:\/\/www.abrilabogados.com\/en\/wp-json\/wp\/v2\/posts\/1206\/revisions\/3824"}],"wp:attachment":[{"href":"https:\/\/www.abrilabogados.com\/en\/wp-json\/wp\/v2\/media?parent=1206"}],"wp:term":[{"taxonomy":"category","embeddable":true,"href":"https:\/\/www.abrilabogados.com\/en\/wp-json\/wp\/v2\/categories?post=1206"},{"taxonomy":"post_tag","embeddable":true,"href":"https:\/\/www.abrilabogados.com\/en\/wp-json\/wp\/v2\/tags?post=1206"},{"taxonomy":"sector_noticias","embeddable":true,"href":"https:\/\/www.abrilabogados.com\/en\/wp-json\/wp\/v2\/sector_noticias?post=1206"}],"curies":[{"name":"wp","href":"https:\/\/api.w.org\/{rel}","templated":true}]}}