{"id":1208,"date":"2019-01-05T00:00:00","date_gmt":"2019-01-04T23:00:00","guid":{"rendered":"https:\/\/www.abrilabogados.com\/la-marca-radiotubers-es-compatible-con-youtube\/"},"modified":"2026-04-23T22:23:27","modified_gmt":"2026-04-23T20:23:27","slug":"la-marca-radiotubers-es-compatible-con-youtube","status":"publish","type":"post","link":"https:\/\/www.abrilabogados.com\/en\/noticias\/la-marca-radiotubers-es-compatible-con-youtube\/","title":{"rendered":"La marca \u201cRADIOTUBERS\u201d es compatible con \u201cYOUTUBE\u201d"},"content":{"rendered":"<p>En mayo del a\u00f1o 2016 la Sociedad Espa\u00f1ola de Radiodifusi\u00f3n (Cadena SER) solicit\u00f3 el registro de su marca \u201cRADIO TUBERS Los 40\u201d para identificar servicios de las clases 35, 38 y 41. La marca incorporaba un llamativo distintivo que inclu\u00eda adem\u00e1s el logo de la famosa cadena radio-musical \u201cLos 40\u201d.<!--more--><\/p>\n<p>La compa\u00f1\u00eda estadounidense Google se opuso en plazo a esta solicitud, invocando la confusi\u00f3n que a su juicio se podr\u00eda producir con los registros de su marca \u201cYouTube\u201d, protegidos entre otras en las clases designadas.<\/p>\n<p>La Oficina Espa\u00f1ola de Patentes y Marcas estim\u00f3 dicha oposici\u00f3n, denegado la solicitud de la Cadena SER, al igual que el recurso de alzada posterior que present\u00f3 tratando de que se revisar\u00e1 la denegaci\u00f3n.<\/p>\n<p>A pesar de sendos precedentes negativos, la justicia da ahora la raz\u00f3n a la empresa solicitante, ya que el recurso contencioso-administrativo presentado contra la decisi\u00f3n de la OEPM ha sido \u00edntegramente estimado por el Tribunal Superior de Justicia de Madrid. En sentencia de 24 de octubre de 2018, este Tribunal ha declarado err\u00f3nea la apreciaci\u00f3n de la Oficina de Marcas considerando que la mera coincidencia de los sufijos \u201cTUBERS\u201d y \u201cTUBE\u201d no es suficiente para declarar incompatibles los signos en pugna, ya que la fuerza distintiva no se concentra en dicha ra\u00edz fon\u00e9tica, existiendo adem\u00e1s otra serie de diferencias que permiten en una visi\u00f3n de conjunto diferenciar ambas marcas.<\/p>\n<p>La Cadena SER ha sido representada por ABRIL ABOGADOS en este procedimiento judicial.<\/p>\n","protected":false},"excerpt":{"rendered":"<p>En mayo del a\u00f1o 2016 la Sociedad Espa\u00f1ola de Radiodifusi\u00f3n (Cadena SER) solicit\u00f3 el registro de su marca \u201cRADIO TUBERS Los 40\u201d para identificar servicios de las clases 35, 38&#8230;<\/p>\n","protected":false},"author":1,"featured_media":0,"comment_status":"closed","ping_status":"open","sticky":false,"template":"","format":"standard","meta":{"_acf_changed":false,"footnotes":""},"categories":[12],"tags":[],"sector_noticias":[],"class_list":{"0":"post-1208","1":"post","2":"type-post","3":"status-publish","4":"format-standard","6":"category-noticias"},"acf":[],"yoast_head":"<!-- This site is optimized with the Yoast SEO plugin v26.4 - https:\/\/yoast.com\/wordpress\/plugins\/seo\/ -->\n<title>La marca \u201cRADIOTUBERS\u201d es compatible con \u201cYOUTUBE\u201d - Abril Abogados<\/title>\n<meta name=\"robots\" content=\"index, follow, max-snippet:-1, max-image-preview:large, max-video-preview:-1\" \/>\n<link rel=\"canonical\" href=\"https:\/\/www.abrilabogados.com\/en\/noticias\/la-marca-radiotubers-es-compatible-con-youtube\/\" \/>\n<meta property=\"og:locale\" content=\"en_US\" \/>\n<meta property=\"og:type\" content=\"article\" \/>\n<meta property=\"og:title\" content=\"La marca \u201cRADIOTUBERS\u201d es compatible con \u201cYOUTUBE\u201d - Abril Abogados\" \/>\n<meta property=\"og:description\" content=\"En mayo del a\u00f1o 2016 la Sociedad Espa\u00f1ola de Radiodifusi\u00f3n (Cadena SER) solicit\u00f3 el registro de su marca \u201cRADIO TUBERS Los 40\u201d para identificar servicios de las clases 35, 38...\" \/>\n<meta property=\"og:url\" content=\"https:\/\/www.abrilabogados.com\/en\/noticias\/la-marca-radiotubers-es-compatible-con-youtube\/\" \/>\n<meta property=\"og:site_name\" content=\"Abril Abogados\" \/>\n<meta property=\"article:published_time\" content=\"2019-01-04T23:00:00+00:00\" \/>\n<meta property=\"article:modified_time\" content=\"2026-04-23T20:23:27+00:00\" \/>\n<meta name=\"author\" content=\"admin\" \/>\n<meta name=\"twitter:card\" content=\"summary_large_image\" \/>\n<meta name=\"twitter:label1\" content=\"Written by\" \/>\n\t<meta name=\"twitter:data1\" content=\"admin\" \/>\n\t<meta name=\"twitter:label2\" content=\"Est. reading time\" \/>\n\t<meta name=\"twitter:data2\" content=\"1 minute\" \/>\n<script type=\"application\/ld+json\" class=\"yoast-schema-graph\">{\"@context\":\"https:\/\/schema.org\",\"@graph\":[{\"@type\":\"WebPage\",\"@id\":\"https:\/\/www.abrilabogados.com\/en\/noticias\/la-marca-radiotubers-es-compatible-con-youtube\/\",\"url\":\"https:\/\/www.abrilabogados.com\/en\/noticias\/la-marca-radiotubers-es-compatible-con-youtube\/\",\"name\":\"La marca \u201cRADIOTUBERS\u201d es compatible con \u201cYOUTUBE\u201d - Abril Abogados\",\"isPartOf\":{\"@id\":\"https:\/\/www.abrilabogados.com\/en\/#website\"},\"datePublished\":\"2019-01-04T23:00:00+00:00\",\"dateModified\":\"2026-04-23T20:23:27+00:00\",\"author\":{\"@id\":\"https:\/\/www.abrilabogados.com\/en\/#\/schema\/person\/750a358f28e46d5003b31222bddd9ed8\"},\"breadcrumb\":{\"@id\":\"https:\/\/www.abrilabogados.com\/en\/noticias\/la-marca-radiotubers-es-compatible-con-youtube\/#breadcrumb\"},\"inLanguage\":\"en-US\",\"potentialAction\":[{\"@type\":\"ReadAction\",\"target\":[\"https:\/\/www.abrilabogados.com\/en\/noticias\/la-marca-radiotubers-es-compatible-con-youtube\/\"]}]},{\"@type\":\"BreadcrumbList\",\"@id\":\"https:\/\/www.abrilabogados.com\/en\/noticias\/la-marca-radiotubers-es-compatible-con-youtube\/#breadcrumb\",\"itemListElement\":[{\"@type\":\"ListItem\",\"position\":1,\"name\":\"Abril Abogados News\",\"item\":\"\/en\/noticias\/\"},{\"@type\":\"ListItem\",\"position\":2,\"name\":\"La marca \u201cRADIOTUBERS\u201d es compatible con \u201cYOUTUBE\u201d\"}]},{\"@type\":\"WebSite\",\"@id\":\"https:\/\/www.abrilabogados.com\/en\/#website\",\"url\":\"https:\/\/www.abrilabogados.com\/en\/\",\"name\":\"Abril Abogados\",\"description\":\"\",\"potentialAction\":[{\"@type\":\"SearchAction\",\"target\":{\"@type\":\"EntryPoint\",\"urlTemplate\":\"https:\/\/www.abrilabogados.com\/en\/?s={search_term_string}\"},\"query-input\":{\"@type\":\"PropertyValueSpecification\",\"valueRequired\":true,\"valueName\":\"search_term_string\"}}],\"inLanguage\":\"en-US\"},{\"@type\":\"Person\",\"@id\":\"https:\/\/www.abrilabogados.com\/en\/#\/schema\/person\/750a358f28e46d5003b31222bddd9ed8\",\"name\":\"admin\",\"image\":{\"@type\":\"ImageObject\",\"inLanguage\":\"en-US\",\"@id\":\"https:\/\/www.abrilabogados.com\/en\/#\/schema\/person\/image\/\",\"url\":\"https:\/\/secure.gravatar.com\/avatar\/52d6bc19e862502e6ff2f700f23c607b54491a2d4a05fc0f2a79b8077f4bc25c?s=96&d=mm&r=g\",\"contentUrl\":\"https:\/\/secure.gravatar.com\/avatar\/52d6bc19e862502e6ff2f700f23c607b54491a2d4a05fc0f2a79b8077f4bc25c?s=96&d=mm&r=g\",\"caption\":\"admin\"},\"sameAs\":[\"https:\/\/www.abrilabogados.com\"],\"url\":\"https:\/\/www.abrilabogados.com\/en\/noticias\/author\/charly_wpadmin\/\"}]}<\/script>\n<!-- \/ Yoast SEO plugin. -->","yoast_head_json":{"title":"La marca \u201cRADIOTUBERS\u201d es compatible con \u201cYOUTUBE\u201d - Abril Abogados","robots":{"index":"index","follow":"follow","max-snippet":"max-snippet:-1","max-image-preview":"max-image-preview:large","max-video-preview":"max-video-preview:-1"},"canonical":"https:\/\/www.abrilabogados.com\/en\/noticias\/la-marca-radiotubers-es-compatible-con-youtube\/","og_locale":"en_US","og_type":"article","og_title":"La marca \u201cRADIOTUBERS\u201d es compatible con \u201cYOUTUBE\u201d - Abril Abogados","og_description":"En mayo del a\u00f1o 2016 la Sociedad Espa\u00f1ola de Radiodifusi\u00f3n (Cadena SER) solicit\u00f3 el registro de su marca \u201cRADIO TUBERS Los 40\u201d para identificar servicios de las clases 35, 38...","og_url":"https:\/\/www.abrilabogados.com\/en\/noticias\/la-marca-radiotubers-es-compatible-con-youtube\/","og_site_name":"Abril Abogados","article_published_time":"2019-01-04T23:00:00+00:00","article_modified_time":"2026-04-23T20:23:27+00:00","author":"admin","twitter_card":"summary_large_image","twitter_misc":{"Written by":"admin","Est. reading time":"1 minute"},"schema":{"@context":"https:\/\/schema.org","@graph":[{"@type":"WebPage","@id":"https:\/\/www.abrilabogados.com\/en\/noticias\/la-marca-radiotubers-es-compatible-con-youtube\/","url":"https:\/\/www.abrilabogados.com\/en\/noticias\/la-marca-radiotubers-es-compatible-con-youtube\/","name":"La marca \u201cRADIOTUBERS\u201d es compatible con \u201cYOUTUBE\u201d - Abril Abogados","isPartOf":{"@id":"https:\/\/www.abrilabogados.com\/en\/#website"},"datePublished":"2019-01-04T23:00:00+00:00","dateModified":"2026-04-23T20:23:27+00:00","author":{"@id":"https:\/\/www.abrilabogados.com\/en\/#\/schema\/person\/750a358f28e46d5003b31222bddd9ed8"},"breadcrumb":{"@id":"https:\/\/www.abrilabogados.com\/en\/noticias\/la-marca-radiotubers-es-compatible-con-youtube\/#breadcrumb"},"inLanguage":"en-US","potentialAction":[{"@type":"ReadAction","target":["https:\/\/www.abrilabogados.com\/en\/noticias\/la-marca-radiotubers-es-compatible-con-youtube\/"]}]},{"@type":"BreadcrumbList","@id":"https:\/\/www.abrilabogados.com\/en\/noticias\/la-marca-radiotubers-es-compatible-con-youtube\/#breadcrumb","itemListElement":[{"@type":"ListItem","position":1,"name":"Abril Abogados News","item":"\/en\/noticias\/"},{"@type":"ListItem","position":2,"name":"La marca \u201cRADIOTUBERS\u201d es compatible con \u201cYOUTUBE\u201d"}]},{"@type":"WebSite","@id":"https:\/\/www.abrilabogados.com\/en\/#website","url":"https:\/\/www.abrilabogados.com\/en\/","name":"Abril Abogados","description":"","potentialAction":[{"@type":"SearchAction","target":{"@type":"EntryPoint","urlTemplate":"https:\/\/www.abrilabogados.com\/en\/?s={search_term_string}"},"query-input":{"@type":"PropertyValueSpecification","valueRequired":true,"valueName":"search_term_string"}}],"inLanguage":"en-US"},{"@type":"Person","@id":"https:\/\/www.abrilabogados.com\/en\/#\/schema\/person\/750a358f28e46d5003b31222bddd9ed8","name":"admin","image":{"@type":"ImageObject","inLanguage":"en-US","@id":"https:\/\/www.abrilabogados.com\/en\/#\/schema\/person\/image\/","url":"https:\/\/secure.gravatar.com\/avatar\/52d6bc19e862502e6ff2f700f23c607b54491a2d4a05fc0f2a79b8077f4bc25c?s=96&d=mm&r=g","contentUrl":"https:\/\/secure.gravatar.com\/avatar\/52d6bc19e862502e6ff2f700f23c607b54491a2d4a05fc0f2a79b8077f4bc25c?s=96&d=mm&r=g","caption":"admin"},"sameAs":["https:\/\/www.abrilabogados.com"],"url":"https:\/\/www.abrilabogados.com\/en\/noticias\/author\/charly_wpadmin\/"}]}},"_links":{"self":[{"href":"https:\/\/www.abrilabogados.com\/en\/wp-json\/wp\/v2\/posts\/1208","targetHints":{"allow":["GET"]}}],"collection":[{"href":"https:\/\/www.abrilabogados.com\/en\/wp-json\/wp\/v2\/posts"}],"about":[{"href":"https:\/\/www.abrilabogados.com\/en\/wp-json\/wp\/v2\/types\/post"}],"author":[{"embeddable":true,"href":"https:\/\/www.abrilabogados.com\/en\/wp-json\/wp\/v2\/users\/1"}],"replies":[{"embeddable":true,"href":"https:\/\/www.abrilabogados.com\/en\/wp-json\/wp\/v2\/comments?post=1208"}],"version-history":[{"count":1,"href":"https:\/\/www.abrilabogados.com\/en\/wp-json\/wp\/v2\/posts\/1208\/revisions"}],"predecessor-version":[{"id":3825,"href":"https:\/\/www.abrilabogados.com\/en\/wp-json\/wp\/v2\/posts\/1208\/revisions\/3825"}],"wp:attachment":[{"href":"https:\/\/www.abrilabogados.com\/en\/wp-json\/wp\/v2\/media?parent=1208"}],"wp:term":[{"taxonomy":"category","embeddable":true,"href":"https:\/\/www.abrilabogados.com\/en\/wp-json\/wp\/v2\/categories?post=1208"},{"taxonomy":"post_tag","embeddable":true,"href":"https:\/\/www.abrilabogados.com\/en\/wp-json\/wp\/v2\/tags?post=1208"},{"taxonomy":"sector_noticias","embeddable":true,"href":"https:\/\/www.abrilabogados.com\/en\/wp-json\/wp\/v2\/sector_noticias?post=1208"}],"curies":[{"name":"wp","href":"https:\/\/api.w.org\/{rel}","templated":true}]}}