{"id":1217,"date":"2018-11-28T00:00:00","date_gmt":"2018-11-27T23:00:00","guid":{"rendered":"https:\/\/www.abrilabogados.com\/se-aprueba-definitivamente-la-nueva-ley-organica-de-proteccion-de-datos\/"},"modified":"2026-04-23T22:23:28","modified_gmt":"2026-04-23T20:23:28","slug":"se-aprueba-definitivamente-la-nueva-ley-organica-de-proteccion-de-datos","status":"publish","type":"post","link":"https:\/\/www.abrilabogados.com\/en\/noticias\/se-aprueba-definitivamente-la-nueva-ley-organica-de-proteccion-de-datos\/","title":{"rendered":"Se aprueba definitivamente la nueva Ley Org\u00e1nica de Protecci\u00f3n de Datos"},"content":{"rendered":"<p>El pasado 21 de noviembre el Senado aprob\u00f3 el Proyecto de Ley Org\u00e1nica de Protecci\u00f3n de Datos Personales y Garant\u00eda de los Derechos Digitales. Con este tr\u00e1mite, la nueva ley queda aprobada definitivamente por las Cortes Generales y solo resta su publicaci\u00f3n en el Bolet\u00edn Oficial del Estado, para que sea efectiva.<\/p>\n<div>La nueva ley viene a desarrollar y completar al Reglamento (UE) 2016\/679 Del Parlamento Europeo y del Consejo, de 27 de abril de 2016 (RGPD) que entr\u00f3 en vigor el 25 de mayo de 2016 y cuya aplicaci\u00f3n directa es efectiva en Espa\u00f1a desde el 25 de mayo de 2018.<\/div>\n<p>Hemos analizado dicha Ley haciendo hincapi\u00e9 en los aspectos m\u00e1s relevantes de la misma.<\/p>\n<ul>\n<li>Introduce un nuevo t\u00edtulo relativo a los \u201c<strong>nuevos derechos digitales<\/strong>\u201d, en el que son objeto de regulaci\u00f3n los derechos y libertades asociados al entorno de Internet como la <strong>neutralidad de la Red<\/strong> y el acceso universal, o los <strong>derechos a la seguridad y educaci\u00f3n digital<\/strong>, as\u00ed como los d<strong>erechos al olvido, a la portabilidad y al testamento digital<\/strong>. Destaca particularmente el reconocimiento del <strong>derecho a la desconexi\u00f3n digital<\/strong> en el marco del derecho a la intimidad en el uso de los dispositivos digitales en el \u00e1mbito laboral y la p<strong>rotecci\u00f3n de los menores en Internet<\/strong>. Asimismo, destaca la garant\u00eda de la <strong>libertad de expresi\u00f3n<\/strong> y el <strong>derecho a la rectificaci\u00f3n de informaciones en medios de comunicaci\u00f3n digitales<\/strong>.<\/li>\n<li>Modifica la Ley Org\u00e1nica del R\u00e9gimen Electoral General (LOREG) introduciendo a trav\u00e9s del art\u00edculo 58 bis un tratamiento especial a los partidos pol\u00edticos, que quedan legitimados para r<strong>ecoger datos sobre opiniones pol\u00edticas de los ciudadanos<\/strong> &#8220;obtenidos en p\u00e1ginas web y otras fuentes de acceso p\u00fablico para la realizaci\u00f3n de actividades pol\u00edticas durante el periodo electoral&#8221;. Se permite igualmente a los partidos enviar <strong>propaganda electoral<\/strong> &#8220;por medios electr\u00f3nicos o sistemas de mensajer\u00eda&#8221;, as\u00ed como a trav\u00e9s de &#8220;redes sociales o medios equivalentes&#8221;, sin que estas comunicaciones sean consideradas comerciales.<\/li>\n<li>Otra novedad a destacar es la regulaci\u00f3n del &#8220;<strong>bloqueo de datos<\/strong>&#8220;, concepto olvidado por el RGPD pero que la LOPD ahora define como la \u201cidentificaci\u00f3n y reserva de los mismos, adoptando medidas t\u00e9cnicas y organizativas, para impedir su tratamiento, incluyendo su visualizaci\u00f3n, excepto para la puesta a disposici\u00f3n de los datos a los jueces y tribunales, el Ministerio Fiscal o las Administraciones P\u00fablicas competentes, en particular de las autoridades de protecci\u00f3n de datos, para la exigencia de posibles responsabilidades derivadas del tratamiento y s\u00f3lo por el plazo de prescripci\u00f3n de las mismas\u201d.<\/li>\n<li>Adem\u00e1s, la nueva Ley fija la edad para prestar el consentimiento a partir de los <strong>14 a\u00f1os<\/strong> y no 13 como en la anterior redacci\u00f3n, corrobora lo se\u00f1alado por la AEPD en su Gu\u00eda sobre el deber de informar se\u00f1alando que la informaci\u00f3n al interesado deber\u00e1 presentarse mediante un sistema de <strong>informaci\u00f3n por capas<\/strong>, y contempla como<strong> atenuante <\/strong>para la graduaci\u00f3n de la sanci\u00f3n que el responsable disponga de un <strong>DPO<\/strong>, as\u00ed como el sometimiento a <strong>mecanismos de resoluci\u00f3n alternativa de conflictos<\/strong>.<\/li>\n<\/ul>\n","protected":false},"excerpt":{"rendered":"<p>El pasado 21 de noviembre el Senado aprob\u00f3 el Proyecto de Ley Org\u00e1nica de Protecci\u00f3n de Datos Personales y Garant\u00eda de los Derechos Digitales. Con este tr\u00e1mite, la nueva ley&#8230;<\/p>\n","protected":false},"author":1,"featured_media":0,"comment_status":"closed","ping_status":"open","sticky":false,"template":"","format":"standard","meta":{"_acf_changed":false,"footnotes":""},"categories":[12],"tags":[],"sector_noticias":[],"class_list":{"0":"post-1217","1":"post","2":"type-post","3":"status-publish","4":"format-standard","6":"category-noticias"},"acf":[],"yoast_head":"<!-- This site is optimized with the Yoast SEO plugin v26.4 - https:\/\/yoast.com\/wordpress\/plugins\/seo\/ -->\n<title>Se aprueba definitivamente la nueva Ley Org\u00e1nica de Protecci\u00f3n de Datos - Abril Abogados<\/title>\n<meta name=\"robots\" content=\"index, follow, max-snippet:-1, max-image-preview:large, max-video-preview:-1\" \/>\n<link rel=\"canonical\" href=\"https:\/\/www.abrilabogados.com\/en\/noticias\/se-aprueba-definitivamente-la-nueva-ley-organica-de-proteccion-de-datos\/\" \/>\n<meta property=\"og:locale\" content=\"en_US\" \/>\n<meta property=\"og:type\" content=\"article\" \/>\n<meta property=\"og:title\" content=\"Se aprueba definitivamente la nueva Ley Org\u00e1nica de Protecci\u00f3n de Datos - Abril Abogados\" \/>\n<meta property=\"og:description\" content=\"El pasado 21 de noviembre el Senado aprob\u00f3 el Proyecto de Ley Org\u00e1nica de Protecci\u00f3n de Datos Personales y Garant\u00eda de los Derechos Digitales. Con este tr\u00e1mite, la nueva ley...\" \/>\n<meta property=\"og:url\" content=\"https:\/\/www.abrilabogados.com\/en\/noticias\/se-aprueba-definitivamente-la-nueva-ley-organica-de-proteccion-de-datos\/\" \/>\n<meta property=\"og:site_name\" content=\"Abril Abogados\" \/>\n<meta property=\"article:published_time\" content=\"2018-11-27T23:00:00+00:00\" \/>\n<meta property=\"article:modified_time\" content=\"2026-04-23T20:23:28+00:00\" \/>\n<meta name=\"author\" content=\"admin\" \/>\n<meta name=\"twitter:card\" content=\"summary_large_image\" \/>\n<meta name=\"twitter:label1\" content=\"Written by\" \/>\n\t<meta name=\"twitter:data1\" content=\"admin\" \/>\n\t<meta name=\"twitter:label2\" content=\"Est. reading time\" \/>\n\t<meta name=\"twitter:data2\" content=\"3 minutes\" \/>\n<script type=\"application\/ld+json\" class=\"yoast-schema-graph\">{\"@context\":\"https:\/\/schema.org\",\"@graph\":[{\"@type\":\"WebPage\",\"@id\":\"https:\/\/www.abrilabogados.com\/en\/noticias\/se-aprueba-definitivamente-la-nueva-ley-organica-de-proteccion-de-datos\/\",\"url\":\"https:\/\/www.abrilabogados.com\/en\/noticias\/se-aprueba-definitivamente-la-nueva-ley-organica-de-proteccion-de-datos\/\",\"name\":\"Se aprueba definitivamente la nueva Ley Org\u00e1nica de Protecci\u00f3n de Datos - Abril Abogados\",\"isPartOf\":{\"@id\":\"https:\/\/www.abrilabogados.com\/en\/#website\"},\"datePublished\":\"2018-11-27T23:00:00+00:00\",\"dateModified\":\"2026-04-23T20:23:28+00:00\",\"author\":{\"@id\":\"https:\/\/www.abrilabogados.com\/en\/#\/schema\/person\/750a358f28e46d5003b31222bddd9ed8\"},\"breadcrumb\":{\"@id\":\"https:\/\/www.abrilabogados.com\/en\/noticias\/se-aprueba-definitivamente-la-nueva-ley-organica-de-proteccion-de-datos\/#breadcrumb\"},\"inLanguage\":\"en-US\",\"potentialAction\":[{\"@type\":\"ReadAction\",\"target\":[\"https:\/\/www.abrilabogados.com\/en\/noticias\/se-aprueba-definitivamente-la-nueva-ley-organica-de-proteccion-de-datos\/\"]}]},{\"@type\":\"BreadcrumbList\",\"@id\":\"https:\/\/www.abrilabogados.com\/en\/noticias\/se-aprueba-definitivamente-la-nueva-ley-organica-de-proteccion-de-datos\/#breadcrumb\",\"itemListElement\":[{\"@type\":\"ListItem\",\"position\":1,\"name\":\"Abril Abogados News\",\"item\":\"\/en\/noticias\/\"},{\"@type\":\"ListItem\",\"position\":2,\"name\":\"Se aprueba definitivamente la nueva Ley Org\u00e1nica de Protecci\u00f3n de Datos\"}]},{\"@type\":\"WebSite\",\"@id\":\"https:\/\/www.abrilabogados.com\/en\/#website\",\"url\":\"https:\/\/www.abrilabogados.com\/en\/\",\"name\":\"Abril Abogados\",\"description\":\"\",\"potentialAction\":[{\"@type\":\"SearchAction\",\"target\":{\"@type\":\"EntryPoint\",\"urlTemplate\":\"https:\/\/www.abrilabogados.com\/en\/?s={search_term_string}\"},\"query-input\":{\"@type\":\"PropertyValueSpecification\",\"valueRequired\":true,\"valueName\":\"search_term_string\"}}],\"inLanguage\":\"en-US\"},{\"@type\":\"Person\",\"@id\":\"https:\/\/www.abrilabogados.com\/en\/#\/schema\/person\/750a358f28e46d5003b31222bddd9ed8\",\"name\":\"admin\",\"image\":{\"@type\":\"ImageObject\",\"inLanguage\":\"en-US\",\"@id\":\"https:\/\/www.abrilabogados.com\/en\/#\/schema\/person\/image\/\",\"url\":\"https:\/\/secure.gravatar.com\/avatar\/52d6bc19e862502e6ff2f700f23c607b54491a2d4a05fc0f2a79b8077f4bc25c?s=96&d=mm&r=g\",\"contentUrl\":\"https:\/\/secure.gravatar.com\/avatar\/52d6bc19e862502e6ff2f700f23c607b54491a2d4a05fc0f2a79b8077f4bc25c?s=96&d=mm&r=g\",\"caption\":\"admin\"},\"sameAs\":[\"https:\/\/www.abrilabogados.com\"],\"url\":\"https:\/\/www.abrilabogados.com\/en\/noticias\/author\/charly_wpadmin\/\"}]}<\/script>\n<!-- \/ Yoast SEO plugin. -->","yoast_head_json":{"title":"Se aprueba definitivamente la nueva Ley Org\u00e1nica de Protecci\u00f3n de Datos - Abril Abogados","robots":{"index":"index","follow":"follow","max-snippet":"max-snippet:-1","max-image-preview":"max-image-preview:large","max-video-preview":"max-video-preview:-1"},"canonical":"https:\/\/www.abrilabogados.com\/en\/noticias\/se-aprueba-definitivamente-la-nueva-ley-organica-de-proteccion-de-datos\/","og_locale":"en_US","og_type":"article","og_title":"Se aprueba definitivamente la nueva Ley Org\u00e1nica de Protecci\u00f3n de Datos - Abril Abogados","og_description":"El pasado 21 de noviembre el Senado aprob\u00f3 el Proyecto de Ley Org\u00e1nica de Protecci\u00f3n de Datos Personales y Garant\u00eda de los Derechos Digitales. Con este tr\u00e1mite, la nueva ley...","og_url":"https:\/\/www.abrilabogados.com\/en\/noticias\/se-aprueba-definitivamente-la-nueva-ley-organica-de-proteccion-de-datos\/","og_site_name":"Abril Abogados","article_published_time":"2018-11-27T23:00:00+00:00","article_modified_time":"2026-04-23T20:23:28+00:00","author":"admin","twitter_card":"summary_large_image","twitter_misc":{"Written by":"admin","Est. reading time":"3 minutes"},"schema":{"@context":"https:\/\/schema.org","@graph":[{"@type":"WebPage","@id":"https:\/\/www.abrilabogados.com\/en\/noticias\/se-aprueba-definitivamente-la-nueva-ley-organica-de-proteccion-de-datos\/","url":"https:\/\/www.abrilabogados.com\/en\/noticias\/se-aprueba-definitivamente-la-nueva-ley-organica-de-proteccion-de-datos\/","name":"Se aprueba definitivamente la nueva Ley Org\u00e1nica de Protecci\u00f3n de Datos - Abril Abogados","isPartOf":{"@id":"https:\/\/www.abrilabogados.com\/en\/#website"},"datePublished":"2018-11-27T23:00:00+00:00","dateModified":"2026-04-23T20:23:28+00:00","author":{"@id":"https:\/\/www.abrilabogados.com\/en\/#\/schema\/person\/750a358f28e46d5003b31222bddd9ed8"},"breadcrumb":{"@id":"https:\/\/www.abrilabogados.com\/en\/noticias\/se-aprueba-definitivamente-la-nueva-ley-organica-de-proteccion-de-datos\/#breadcrumb"},"inLanguage":"en-US","potentialAction":[{"@type":"ReadAction","target":["https:\/\/www.abrilabogados.com\/en\/noticias\/se-aprueba-definitivamente-la-nueva-ley-organica-de-proteccion-de-datos\/"]}]},{"@type":"BreadcrumbList","@id":"https:\/\/www.abrilabogados.com\/en\/noticias\/se-aprueba-definitivamente-la-nueva-ley-organica-de-proteccion-de-datos\/#breadcrumb","itemListElement":[{"@type":"ListItem","position":1,"name":"Abril Abogados News","item":"\/en\/noticias\/"},{"@type":"ListItem","position":2,"name":"Se aprueba definitivamente la nueva Ley Org\u00e1nica de Protecci\u00f3n de Datos"}]},{"@type":"WebSite","@id":"https:\/\/www.abrilabogados.com\/en\/#website","url":"https:\/\/www.abrilabogados.com\/en\/","name":"Abril Abogados","description":"","potentialAction":[{"@type":"SearchAction","target":{"@type":"EntryPoint","urlTemplate":"https:\/\/www.abrilabogados.com\/en\/?s={search_term_string}"},"query-input":{"@type":"PropertyValueSpecification","valueRequired":true,"valueName":"search_term_string"}}],"inLanguage":"en-US"},{"@type":"Person","@id":"https:\/\/www.abrilabogados.com\/en\/#\/schema\/person\/750a358f28e46d5003b31222bddd9ed8","name":"admin","image":{"@type":"ImageObject","inLanguage":"en-US","@id":"https:\/\/www.abrilabogados.com\/en\/#\/schema\/person\/image\/","url":"https:\/\/secure.gravatar.com\/avatar\/52d6bc19e862502e6ff2f700f23c607b54491a2d4a05fc0f2a79b8077f4bc25c?s=96&d=mm&r=g","contentUrl":"https:\/\/secure.gravatar.com\/avatar\/52d6bc19e862502e6ff2f700f23c607b54491a2d4a05fc0f2a79b8077f4bc25c?s=96&d=mm&r=g","caption":"admin"},"sameAs":["https:\/\/www.abrilabogados.com"],"url":"https:\/\/www.abrilabogados.com\/en\/noticias\/author\/charly_wpadmin\/"}]}},"_links":{"self":[{"href":"https:\/\/www.abrilabogados.com\/en\/wp-json\/wp\/v2\/posts\/1217","targetHints":{"allow":["GET"]}}],"collection":[{"href":"https:\/\/www.abrilabogados.com\/en\/wp-json\/wp\/v2\/posts"}],"about":[{"href":"https:\/\/www.abrilabogados.com\/en\/wp-json\/wp\/v2\/types\/post"}],"author":[{"embeddable":true,"href":"https:\/\/www.abrilabogados.com\/en\/wp-json\/wp\/v2\/users\/1"}],"replies":[{"embeddable":true,"href":"https:\/\/www.abrilabogados.com\/en\/wp-json\/wp\/v2\/comments?post=1217"}],"version-history":[{"count":1,"href":"https:\/\/www.abrilabogados.com\/en\/wp-json\/wp\/v2\/posts\/1217\/revisions"}],"predecessor-version":[{"id":3830,"href":"https:\/\/www.abrilabogados.com\/en\/wp-json\/wp\/v2\/posts\/1217\/revisions\/3830"}],"wp:attachment":[{"href":"https:\/\/www.abrilabogados.com\/en\/wp-json\/wp\/v2\/media?parent=1217"}],"wp:term":[{"taxonomy":"category","embeddable":true,"href":"https:\/\/www.abrilabogados.com\/en\/wp-json\/wp\/v2\/categories?post=1217"},{"taxonomy":"post_tag","embeddable":true,"href":"https:\/\/www.abrilabogados.com\/en\/wp-json\/wp\/v2\/tags?post=1217"},{"taxonomy":"sector_noticias","embeddable":true,"href":"https:\/\/www.abrilabogados.com\/en\/wp-json\/wp\/v2\/sector_noticias?post=1217"}],"curies":[{"name":"wp","href":"https:\/\/api.w.org\/{rel}","templated":true}]}}