{"id":1218,"date":"2018-11-24T00:00:00","date_gmt":"2018-11-23T23:00:00","guid":{"rendered":"https:\/\/www.abrilabogados.com\/nuevos-obligados-a-tener-un-delegado-de-proteccion-de-datos-debe-designar-ud-uno\/"},"modified":"2026-04-23T22:23:29","modified_gmt":"2026-04-23T20:23:29","slug":"nuevos-obligados-a-tener-un-delegado-de-proteccion-de-datos-debe-designar-ud-uno","status":"publish","type":"post","link":"https:\/\/www.abrilabogados.com\/en\/noticias\/nuevos-obligados-a-tener-un-delegado-de-proteccion-de-datos-debe-designar-ud-uno\/","title":{"rendered":"Nuevos obligados a tener un Delegado de Protecci\u00f3n de Datos \u00bfDebe designar Ud. uno?"},"content":{"rendered":"<p><span style=\"color: #333333; font-family: Verdana; font-size: small;\">Una de las obligaciones impuestas el RGPD es la designaci\u00f3n de un delegado de protecci\u00f3n de datos (DPO) siempre que se cumpla con alguno de los requisitos previstos en dicha norma, esto es:<\/span><!--more--><\/p>\n<p><span style=\"font-family: Verdana; font-size: small;\">\u2022<\/span><span style=\"color: #333333; font-family: Verdana; font-size: small;\"> Tratamientos llevados a cabo por una autoridad u organismo p\u00fablico (excepto los tribunales de justicia).\u00a0<\/span><\/p>\n<p>\u2022<span style=\"color: #333333; font-family: Verdana; font-size: small;\">\u00a0Tratamientos que requieren una observaci\u00f3n habitual y sistem\u00e1tica de interesados a gran escala.\u00a0<\/span><\/p>\n<p>\u2022<span style=\"color: #333333; font-family: Verdana; font-size: small;\">\u00a0Tratamientos a gran escala de categor\u00edas especiales de datos personales.\u00a0<\/span><\/p>\n<p>Ahora, la nueva LOPD se\u00f1ala en su art\u00edculo 34 aquellas entidades obligadas a nombrar un delegado de protecci\u00f3n de datos, entre las que se encuentran<\/p>\n<p>\u2022\u00a0Los colegios profesionales y sus consejos generales;<\/p>\n<p>\u2022\u00a0Los centros docentes, Universidades p\u00fablicas y privadas;<\/p>\n<p>\u2022\u00a0Las entidades que exploten redes y presten servicios de comunicaciones electr\u00f3nicas con datos a gran escala;<\/p>\n<p>\u2022\u00a0Los prestadores de servicios de la sociedad de la informaci\u00f3n cuando elaboren a gran escala perfiles de los usuarios del servicio;<\/p>\n<p>\u2022\u00a0Las entidades incluidas en el art\u00edculo 1 de la Ley 10\/2014, de 26 de junio, de ordenaci\u00f3n, supervisi\u00f3n y solvencia de entidades de cr\u00e9dito;<\/p>\n<p>\u2022\u00a0Los establecimientos financieros de cr\u00e9dito;<\/p>\n<p>\u2022\u00a0Las entidades aseguradoras y reaseguradoras;<\/p>\n<p>\u2022\u00a0Las empresas de servicios de inversi\u00f3n;<\/p>\n<p>\u2022\u00a0Los distribuidores y comercializadores de energ\u00eda el\u00e9ctrica y los distribuidores y comercializadores de gas natural;<\/p>\n<p>\u2022\u00a0Los responsables de evaluaci\u00f3n de la solvencia patrimonial y cr\u00e9dito o de prevenci\u00f3n del fraude, incluyendo prevenci\u00f3n del blanqueo de capitales y de la financiaci\u00f3n del terrorismo;<\/p>\n<p>\u2022\u00a0Las entidades que desarrollen publicidad y prospecci\u00f3n comercial cuando lleven a cabo tratamientos basados en las preferencias de los afectados o realicen actividades que impliquen la elaboraci\u00f3n de perfiles de los mismos.<\/p>\n<p>\u2022\u00a0Los centros sanitarios legalmente obligados al mantenimiento de las historias cl\u00ednicas de los pacientes (exceptuando aquellos que ejerzan su actividad a t\u00edtulo individual);<\/p>\n<p>\u2022\u00a0Las entidades que tengan como uno de sus objetos la emisi\u00f3n de informes comerciales que puedan referirse a personas f\u00edsicas;<\/p>\n<p>\u2022\u00a0Los operadores que desarrollen la actividad de juego a trav\u00e9s de canales electr\u00f3nicos, inform\u00e1ticos, telem\u00e1ticos e interactivos, conforme a la normativa de regulaci\u00f3n del juego;<\/p>\n<p>\u2022\u00a0Las empresas de seguridad privada;<\/p>\n<p>\u2022\u00a0Las federaciones deportivas cuando traten datos de menores de edad.<\/p>\n<p>&nbsp;<\/p>\n<div>M\u00e1s all\u00e1 de los supuestos obligatorios, una empresa puede nombrar un DPO de manera voluntaria, al valorar que disponer del mismo le ayudar\u00e1 al cumplimiento efectivo del RGPD, a su vez que demostrar\u00e1 que ha cumplido con su obligaci\u00f3n de aplicar las medidas organizativas para garantizar que el tratamiento es conforme con el art\u00edculo 24.1. En efecto, el nombramiento de un DPO es un factor de imagen positiva, que crea confianza, como medida preventiva para garantizar la protecci\u00f3n de un activo valioso como son los datos personales de clientes, usuarios, empleados\u2026 Tanto es as\u00ed que la nueva LOPD contempla como supuesto a tener en cuenta para la graduaci\u00f3n de la sanci\u00f3n que el responsable disponga de un DPO.<\/div>\n<div><\/div>\n<div>En Abril Abogados somos expertos en la aplicaci\u00f3n de la normativa sobre Protecci\u00f3n de Datos Personales y Privacidad, asesorando tanto a empresas e instituciones, como a particulares. Adem\u00e1s, nuestro despacho se ha constituido como Delegado de Protecci\u00f3n de Datos externo tanto de importantes empresas en las que resulta obligatoria su existencia, como de empresas que voluntariamente han deseado contar con dicha figura como asesoramiento preventivo.<\/div>\n<div><\/div>\n<div>El servicio que ofrecemos incluye asesoramiento presencial y telef\u00f3nico para consultas y asesoramiento t\u00e9cnico y jur\u00eddico atendiendo a un n\u00famero de horas acordadas previamente con el cliente.<\/div>\n<div><\/div>\n<div>Puedes solicitar m\u00e1s informaci\u00f3n enviando un correo electr\u00f3nico a: <a href=\"mailto:ameseguer@abrilabogados.com\">ameseguer@abrilabogados.com<\/a><\/div>\n","protected":false},"excerpt":{"rendered":"<p>Una de las obligaciones impuestas el RGPD es la designaci\u00f3n de un delegado de protecci\u00f3n de datos (DPO) siempre que se cumpla con alguno de los requisitos previstos en dicha&#8230;<\/p>\n","protected":false},"author":1,"featured_media":0,"comment_status":"closed","ping_status":"open","sticky":false,"template":"","format":"standard","meta":{"_acf_changed":false,"footnotes":""},"categories":[12],"tags":[],"sector_noticias":[],"class_list":{"0":"post-1218","1":"post","2":"type-post","3":"status-publish","4":"format-standard","6":"category-noticias"},"acf":[],"yoast_head":"<!-- This site is optimized with the Yoast SEO plugin v26.4 - https:\/\/yoast.com\/wordpress\/plugins\/seo\/ -->\n<title>Nuevos obligados a tener un Delegado de Protecci\u00f3n de Datos \u00bfDebe designar Ud. uno? - Abril Abogados<\/title>\n<meta name=\"robots\" content=\"index, follow, max-snippet:-1, max-image-preview:large, max-video-preview:-1\" \/>\n<link rel=\"canonical\" href=\"https:\/\/www.abrilabogados.com\/en\/noticias\/nuevos-obligados-a-tener-un-delegado-de-proteccion-de-datos-debe-designar-ud-uno\/\" \/>\n<meta property=\"og:locale\" content=\"en_US\" \/>\n<meta property=\"og:type\" content=\"article\" \/>\n<meta property=\"og:title\" content=\"Nuevos obligados a tener un Delegado de Protecci\u00f3n de Datos \u00bfDebe designar Ud. uno? - Abril Abogados\" \/>\n<meta property=\"og:description\" content=\"Una de las obligaciones impuestas el RGPD es la designaci\u00f3n de un delegado de protecci\u00f3n de datos (DPO) siempre que se cumpla con alguno de los requisitos previstos en dicha...\" \/>\n<meta property=\"og:url\" content=\"https:\/\/www.abrilabogados.com\/en\/noticias\/nuevos-obligados-a-tener-un-delegado-de-proteccion-de-datos-debe-designar-ud-uno\/\" \/>\n<meta property=\"og:site_name\" content=\"Abril Abogados\" \/>\n<meta property=\"article:published_time\" content=\"2018-11-23T23:00:00+00:00\" \/>\n<meta property=\"article:modified_time\" content=\"2026-04-23T20:23:29+00:00\" \/>\n<meta name=\"author\" content=\"admin\" \/>\n<meta name=\"twitter:card\" content=\"summary_large_image\" \/>\n<meta name=\"twitter:label1\" content=\"Written by\" \/>\n\t<meta name=\"twitter:data1\" content=\"admin\" \/>\n\t<meta name=\"twitter:label2\" content=\"Est. reading time\" \/>\n\t<meta name=\"twitter:data2\" content=\"3 minutes\" \/>\n<script type=\"application\/ld+json\" class=\"yoast-schema-graph\">{\"@context\":\"https:\/\/schema.org\",\"@graph\":[{\"@type\":\"WebPage\",\"@id\":\"https:\/\/www.abrilabogados.com\/en\/noticias\/nuevos-obligados-a-tener-un-delegado-de-proteccion-de-datos-debe-designar-ud-uno\/\",\"url\":\"https:\/\/www.abrilabogados.com\/en\/noticias\/nuevos-obligados-a-tener-un-delegado-de-proteccion-de-datos-debe-designar-ud-uno\/\",\"name\":\"Nuevos obligados a tener un Delegado de Protecci\u00f3n de Datos \u00bfDebe designar Ud. uno? - Abril Abogados\",\"isPartOf\":{\"@id\":\"https:\/\/www.abrilabogados.com\/en\/#website\"},\"datePublished\":\"2018-11-23T23:00:00+00:00\",\"dateModified\":\"2026-04-23T20:23:29+00:00\",\"author\":{\"@id\":\"https:\/\/www.abrilabogados.com\/en\/#\/schema\/person\/750a358f28e46d5003b31222bddd9ed8\"},\"breadcrumb\":{\"@id\":\"https:\/\/www.abrilabogados.com\/en\/noticias\/nuevos-obligados-a-tener-un-delegado-de-proteccion-de-datos-debe-designar-ud-uno\/#breadcrumb\"},\"inLanguage\":\"en-US\",\"potentialAction\":[{\"@type\":\"ReadAction\",\"target\":[\"https:\/\/www.abrilabogados.com\/en\/noticias\/nuevos-obligados-a-tener-un-delegado-de-proteccion-de-datos-debe-designar-ud-uno\/\"]}]},{\"@type\":\"BreadcrumbList\",\"@id\":\"https:\/\/www.abrilabogados.com\/en\/noticias\/nuevos-obligados-a-tener-un-delegado-de-proteccion-de-datos-debe-designar-ud-uno\/#breadcrumb\",\"itemListElement\":[{\"@type\":\"ListItem\",\"position\":1,\"name\":\"Abril Abogados News\",\"item\":\"\/en\/noticias\/\"},{\"@type\":\"ListItem\",\"position\":2,\"name\":\"Nuevos obligados a tener un Delegado de Protecci\u00f3n de Datos \u00bfDebe designar Ud. uno?\"}]},{\"@type\":\"WebSite\",\"@id\":\"https:\/\/www.abrilabogados.com\/en\/#website\",\"url\":\"https:\/\/www.abrilabogados.com\/en\/\",\"name\":\"Abril Abogados\",\"description\":\"\",\"potentialAction\":[{\"@type\":\"SearchAction\",\"target\":{\"@type\":\"EntryPoint\",\"urlTemplate\":\"https:\/\/www.abrilabogados.com\/en\/?s={search_term_string}\"},\"query-input\":{\"@type\":\"PropertyValueSpecification\",\"valueRequired\":true,\"valueName\":\"search_term_string\"}}],\"inLanguage\":\"en-US\"},{\"@type\":\"Person\",\"@id\":\"https:\/\/www.abrilabogados.com\/en\/#\/schema\/person\/750a358f28e46d5003b31222bddd9ed8\",\"name\":\"admin\",\"image\":{\"@type\":\"ImageObject\",\"inLanguage\":\"en-US\",\"@id\":\"https:\/\/www.abrilabogados.com\/en\/#\/schema\/person\/image\/\",\"url\":\"https:\/\/secure.gravatar.com\/avatar\/52d6bc19e862502e6ff2f700f23c607b54491a2d4a05fc0f2a79b8077f4bc25c?s=96&d=mm&r=g\",\"contentUrl\":\"https:\/\/secure.gravatar.com\/avatar\/52d6bc19e862502e6ff2f700f23c607b54491a2d4a05fc0f2a79b8077f4bc25c?s=96&d=mm&r=g\",\"caption\":\"admin\"},\"sameAs\":[\"https:\/\/www.abrilabogados.com\"],\"url\":\"https:\/\/www.abrilabogados.com\/en\/noticias\/author\/charly_wpadmin\/\"}]}<\/script>\n<!-- \/ Yoast SEO plugin. -->","yoast_head_json":{"title":"Nuevos obligados a tener un Delegado de Protecci\u00f3n de Datos \u00bfDebe designar Ud. uno? - Abril Abogados","robots":{"index":"index","follow":"follow","max-snippet":"max-snippet:-1","max-image-preview":"max-image-preview:large","max-video-preview":"max-video-preview:-1"},"canonical":"https:\/\/www.abrilabogados.com\/en\/noticias\/nuevos-obligados-a-tener-un-delegado-de-proteccion-de-datos-debe-designar-ud-uno\/","og_locale":"en_US","og_type":"article","og_title":"Nuevos obligados a tener un Delegado de Protecci\u00f3n de Datos \u00bfDebe designar Ud. uno? - Abril Abogados","og_description":"Una de las obligaciones impuestas el RGPD es la designaci\u00f3n de un delegado de protecci\u00f3n de datos (DPO) siempre que se cumpla con alguno de los requisitos previstos en dicha...","og_url":"https:\/\/www.abrilabogados.com\/en\/noticias\/nuevos-obligados-a-tener-un-delegado-de-proteccion-de-datos-debe-designar-ud-uno\/","og_site_name":"Abril Abogados","article_published_time":"2018-11-23T23:00:00+00:00","article_modified_time":"2026-04-23T20:23:29+00:00","author":"admin","twitter_card":"summary_large_image","twitter_misc":{"Written by":"admin","Est. reading time":"3 minutes"},"schema":{"@context":"https:\/\/schema.org","@graph":[{"@type":"WebPage","@id":"https:\/\/www.abrilabogados.com\/en\/noticias\/nuevos-obligados-a-tener-un-delegado-de-proteccion-de-datos-debe-designar-ud-uno\/","url":"https:\/\/www.abrilabogados.com\/en\/noticias\/nuevos-obligados-a-tener-un-delegado-de-proteccion-de-datos-debe-designar-ud-uno\/","name":"Nuevos obligados a tener un Delegado de Protecci\u00f3n de Datos \u00bfDebe designar Ud. uno? - Abril Abogados","isPartOf":{"@id":"https:\/\/www.abrilabogados.com\/en\/#website"},"datePublished":"2018-11-23T23:00:00+00:00","dateModified":"2026-04-23T20:23:29+00:00","author":{"@id":"https:\/\/www.abrilabogados.com\/en\/#\/schema\/person\/750a358f28e46d5003b31222bddd9ed8"},"breadcrumb":{"@id":"https:\/\/www.abrilabogados.com\/en\/noticias\/nuevos-obligados-a-tener-un-delegado-de-proteccion-de-datos-debe-designar-ud-uno\/#breadcrumb"},"inLanguage":"en-US","potentialAction":[{"@type":"ReadAction","target":["https:\/\/www.abrilabogados.com\/en\/noticias\/nuevos-obligados-a-tener-un-delegado-de-proteccion-de-datos-debe-designar-ud-uno\/"]}]},{"@type":"BreadcrumbList","@id":"https:\/\/www.abrilabogados.com\/en\/noticias\/nuevos-obligados-a-tener-un-delegado-de-proteccion-de-datos-debe-designar-ud-uno\/#breadcrumb","itemListElement":[{"@type":"ListItem","position":1,"name":"Abril Abogados News","item":"\/en\/noticias\/"},{"@type":"ListItem","position":2,"name":"Nuevos obligados a tener un Delegado de Protecci\u00f3n de Datos \u00bfDebe designar Ud. uno?"}]},{"@type":"WebSite","@id":"https:\/\/www.abrilabogados.com\/en\/#website","url":"https:\/\/www.abrilabogados.com\/en\/","name":"Abril Abogados","description":"","potentialAction":[{"@type":"SearchAction","target":{"@type":"EntryPoint","urlTemplate":"https:\/\/www.abrilabogados.com\/en\/?s={search_term_string}"},"query-input":{"@type":"PropertyValueSpecification","valueRequired":true,"valueName":"search_term_string"}}],"inLanguage":"en-US"},{"@type":"Person","@id":"https:\/\/www.abrilabogados.com\/en\/#\/schema\/person\/750a358f28e46d5003b31222bddd9ed8","name":"admin","image":{"@type":"ImageObject","inLanguage":"en-US","@id":"https:\/\/www.abrilabogados.com\/en\/#\/schema\/person\/image\/","url":"https:\/\/secure.gravatar.com\/avatar\/52d6bc19e862502e6ff2f700f23c607b54491a2d4a05fc0f2a79b8077f4bc25c?s=96&d=mm&r=g","contentUrl":"https:\/\/secure.gravatar.com\/avatar\/52d6bc19e862502e6ff2f700f23c607b54491a2d4a05fc0f2a79b8077f4bc25c?s=96&d=mm&r=g","caption":"admin"},"sameAs":["https:\/\/www.abrilabogados.com"],"url":"https:\/\/www.abrilabogados.com\/en\/noticias\/author\/charly_wpadmin\/"}]}},"_links":{"self":[{"href":"https:\/\/www.abrilabogados.com\/en\/wp-json\/wp\/v2\/posts\/1218","targetHints":{"allow":["GET"]}}],"collection":[{"href":"https:\/\/www.abrilabogados.com\/en\/wp-json\/wp\/v2\/posts"}],"about":[{"href":"https:\/\/www.abrilabogados.com\/en\/wp-json\/wp\/v2\/types\/post"}],"author":[{"embeddable":true,"href":"https:\/\/www.abrilabogados.com\/en\/wp-json\/wp\/v2\/users\/1"}],"replies":[{"embeddable":true,"href":"https:\/\/www.abrilabogados.com\/en\/wp-json\/wp\/v2\/comments?post=1218"}],"version-history":[{"count":1,"href":"https:\/\/www.abrilabogados.com\/en\/wp-json\/wp\/v2\/posts\/1218\/revisions"}],"predecessor-version":[{"id":3831,"href":"https:\/\/www.abrilabogados.com\/en\/wp-json\/wp\/v2\/posts\/1218\/revisions\/3831"}],"wp:attachment":[{"href":"https:\/\/www.abrilabogados.com\/en\/wp-json\/wp\/v2\/media?parent=1218"}],"wp:term":[{"taxonomy":"category","embeddable":true,"href":"https:\/\/www.abrilabogados.com\/en\/wp-json\/wp\/v2\/categories?post=1218"},{"taxonomy":"post_tag","embeddable":true,"href":"https:\/\/www.abrilabogados.com\/en\/wp-json\/wp\/v2\/tags?post=1218"},{"taxonomy":"sector_noticias","embeddable":true,"href":"https:\/\/www.abrilabogados.com\/en\/wp-json\/wp\/v2\/sector_noticias?post=1218"}],"curies":[{"name":"wp","href":"https:\/\/api.w.org\/{rel}","templated":true}]}}