{"id":1230,"date":"2018-10-22T00:00:00","date_gmt":"2018-10-21T22:00:00","guid":{"rendered":"https:\/\/www.abrilabogados.com\/recepcion-en-la-oepm-para-jovenes-abogados-oportunidades-profesionales-que-ofrece-el-ip\/"},"modified":"2026-04-23T22:23:32","modified_gmt":"2026-04-23T20:23:32","slug":"recepcion-en-la-oepm-para-jovenes-abogados-oportunidades-profesionales-que-ofrece-el-ip","status":"publish","type":"post","link":"https:\/\/www.abrilabogados.com\/en\/noticias\/recepcion-en-la-oepm-para-jovenes-abogados-oportunidades-profesionales-que-ofrece-el-ip\/","title":{"rendered":"Recepci\u00f3n en la OEPM para J\u00f3venes Abogados: Oportunidades Profesionales que ofrece el IP"},"content":{"rendered":"<p>La Jornada, que se celebrar\u00e1 el pr\u00f3ximo martes 25 de octubre, est\u00e1 dirigida a j\u00f3venes abogados en el \u00e1rea de Propiedad Industrial, a profesionales de la tramitaci\u00f3n y gesti\u00f3n de marcas (de hasta 5 a\u00f1os de experiencia), as\u00ed como a estudiantes matriculados en programas M\u00e1ster en PI.<!--more--><\/p>\n<p>El evento es gratuito y las plazas son limitadas por lo que se reservar\u00e1n por riguroso orden de inscripci\u00f3n y se confirmar\u00e1n por el email.<\/p>\n<p>M\u00e1s informaci\u00f3n y programa <a href=\"https:\/\/www.inta.org\/\">aqu\u00ed<\/a>.<\/p>\n<p>Inscripciones <a href=\"https:\/\/members.inta.org\/events\/event-details\/?id=f1c46c14-3678-4168-b026-0e584bb30512&amp;reload=timezone\">aqu\u00ed<\/a>.<\/p>\n","protected":false},"excerpt":{"rendered":"<p>La Jornada, que se celebrar\u00e1 el pr\u00f3ximo martes 25 de octubre, est\u00e1 dirigida a j\u00f3venes abogados en el \u00e1rea de Propiedad Industrial, a profesionales de la tramitaci\u00f3n y gesti\u00f3n de&#8230;<\/p>\n","protected":false},"author":1,"featured_media":0,"comment_status":"closed","ping_status":"open","sticky":false,"template":"","format":"standard","meta":{"_acf_changed":false,"footnotes":""},"categories":[12],"tags":[],"sector_noticias":[],"class_list":{"0":"post-1230","1":"post","2":"type-post","3":"status-publish","4":"format-standard","6":"category-noticias"},"acf":[],"yoast_head":"<!-- This site is optimized with the Yoast SEO plugin v26.4 - https:\/\/yoast.com\/wordpress\/plugins\/seo\/ -->\n<title>Recepci\u00f3n en la OEPM para J\u00f3venes Abogados: Oportunidades Profesionales que ofrece el IP - Abril Abogados<\/title>\n<meta name=\"robots\" content=\"index, follow, max-snippet:-1, max-image-preview:large, max-video-preview:-1\" \/>\n<link rel=\"canonical\" href=\"https:\/\/www.abrilabogados.com\/en\/noticias\/recepcion-en-la-oepm-para-jovenes-abogados-oportunidades-profesionales-que-ofrece-el-ip\/\" \/>\n<meta property=\"og:locale\" content=\"en_US\" \/>\n<meta property=\"og:type\" content=\"article\" \/>\n<meta property=\"og:title\" content=\"Recepci\u00f3n en la OEPM para J\u00f3venes Abogados: Oportunidades Profesionales que ofrece el IP - Abril Abogados\" \/>\n<meta property=\"og:description\" content=\"La Jornada, que se celebrar\u00e1 el pr\u00f3ximo martes 25 de octubre, est\u00e1 dirigida a j\u00f3venes abogados en el \u00e1rea de Propiedad Industrial, a profesionales de la tramitaci\u00f3n y gesti\u00f3n de...\" \/>\n<meta property=\"og:url\" content=\"https:\/\/www.abrilabogados.com\/en\/noticias\/recepcion-en-la-oepm-para-jovenes-abogados-oportunidades-profesionales-que-ofrece-el-ip\/\" \/>\n<meta property=\"og:site_name\" content=\"Abril Abogados\" \/>\n<meta property=\"article:published_time\" content=\"2018-10-21T22:00:00+00:00\" \/>\n<meta property=\"article:modified_time\" content=\"2026-04-23T20:23:32+00:00\" \/>\n<meta name=\"author\" content=\"admin\" \/>\n<meta name=\"twitter:card\" content=\"summary_large_image\" \/>\n<meta name=\"twitter:label1\" content=\"Written by\" \/>\n\t<meta name=\"twitter:data1\" content=\"admin\" \/>\n<script type=\"application\/ld+json\" class=\"yoast-schema-graph\">{\"@context\":\"https:\/\/schema.org\",\"@graph\":[{\"@type\":\"WebPage\",\"@id\":\"https:\/\/www.abrilabogados.com\/en\/noticias\/recepcion-en-la-oepm-para-jovenes-abogados-oportunidades-profesionales-que-ofrece-el-ip\/\",\"url\":\"https:\/\/www.abrilabogados.com\/en\/noticias\/recepcion-en-la-oepm-para-jovenes-abogados-oportunidades-profesionales-que-ofrece-el-ip\/\",\"name\":\"Recepci\u00f3n en la OEPM para J\u00f3venes Abogados: Oportunidades Profesionales que ofrece el IP - Abril Abogados\",\"isPartOf\":{\"@id\":\"https:\/\/www.abrilabogados.com\/en\/#website\"},\"datePublished\":\"2018-10-21T22:00:00+00:00\",\"dateModified\":\"2026-04-23T20:23:32+00:00\",\"author\":{\"@id\":\"https:\/\/www.abrilabogados.com\/en\/#\/schema\/person\/750a358f28e46d5003b31222bddd9ed8\"},\"breadcrumb\":{\"@id\":\"https:\/\/www.abrilabogados.com\/en\/noticias\/recepcion-en-la-oepm-para-jovenes-abogados-oportunidades-profesionales-que-ofrece-el-ip\/#breadcrumb\"},\"inLanguage\":\"en-US\",\"potentialAction\":[{\"@type\":\"ReadAction\",\"target\":[\"https:\/\/www.abrilabogados.com\/en\/noticias\/recepcion-en-la-oepm-para-jovenes-abogados-oportunidades-profesionales-que-ofrece-el-ip\/\"]}]},{\"@type\":\"BreadcrumbList\",\"@id\":\"https:\/\/www.abrilabogados.com\/en\/noticias\/recepcion-en-la-oepm-para-jovenes-abogados-oportunidades-profesionales-que-ofrece-el-ip\/#breadcrumb\",\"itemListElement\":[{\"@type\":\"ListItem\",\"position\":1,\"name\":\"Abril Abogados News\",\"item\":\"\/en\/noticias\/\"},{\"@type\":\"ListItem\",\"position\":2,\"name\":\"Recepci\u00f3n en la OEPM para J\u00f3venes Abogados: Oportunidades Profesionales que ofrece el IP\"}]},{\"@type\":\"WebSite\",\"@id\":\"https:\/\/www.abrilabogados.com\/en\/#website\",\"url\":\"https:\/\/www.abrilabogados.com\/en\/\",\"name\":\"Abril Abogados\",\"description\":\"\",\"potentialAction\":[{\"@type\":\"SearchAction\",\"target\":{\"@type\":\"EntryPoint\",\"urlTemplate\":\"https:\/\/www.abrilabogados.com\/en\/?s={search_term_string}\"},\"query-input\":{\"@type\":\"PropertyValueSpecification\",\"valueRequired\":true,\"valueName\":\"search_term_string\"}}],\"inLanguage\":\"en-US\"},{\"@type\":\"Person\",\"@id\":\"https:\/\/www.abrilabogados.com\/en\/#\/schema\/person\/750a358f28e46d5003b31222bddd9ed8\",\"name\":\"admin\",\"image\":{\"@type\":\"ImageObject\",\"inLanguage\":\"en-US\",\"@id\":\"https:\/\/www.abrilabogados.com\/en\/#\/schema\/person\/image\/\",\"url\":\"https:\/\/secure.gravatar.com\/avatar\/52d6bc19e862502e6ff2f700f23c607b54491a2d4a05fc0f2a79b8077f4bc25c?s=96&d=mm&r=g\",\"contentUrl\":\"https:\/\/secure.gravatar.com\/avatar\/52d6bc19e862502e6ff2f700f23c607b54491a2d4a05fc0f2a79b8077f4bc25c?s=96&d=mm&r=g\",\"caption\":\"admin\"},\"sameAs\":[\"https:\/\/www.abrilabogados.com\"],\"url\":\"https:\/\/www.abrilabogados.com\/en\/noticias\/author\/charly_wpadmin\/\"}]}<\/script>\n<!-- \/ Yoast SEO plugin. -->","yoast_head_json":{"title":"Recepci\u00f3n en la OEPM para J\u00f3venes Abogados: Oportunidades Profesionales que ofrece el IP - Abril Abogados","robots":{"index":"index","follow":"follow","max-snippet":"max-snippet:-1","max-image-preview":"max-image-preview:large","max-video-preview":"max-video-preview:-1"},"canonical":"https:\/\/www.abrilabogados.com\/en\/noticias\/recepcion-en-la-oepm-para-jovenes-abogados-oportunidades-profesionales-que-ofrece-el-ip\/","og_locale":"en_US","og_type":"article","og_title":"Recepci\u00f3n en la OEPM para J\u00f3venes Abogados: Oportunidades Profesionales que ofrece el IP - Abril Abogados","og_description":"La Jornada, que se celebrar\u00e1 el pr\u00f3ximo martes 25 de octubre, est\u00e1 dirigida a j\u00f3venes abogados en el \u00e1rea de Propiedad Industrial, a profesionales de la tramitaci\u00f3n y gesti\u00f3n de...","og_url":"https:\/\/www.abrilabogados.com\/en\/noticias\/recepcion-en-la-oepm-para-jovenes-abogados-oportunidades-profesionales-que-ofrece-el-ip\/","og_site_name":"Abril Abogados","article_published_time":"2018-10-21T22:00:00+00:00","article_modified_time":"2026-04-23T20:23:32+00:00","author":"admin","twitter_card":"summary_large_image","twitter_misc":{"Written by":"admin"},"schema":{"@context":"https:\/\/schema.org","@graph":[{"@type":"WebPage","@id":"https:\/\/www.abrilabogados.com\/en\/noticias\/recepcion-en-la-oepm-para-jovenes-abogados-oportunidades-profesionales-que-ofrece-el-ip\/","url":"https:\/\/www.abrilabogados.com\/en\/noticias\/recepcion-en-la-oepm-para-jovenes-abogados-oportunidades-profesionales-que-ofrece-el-ip\/","name":"Recepci\u00f3n en la OEPM para J\u00f3venes Abogados: Oportunidades Profesionales que ofrece el IP - Abril Abogados","isPartOf":{"@id":"https:\/\/www.abrilabogados.com\/en\/#website"},"datePublished":"2018-10-21T22:00:00+00:00","dateModified":"2026-04-23T20:23:32+00:00","author":{"@id":"https:\/\/www.abrilabogados.com\/en\/#\/schema\/person\/750a358f28e46d5003b31222bddd9ed8"},"breadcrumb":{"@id":"https:\/\/www.abrilabogados.com\/en\/noticias\/recepcion-en-la-oepm-para-jovenes-abogados-oportunidades-profesionales-que-ofrece-el-ip\/#breadcrumb"},"inLanguage":"en-US","potentialAction":[{"@type":"ReadAction","target":["https:\/\/www.abrilabogados.com\/en\/noticias\/recepcion-en-la-oepm-para-jovenes-abogados-oportunidades-profesionales-que-ofrece-el-ip\/"]}]},{"@type":"BreadcrumbList","@id":"https:\/\/www.abrilabogados.com\/en\/noticias\/recepcion-en-la-oepm-para-jovenes-abogados-oportunidades-profesionales-que-ofrece-el-ip\/#breadcrumb","itemListElement":[{"@type":"ListItem","position":1,"name":"Abril Abogados News","item":"\/en\/noticias\/"},{"@type":"ListItem","position":2,"name":"Recepci\u00f3n en la OEPM para J\u00f3venes Abogados: Oportunidades Profesionales que ofrece el IP"}]},{"@type":"WebSite","@id":"https:\/\/www.abrilabogados.com\/en\/#website","url":"https:\/\/www.abrilabogados.com\/en\/","name":"Abril Abogados","description":"","potentialAction":[{"@type":"SearchAction","target":{"@type":"EntryPoint","urlTemplate":"https:\/\/www.abrilabogados.com\/en\/?s={search_term_string}"},"query-input":{"@type":"PropertyValueSpecification","valueRequired":true,"valueName":"search_term_string"}}],"inLanguage":"en-US"},{"@type":"Person","@id":"https:\/\/www.abrilabogados.com\/en\/#\/schema\/person\/750a358f28e46d5003b31222bddd9ed8","name":"admin","image":{"@type":"ImageObject","inLanguage":"en-US","@id":"https:\/\/www.abrilabogados.com\/en\/#\/schema\/person\/image\/","url":"https:\/\/secure.gravatar.com\/avatar\/52d6bc19e862502e6ff2f700f23c607b54491a2d4a05fc0f2a79b8077f4bc25c?s=96&d=mm&r=g","contentUrl":"https:\/\/secure.gravatar.com\/avatar\/52d6bc19e862502e6ff2f700f23c607b54491a2d4a05fc0f2a79b8077f4bc25c?s=96&d=mm&r=g","caption":"admin"},"sameAs":["https:\/\/www.abrilabogados.com"],"url":"https:\/\/www.abrilabogados.com\/en\/noticias\/author\/charly_wpadmin\/"}]}},"_links":{"self":[{"href":"https:\/\/www.abrilabogados.com\/en\/wp-json\/wp\/v2\/posts\/1230","targetHints":{"allow":["GET"]}}],"collection":[{"href":"https:\/\/www.abrilabogados.com\/en\/wp-json\/wp\/v2\/posts"}],"about":[{"href":"https:\/\/www.abrilabogados.com\/en\/wp-json\/wp\/v2\/types\/post"}],"author":[{"embeddable":true,"href":"https:\/\/www.abrilabogados.com\/en\/wp-json\/wp\/v2\/users\/1"}],"replies":[{"embeddable":true,"href":"https:\/\/www.abrilabogados.com\/en\/wp-json\/wp\/v2\/comments?post=1230"}],"version-history":[{"count":1,"href":"https:\/\/www.abrilabogados.com\/en\/wp-json\/wp\/v2\/posts\/1230\/revisions"}],"predecessor-version":[{"id":3838,"href":"https:\/\/www.abrilabogados.com\/en\/wp-json\/wp\/v2\/posts\/1230\/revisions\/3838"}],"wp:attachment":[{"href":"https:\/\/www.abrilabogados.com\/en\/wp-json\/wp\/v2\/media?parent=1230"}],"wp:term":[{"taxonomy":"category","embeddable":true,"href":"https:\/\/www.abrilabogados.com\/en\/wp-json\/wp\/v2\/categories?post=1230"},{"taxonomy":"post_tag","embeddable":true,"href":"https:\/\/www.abrilabogados.com\/en\/wp-json\/wp\/v2\/tags?post=1230"},{"taxonomy":"sector_noticias","embeddable":true,"href":"https:\/\/www.abrilabogados.com\/en\/wp-json\/wp\/v2\/sector_noticias?post=1230"}],"curies":[{"name":"wp","href":"https:\/\/api.w.org\/{rel}","templated":true}]}}