{"id":1234,"date":"2018-10-10T00:00:00","date_gmt":"2018-10-09T22:00:00","guid":{"rendered":"https:\/\/www.abrilabogados.com\/se-publica-el-nuevo-texto-del-proyecto-de-lopd\/"},"modified":"2026-04-23T22:23:35","modified_gmt":"2026-04-23T20:23:35","slug":"se-publica-el-nuevo-texto-del-proyecto-de-lopd","status":"publish","type":"post","link":"https:\/\/www.abrilabogados.com\/en\/noticias\/se-publica-el-nuevo-texto-del-proyecto-de-lopd\/","title":{"rendered":"Se publica el nuevo texto del proyecto de LOPD"},"content":{"rendered":"<p>Hemos analizado el nuevo proyecto que ha sido publicado recientemente y observamos los cambios con respecto a la versi\u00f3n del 24 de noviembre de 2017.<\/p>\n<p>En este sentido, la nueva versi\u00f3n del Proyecto de Ley Org\u00e1nica de Protecci\u00f3n de Datos resulta novedosa ya que, adem\u00e1s de introducir algunos cambios dedicados a la transposici\u00f3n del RGPD, introduce un nuevo t\u00edtulo relativo a los \u201c<strong>nuevos derechos digitales<\/strong>\u201d, en el que son objeto de regulaci\u00f3n los derechos y libertades asociados al entorno de Internet como la\u00a0<strong>neutralidad de la Red<\/strong>\u00a0y el acceso universal, o los\u00a0<strong>derechos a la seguridad y educaci\u00f3n digital<\/strong>, as\u00ed como los\u00a0<strong>derechos al olvido<\/strong>, a la\u00a0<strong>portabilidad<\/strong>\u00a0y al\u00a0<strong>testamento digital<\/strong>. Destaca particularmente el reconocimiento del\u00a0<strong>derecho a la desconexi\u00f3n digital\u00a0<\/strong>en el marco del derecho a la intimidad en el uso de los dispositivos digitales en el \u00e1mbito laboral y la\u00a0<strong>protecci\u00f3n de los menores en Internet<\/strong>. Asimismo, destaca la garant\u00eda de la\u00a0<strong>libertad de expresi\u00f3n<\/strong>\u00a0y el\u00a0<strong>derecho a la rectificaci\u00f3n de informaciones en medios de comunicaci\u00f3n digitales<\/strong>.<\/p>\n<p>En relaci\u00f3n con los cambios dedicados a la transposici\u00f3n del RGPD, destacamos los siguientes:<\/p>\n<p><strong>*<\/strong>\u00a0Se ampl\u00eda el elenco de responsables y encargados que tendr\u00e1n la obligaci\u00f3n de designar un\u00a0<strong>Delegado de Protecci\u00f3n de Datos<\/strong>, pasando a incluir a las federaciones deportivas cuando traten datos de menores. Conviene destacar, respecto a los centros sanitarios, que se except\u00faa a los profesionales que ejerzan su actividad a t\u00edtulo individual.<\/p>\n<p><strong>*<\/strong><strong>\u00a0<\/strong>La edad para prestar el consentimiento se fija a partir de los\u00a0<strong>14 a\u00f1os<\/strong>\u00a0y no 13 como en la anterior redacci\u00f3n.<\/p>\n<p><strong>*<\/strong>\u00a0Se habilita la informaci\u00f3n mediante un sistema de\u00a0<strong>informaci\u00f3n por capas<\/strong>\u00a0en cualquier entorno, tal y como recomendaba la AEPD en su Gu\u00eda sobre el deber de informar.<\/p>\n<p><strong>*<\/strong>\u00a0Se define en qu\u00e9 debe consistir el\u00a0<strong>bloqueo de datos<\/strong>. Seg\u00fan el nuevo texto, se trata de la \u201c<em>identificaci\u00f3n y reserva de los mismos, adoptando medidas t\u00e9cnicas y organizativas, para impedir su tratamiento, incluyendo su visualizaci\u00f3n, excepto para la puesta a disposici\u00f3n de los datos a los jueces y tribunales, el Ministerio Fiscal o las Administraciones P\u00fablicas competentes, en particular de las autoridades de protecci\u00f3n de datos, para la exigencia de posibles responsabilidades derivadas del tratamiento y s\u00f3lo por el plazo de prescripci\u00f3n de las mismas<\/em>\u201d.<\/p>\n<p><strong>*<\/strong>\u00a0Respecto a la forma de iniciar el procedimiento sancionador y su duraci\u00f3n, se diferencian tres supuestos:<\/p>\n<ul>\n<li>los relativos a la falta de atenci\u00f3n de una solicitud de ejercicio de los derechos;<\/li>\n<li>los de determinaci\u00f3n de la posible existencia de una infracci\u00f3n de lo dispuesto en el RGPD;<\/li>\n<li>cuando el procedimiento se tramite como consecuencia de la comunicaci\u00f3n a la AEPD por parte de la autoridad de control de otro Estado miembro de la reclamaci\u00f3n formulada ante la misma.<\/li>\n<\/ul>\n<p><strong>*<\/strong>\u00a0Se a\u00f1ade como infracci\u00f3n muy grave la\u00a0<strong>reversi\u00f3n intencional de un procedimiento de anonimizaci\u00f3n.<\/strong><\/p>\n<p><strong>*<\/strong>\u00a0Contempla como\u00a0<strong>atenuante<\/strong>\u00a0para la graduaci\u00f3n de la sanci\u00f3n que el responsable disponga de un\u00a0<strong>DPO<\/strong>, as\u00ed como el sometimiento a\u00a0<strong>mecanismos de resoluci\u00f3n alternativa de conflictos<\/strong>.<\/p>\n","protected":false},"excerpt":{"rendered":"<p>Hemos analizado el nuevo proyecto que ha sido publicado recientemente y observamos los cambios con respecto a la versi\u00f3n del 24 de noviembre de 2017. En este sentido, la nueva&#8230;<\/p>\n","protected":false},"author":1,"featured_media":0,"comment_status":"closed","ping_status":"open","sticky":false,"template":"","format":"standard","meta":{"_acf_changed":false,"footnotes":""},"categories":[12],"tags":[],"sector_noticias":[],"class_list":{"0":"post-1234","1":"post","2":"type-post","3":"status-publish","4":"format-standard","6":"category-noticias"},"acf":[],"yoast_head":"<!-- This site is optimized with the Yoast SEO plugin v26.4 - https:\/\/yoast.com\/wordpress\/plugins\/seo\/ -->\n<title>Se publica el nuevo texto del proyecto de LOPD - Abril Abogados<\/title>\n<meta name=\"robots\" content=\"index, follow, max-snippet:-1, max-image-preview:large, max-video-preview:-1\" \/>\n<link rel=\"canonical\" href=\"https:\/\/www.abrilabogados.com\/en\/noticias\/se-publica-el-nuevo-texto-del-proyecto-de-lopd\/\" \/>\n<meta property=\"og:locale\" content=\"en_US\" \/>\n<meta property=\"og:type\" content=\"article\" \/>\n<meta property=\"og:title\" content=\"Se publica el nuevo texto del proyecto de LOPD - Abril Abogados\" \/>\n<meta property=\"og:description\" content=\"Hemos analizado el nuevo proyecto que ha sido publicado recientemente y observamos los cambios con respecto a la versi\u00f3n del 24 de noviembre de 2017. En este sentido, la nueva...\" \/>\n<meta property=\"og:url\" content=\"https:\/\/www.abrilabogados.com\/en\/noticias\/se-publica-el-nuevo-texto-del-proyecto-de-lopd\/\" \/>\n<meta property=\"og:site_name\" content=\"Abril Abogados\" \/>\n<meta property=\"article:published_time\" content=\"2018-10-09T22:00:00+00:00\" \/>\n<meta property=\"article:modified_time\" content=\"2026-04-23T20:23:35+00:00\" \/>\n<meta name=\"author\" content=\"admin\" \/>\n<meta name=\"twitter:card\" content=\"summary_large_image\" \/>\n<meta name=\"twitter:label1\" content=\"Written by\" \/>\n\t<meta name=\"twitter:data1\" content=\"admin\" \/>\n\t<meta name=\"twitter:label2\" content=\"Est. reading time\" \/>\n\t<meta name=\"twitter:data2\" content=\"3 minutes\" \/>\n<script type=\"application\/ld+json\" class=\"yoast-schema-graph\">{\"@context\":\"https:\/\/schema.org\",\"@graph\":[{\"@type\":\"WebPage\",\"@id\":\"https:\/\/www.abrilabogados.com\/en\/noticias\/se-publica-el-nuevo-texto-del-proyecto-de-lopd\/\",\"url\":\"https:\/\/www.abrilabogados.com\/en\/noticias\/se-publica-el-nuevo-texto-del-proyecto-de-lopd\/\",\"name\":\"Se publica el nuevo texto del proyecto de LOPD - Abril Abogados\",\"isPartOf\":{\"@id\":\"https:\/\/www.abrilabogados.com\/en\/#website\"},\"datePublished\":\"2018-10-09T22:00:00+00:00\",\"dateModified\":\"2026-04-23T20:23:35+00:00\",\"author\":{\"@id\":\"https:\/\/www.abrilabogados.com\/en\/#\/schema\/person\/750a358f28e46d5003b31222bddd9ed8\"},\"breadcrumb\":{\"@id\":\"https:\/\/www.abrilabogados.com\/en\/noticias\/se-publica-el-nuevo-texto-del-proyecto-de-lopd\/#breadcrumb\"},\"inLanguage\":\"en-US\",\"potentialAction\":[{\"@type\":\"ReadAction\",\"target\":[\"https:\/\/www.abrilabogados.com\/en\/noticias\/se-publica-el-nuevo-texto-del-proyecto-de-lopd\/\"]}]},{\"@type\":\"BreadcrumbList\",\"@id\":\"https:\/\/www.abrilabogados.com\/en\/noticias\/se-publica-el-nuevo-texto-del-proyecto-de-lopd\/#breadcrumb\",\"itemListElement\":[{\"@type\":\"ListItem\",\"position\":1,\"name\":\"Abril Abogados News\",\"item\":\"\/en\/noticias\/\"},{\"@type\":\"ListItem\",\"position\":2,\"name\":\"Se publica el nuevo texto del proyecto de LOPD\"}]},{\"@type\":\"WebSite\",\"@id\":\"https:\/\/www.abrilabogados.com\/en\/#website\",\"url\":\"https:\/\/www.abrilabogados.com\/en\/\",\"name\":\"Abril Abogados\",\"description\":\"\",\"potentialAction\":[{\"@type\":\"SearchAction\",\"target\":{\"@type\":\"EntryPoint\",\"urlTemplate\":\"https:\/\/www.abrilabogados.com\/en\/?s={search_term_string}\"},\"query-input\":{\"@type\":\"PropertyValueSpecification\",\"valueRequired\":true,\"valueName\":\"search_term_string\"}}],\"inLanguage\":\"en-US\"},{\"@type\":\"Person\",\"@id\":\"https:\/\/www.abrilabogados.com\/en\/#\/schema\/person\/750a358f28e46d5003b31222bddd9ed8\",\"name\":\"admin\",\"image\":{\"@type\":\"ImageObject\",\"inLanguage\":\"en-US\",\"@id\":\"https:\/\/www.abrilabogados.com\/en\/#\/schema\/person\/image\/\",\"url\":\"https:\/\/secure.gravatar.com\/avatar\/52d6bc19e862502e6ff2f700f23c607b54491a2d4a05fc0f2a79b8077f4bc25c?s=96&d=mm&r=g\",\"contentUrl\":\"https:\/\/secure.gravatar.com\/avatar\/52d6bc19e862502e6ff2f700f23c607b54491a2d4a05fc0f2a79b8077f4bc25c?s=96&d=mm&r=g\",\"caption\":\"admin\"},\"sameAs\":[\"https:\/\/www.abrilabogados.com\"],\"url\":\"https:\/\/www.abrilabogados.com\/en\/noticias\/author\/charly_wpadmin\/\"}]}<\/script>\n<!-- \/ Yoast SEO plugin. -->","yoast_head_json":{"title":"Se publica el nuevo texto del proyecto de LOPD - Abril Abogados","robots":{"index":"index","follow":"follow","max-snippet":"max-snippet:-1","max-image-preview":"max-image-preview:large","max-video-preview":"max-video-preview:-1"},"canonical":"https:\/\/www.abrilabogados.com\/en\/noticias\/se-publica-el-nuevo-texto-del-proyecto-de-lopd\/","og_locale":"en_US","og_type":"article","og_title":"Se publica el nuevo texto del proyecto de LOPD - Abril Abogados","og_description":"Hemos analizado el nuevo proyecto que ha sido publicado recientemente y observamos los cambios con respecto a la versi\u00f3n del 24 de noviembre de 2017. En este sentido, la nueva...","og_url":"https:\/\/www.abrilabogados.com\/en\/noticias\/se-publica-el-nuevo-texto-del-proyecto-de-lopd\/","og_site_name":"Abril Abogados","article_published_time":"2018-10-09T22:00:00+00:00","article_modified_time":"2026-04-23T20:23:35+00:00","author":"admin","twitter_card":"summary_large_image","twitter_misc":{"Written by":"admin","Est. reading time":"3 minutes"},"schema":{"@context":"https:\/\/schema.org","@graph":[{"@type":"WebPage","@id":"https:\/\/www.abrilabogados.com\/en\/noticias\/se-publica-el-nuevo-texto-del-proyecto-de-lopd\/","url":"https:\/\/www.abrilabogados.com\/en\/noticias\/se-publica-el-nuevo-texto-del-proyecto-de-lopd\/","name":"Se publica el nuevo texto del proyecto de LOPD - Abril Abogados","isPartOf":{"@id":"https:\/\/www.abrilabogados.com\/en\/#website"},"datePublished":"2018-10-09T22:00:00+00:00","dateModified":"2026-04-23T20:23:35+00:00","author":{"@id":"https:\/\/www.abrilabogados.com\/en\/#\/schema\/person\/750a358f28e46d5003b31222bddd9ed8"},"breadcrumb":{"@id":"https:\/\/www.abrilabogados.com\/en\/noticias\/se-publica-el-nuevo-texto-del-proyecto-de-lopd\/#breadcrumb"},"inLanguage":"en-US","potentialAction":[{"@type":"ReadAction","target":["https:\/\/www.abrilabogados.com\/en\/noticias\/se-publica-el-nuevo-texto-del-proyecto-de-lopd\/"]}]},{"@type":"BreadcrumbList","@id":"https:\/\/www.abrilabogados.com\/en\/noticias\/se-publica-el-nuevo-texto-del-proyecto-de-lopd\/#breadcrumb","itemListElement":[{"@type":"ListItem","position":1,"name":"Abril Abogados News","item":"\/en\/noticias\/"},{"@type":"ListItem","position":2,"name":"Se publica el nuevo texto del proyecto de LOPD"}]},{"@type":"WebSite","@id":"https:\/\/www.abrilabogados.com\/en\/#website","url":"https:\/\/www.abrilabogados.com\/en\/","name":"Abril Abogados","description":"","potentialAction":[{"@type":"SearchAction","target":{"@type":"EntryPoint","urlTemplate":"https:\/\/www.abrilabogados.com\/en\/?s={search_term_string}"},"query-input":{"@type":"PropertyValueSpecification","valueRequired":true,"valueName":"search_term_string"}}],"inLanguage":"en-US"},{"@type":"Person","@id":"https:\/\/www.abrilabogados.com\/en\/#\/schema\/person\/750a358f28e46d5003b31222bddd9ed8","name":"admin","image":{"@type":"ImageObject","inLanguage":"en-US","@id":"https:\/\/www.abrilabogados.com\/en\/#\/schema\/person\/image\/","url":"https:\/\/secure.gravatar.com\/avatar\/52d6bc19e862502e6ff2f700f23c607b54491a2d4a05fc0f2a79b8077f4bc25c?s=96&d=mm&r=g","contentUrl":"https:\/\/secure.gravatar.com\/avatar\/52d6bc19e862502e6ff2f700f23c607b54491a2d4a05fc0f2a79b8077f4bc25c?s=96&d=mm&r=g","caption":"admin"},"sameAs":["https:\/\/www.abrilabogados.com"],"url":"https:\/\/www.abrilabogados.com\/en\/noticias\/author\/charly_wpadmin\/"}]}},"_links":{"self":[{"href":"https:\/\/www.abrilabogados.com\/en\/wp-json\/wp\/v2\/posts\/1234","targetHints":{"allow":["GET"]}}],"collection":[{"href":"https:\/\/www.abrilabogados.com\/en\/wp-json\/wp\/v2\/posts"}],"about":[{"href":"https:\/\/www.abrilabogados.com\/en\/wp-json\/wp\/v2\/types\/post"}],"author":[{"embeddable":true,"href":"https:\/\/www.abrilabogados.com\/en\/wp-json\/wp\/v2\/users\/1"}],"replies":[{"embeddable":true,"href":"https:\/\/www.abrilabogados.com\/en\/wp-json\/wp\/v2\/comments?post=1234"}],"version-history":[{"count":1,"href":"https:\/\/www.abrilabogados.com\/en\/wp-json\/wp\/v2\/posts\/1234\/revisions"}],"predecessor-version":[{"id":3840,"href":"https:\/\/www.abrilabogados.com\/en\/wp-json\/wp\/v2\/posts\/1234\/revisions\/3840"}],"wp:attachment":[{"href":"https:\/\/www.abrilabogados.com\/en\/wp-json\/wp\/v2\/media?parent=1234"}],"wp:term":[{"taxonomy":"category","embeddable":true,"href":"https:\/\/www.abrilabogados.com\/en\/wp-json\/wp\/v2\/categories?post=1234"},{"taxonomy":"post_tag","embeddable":true,"href":"https:\/\/www.abrilabogados.com\/en\/wp-json\/wp\/v2\/tags?post=1234"},{"taxonomy":"sector_noticias","embeddable":true,"href":"https:\/\/www.abrilabogados.com\/en\/wp-json\/wp\/v2\/sector_noticias?post=1234"}],"curies":[{"name":"wp","href":"https:\/\/api.w.org\/{rel}","templated":true}]}}