{"id":1239,"date":"2018-08-04T00:00:00","date_gmt":"2018-08-03T22:00:00","guid":{"rendered":"https:\/\/www.abrilabogados.com\/premio-inventor-europeo-del-ano-2019\/"},"modified":"2026-04-23T22:23:36","modified_gmt":"2026-04-23T20:23:36","slug":"premio-inventor-europeo-del-ano-2019","status":"publish","type":"post","link":"https:\/\/www.abrilabogados.com\/en\/noticias\/premio-inventor-europeo-del-ano-2019\/","title":{"rendered":"Premio Inventor Europeo del A\u00f1o 2019"},"content":{"rendered":"<p>Se ha abierto el plazo para la presentaci\u00f3n de las candidaturas al Premio al Inventor Europeo, que es el premio m\u00e1s prestigioso para la innovaci\u00f3n europea y que es otorgado desde el 2006 por la Oficina Europea de Patentes.<!--more--><\/p>\n<p>Este galard\u00f3n no implica un premio econ\u00f3mico y tiene un car\u00e1cter puramente simb\u00f3lico.<\/p>\n<p>Para optar a este premio los inventores deben haber obtenido una patente europea por la EPO, y esta patente debe estar en vigor en al menos un pa\u00eds Estado miembro del Convenio. No hay otras restricciones en cuento a los candidatos, pueden ser cualquier inventor particular, o un miembro de una empresa, universidad, instituto de investigador o cualquier otro tipo de asociaci\u00f3n individual. En este sentido, hay cinco categor\u00edas a las que se puede optar:<\/p>\n<p>-Industria<\/p>\n<p>-Investigaci\u00f3n<\/p>\n<p>-PYME<\/p>\n<p>-Pa\u00edses no-europeos<\/p>\n<p>-Reconocimiento a toda una vida.<\/p>\n<p>La fecha l\u00edmite para el env\u00edo de candidaturas es el <strong>28 de septiembre de 2018<\/strong>, y deben presentarse en ingl\u00e9s.<\/p>\n<p>M\u00e1s informaci\u00f3n sobre los requisitos <a href=\"http:\/\/www.epo.org\/learning-events\/european-inventor\/nominate\/rules.html\">aqu\u00ed<\/a> y formulario de presentaci\u00f3n.<\/p>\n","protected":false},"excerpt":{"rendered":"<p>Se ha abierto el plazo para la presentaci\u00f3n de las candidaturas al Premio al Inventor Europeo, que es el premio m\u00e1s prestigioso para la innovaci\u00f3n europea y que es otorgado&#8230;<\/p>\n","protected":false},"author":1,"featured_media":0,"comment_status":"closed","ping_status":"open","sticky":false,"template":"","format":"standard","meta":{"_acf_changed":false,"footnotes":""},"categories":[12],"tags":[],"sector_noticias":[],"class_list":{"0":"post-1239","1":"post","2":"type-post","3":"status-publish","4":"format-standard","6":"category-noticias"},"acf":[],"yoast_head":"<!-- This site is optimized with the Yoast SEO plugin v26.4 - https:\/\/yoast.com\/wordpress\/plugins\/seo\/ -->\n<title>Premio Inventor Europeo del A\u00f1o 2019 - Abril Abogados<\/title>\n<meta name=\"robots\" content=\"index, follow, max-snippet:-1, max-image-preview:large, max-video-preview:-1\" \/>\n<link rel=\"canonical\" href=\"https:\/\/www.abrilabogados.com\/en\/noticias\/premio-inventor-europeo-del-ano-2019\/\" \/>\n<meta property=\"og:locale\" content=\"en_US\" \/>\n<meta property=\"og:type\" content=\"article\" \/>\n<meta property=\"og:title\" content=\"Premio Inventor Europeo del A\u00f1o 2019 - Abril Abogados\" \/>\n<meta property=\"og:description\" content=\"Se ha abierto el plazo para la presentaci\u00f3n de las candidaturas al Premio al Inventor Europeo, que es el premio m\u00e1s prestigioso para la innovaci\u00f3n europea y que es otorgado...\" \/>\n<meta property=\"og:url\" content=\"https:\/\/www.abrilabogados.com\/en\/noticias\/premio-inventor-europeo-del-ano-2019\/\" \/>\n<meta property=\"og:site_name\" content=\"Abril Abogados\" \/>\n<meta property=\"article:published_time\" content=\"2018-08-03T22:00:00+00:00\" \/>\n<meta property=\"article:modified_time\" content=\"2026-04-23T20:23:36+00:00\" \/>\n<meta name=\"author\" content=\"admin\" \/>\n<meta name=\"twitter:card\" content=\"summary_large_image\" \/>\n<meta name=\"twitter:label1\" content=\"Written by\" \/>\n\t<meta name=\"twitter:data1\" content=\"admin\" \/>\n\t<meta name=\"twitter:label2\" content=\"Est. reading time\" \/>\n\t<meta name=\"twitter:data2\" content=\"1 minute\" \/>\n<script type=\"application\/ld+json\" class=\"yoast-schema-graph\">{\"@context\":\"https:\/\/schema.org\",\"@graph\":[{\"@type\":\"WebPage\",\"@id\":\"https:\/\/www.abrilabogados.com\/en\/noticias\/premio-inventor-europeo-del-ano-2019\/\",\"url\":\"https:\/\/www.abrilabogados.com\/en\/noticias\/premio-inventor-europeo-del-ano-2019\/\",\"name\":\"Premio Inventor Europeo del A\u00f1o 2019 - Abril Abogados\",\"isPartOf\":{\"@id\":\"https:\/\/www.abrilabogados.com\/en\/#website\"},\"datePublished\":\"2018-08-03T22:00:00+00:00\",\"dateModified\":\"2026-04-23T20:23:36+00:00\",\"author\":{\"@id\":\"https:\/\/www.abrilabogados.com\/en\/#\/schema\/person\/750a358f28e46d5003b31222bddd9ed8\"},\"breadcrumb\":{\"@id\":\"https:\/\/www.abrilabogados.com\/en\/noticias\/premio-inventor-europeo-del-ano-2019\/#breadcrumb\"},\"inLanguage\":\"en-US\",\"potentialAction\":[{\"@type\":\"ReadAction\",\"target\":[\"https:\/\/www.abrilabogados.com\/en\/noticias\/premio-inventor-europeo-del-ano-2019\/\"]}]},{\"@type\":\"BreadcrumbList\",\"@id\":\"https:\/\/www.abrilabogados.com\/en\/noticias\/premio-inventor-europeo-del-ano-2019\/#breadcrumb\",\"itemListElement\":[{\"@type\":\"ListItem\",\"position\":1,\"name\":\"Abril Abogados News\",\"item\":\"\/en\/noticias\/\"},{\"@type\":\"ListItem\",\"position\":2,\"name\":\"Premio Inventor Europeo del A\u00f1o 2019\"}]},{\"@type\":\"WebSite\",\"@id\":\"https:\/\/www.abrilabogados.com\/en\/#website\",\"url\":\"https:\/\/www.abrilabogados.com\/en\/\",\"name\":\"Abril Abogados\",\"description\":\"\",\"potentialAction\":[{\"@type\":\"SearchAction\",\"target\":{\"@type\":\"EntryPoint\",\"urlTemplate\":\"https:\/\/www.abrilabogados.com\/en\/?s={search_term_string}\"},\"query-input\":{\"@type\":\"PropertyValueSpecification\",\"valueRequired\":true,\"valueName\":\"search_term_string\"}}],\"inLanguage\":\"en-US\"},{\"@type\":\"Person\",\"@id\":\"https:\/\/www.abrilabogados.com\/en\/#\/schema\/person\/750a358f28e46d5003b31222bddd9ed8\",\"name\":\"admin\",\"image\":{\"@type\":\"ImageObject\",\"inLanguage\":\"en-US\",\"@id\":\"https:\/\/www.abrilabogados.com\/en\/#\/schema\/person\/image\/\",\"url\":\"https:\/\/secure.gravatar.com\/avatar\/52d6bc19e862502e6ff2f700f23c607b54491a2d4a05fc0f2a79b8077f4bc25c?s=96&d=mm&r=g\",\"contentUrl\":\"https:\/\/secure.gravatar.com\/avatar\/52d6bc19e862502e6ff2f700f23c607b54491a2d4a05fc0f2a79b8077f4bc25c?s=96&d=mm&r=g\",\"caption\":\"admin\"},\"sameAs\":[\"https:\/\/www.abrilabogados.com\"],\"url\":\"https:\/\/www.abrilabogados.com\/en\/noticias\/author\/charly_wpadmin\/\"}]}<\/script>\n<!-- \/ Yoast SEO plugin. -->","yoast_head_json":{"title":"Premio Inventor Europeo del A\u00f1o 2019 - Abril Abogados","robots":{"index":"index","follow":"follow","max-snippet":"max-snippet:-1","max-image-preview":"max-image-preview:large","max-video-preview":"max-video-preview:-1"},"canonical":"https:\/\/www.abrilabogados.com\/en\/noticias\/premio-inventor-europeo-del-ano-2019\/","og_locale":"en_US","og_type":"article","og_title":"Premio Inventor Europeo del A\u00f1o 2019 - Abril Abogados","og_description":"Se ha abierto el plazo para la presentaci\u00f3n de las candidaturas al Premio al Inventor Europeo, que es el premio m\u00e1s prestigioso para la innovaci\u00f3n europea y que es otorgado...","og_url":"https:\/\/www.abrilabogados.com\/en\/noticias\/premio-inventor-europeo-del-ano-2019\/","og_site_name":"Abril Abogados","article_published_time":"2018-08-03T22:00:00+00:00","article_modified_time":"2026-04-23T20:23:36+00:00","author":"admin","twitter_card":"summary_large_image","twitter_misc":{"Written by":"admin","Est. reading time":"1 minute"},"schema":{"@context":"https:\/\/schema.org","@graph":[{"@type":"WebPage","@id":"https:\/\/www.abrilabogados.com\/en\/noticias\/premio-inventor-europeo-del-ano-2019\/","url":"https:\/\/www.abrilabogados.com\/en\/noticias\/premio-inventor-europeo-del-ano-2019\/","name":"Premio Inventor Europeo del A\u00f1o 2019 - Abril Abogados","isPartOf":{"@id":"https:\/\/www.abrilabogados.com\/en\/#website"},"datePublished":"2018-08-03T22:00:00+00:00","dateModified":"2026-04-23T20:23:36+00:00","author":{"@id":"https:\/\/www.abrilabogados.com\/en\/#\/schema\/person\/750a358f28e46d5003b31222bddd9ed8"},"breadcrumb":{"@id":"https:\/\/www.abrilabogados.com\/en\/noticias\/premio-inventor-europeo-del-ano-2019\/#breadcrumb"},"inLanguage":"en-US","potentialAction":[{"@type":"ReadAction","target":["https:\/\/www.abrilabogados.com\/en\/noticias\/premio-inventor-europeo-del-ano-2019\/"]}]},{"@type":"BreadcrumbList","@id":"https:\/\/www.abrilabogados.com\/en\/noticias\/premio-inventor-europeo-del-ano-2019\/#breadcrumb","itemListElement":[{"@type":"ListItem","position":1,"name":"Abril Abogados News","item":"\/en\/noticias\/"},{"@type":"ListItem","position":2,"name":"Premio Inventor Europeo del A\u00f1o 2019"}]},{"@type":"WebSite","@id":"https:\/\/www.abrilabogados.com\/en\/#website","url":"https:\/\/www.abrilabogados.com\/en\/","name":"Abril Abogados","description":"","potentialAction":[{"@type":"SearchAction","target":{"@type":"EntryPoint","urlTemplate":"https:\/\/www.abrilabogados.com\/en\/?s={search_term_string}"},"query-input":{"@type":"PropertyValueSpecification","valueRequired":true,"valueName":"search_term_string"}}],"inLanguage":"en-US"},{"@type":"Person","@id":"https:\/\/www.abrilabogados.com\/en\/#\/schema\/person\/750a358f28e46d5003b31222bddd9ed8","name":"admin","image":{"@type":"ImageObject","inLanguage":"en-US","@id":"https:\/\/www.abrilabogados.com\/en\/#\/schema\/person\/image\/","url":"https:\/\/secure.gravatar.com\/avatar\/52d6bc19e862502e6ff2f700f23c607b54491a2d4a05fc0f2a79b8077f4bc25c?s=96&d=mm&r=g","contentUrl":"https:\/\/secure.gravatar.com\/avatar\/52d6bc19e862502e6ff2f700f23c607b54491a2d4a05fc0f2a79b8077f4bc25c?s=96&d=mm&r=g","caption":"admin"},"sameAs":["https:\/\/www.abrilabogados.com"],"url":"https:\/\/www.abrilabogados.com\/en\/noticias\/author\/charly_wpadmin\/"}]}},"_links":{"self":[{"href":"https:\/\/www.abrilabogados.com\/en\/wp-json\/wp\/v2\/posts\/1239","targetHints":{"allow":["GET"]}}],"collection":[{"href":"https:\/\/www.abrilabogados.com\/en\/wp-json\/wp\/v2\/posts"}],"about":[{"href":"https:\/\/www.abrilabogados.com\/en\/wp-json\/wp\/v2\/types\/post"}],"author":[{"embeddable":true,"href":"https:\/\/www.abrilabogados.com\/en\/wp-json\/wp\/v2\/users\/1"}],"replies":[{"embeddable":true,"href":"https:\/\/www.abrilabogados.com\/en\/wp-json\/wp\/v2\/comments?post=1239"}],"version-history":[{"count":1,"href":"https:\/\/www.abrilabogados.com\/en\/wp-json\/wp\/v2\/posts\/1239\/revisions"}],"predecessor-version":[{"id":3843,"href":"https:\/\/www.abrilabogados.com\/en\/wp-json\/wp\/v2\/posts\/1239\/revisions\/3843"}],"wp:attachment":[{"href":"https:\/\/www.abrilabogados.com\/en\/wp-json\/wp\/v2\/media?parent=1239"}],"wp:term":[{"taxonomy":"category","embeddable":true,"href":"https:\/\/www.abrilabogados.com\/en\/wp-json\/wp\/v2\/categories?post=1239"},{"taxonomy":"post_tag","embeddable":true,"href":"https:\/\/www.abrilabogados.com\/en\/wp-json\/wp\/v2\/tags?post=1239"},{"taxonomy":"sector_noticias","embeddable":true,"href":"https:\/\/www.abrilabogados.com\/en\/wp-json\/wp\/v2\/sector_noticias?post=1239"}],"curies":[{"name":"wp","href":"https:\/\/api.w.org\/{rel}","templated":true}]}}