{"id":1243,"date":"2018-05-24T00:00:00","date_gmt":"2018-05-23T22:00:00","guid":{"rendered":"https:\/\/www.abrilabogados.com\/subvenciones-para-el-fomento-de-las-solicitudes-de-patentes-y-modelos-de-utilidad-y-su-extension-fuera-de-espana\/"},"modified":"2026-04-23T22:23:37","modified_gmt":"2026-04-23T20:23:37","slug":"subvenciones-para-el-fomento-de-las-solicitudes-de-patentes-y-modelos-de-utilidad-y-su-extension-fuera-de-espana","status":"publish","type":"post","link":"https:\/\/www.abrilabogados.com\/en\/noticias\/subvenciones-para-el-fomento-de-las-solicitudes-de-patentes-y-modelos-de-utilidad-y-su-extension-fuera-de-espana\/","title":{"rendered":"Subvenciones para el fomento de las solicitudes de patentes y modelos de utilidad y su extensi\u00f3n fuera de Espa\u00f1a"},"content":{"rendered":"<p>El pasado 19 de mayo<b>\u00a0<\/b>se public\u00f3 en el BOE la Resoluci\u00f3n de la OEPM por la que se convoca\u00a0\u00a0el\u00a0Plan de ayudas de subvenciones para el fomento de las solicitudes de Patentes y Modelos de Utilidad espa\u00f1oles y en el exterior.<\/p>\n<p>Las ayudas que se convocan son:<\/p>\n<ul>\n<li>Subvenciones a la extensi\u00f3n de una solicitud de una patente o de un modelo de utilidad, ante las oficinas nacionales de pa\u00edses terceros u oficinas regionales de patentes, en el marco de procedimientos de concesi\u00f3n de patentes o de modelos de utilidad nacionales o regionales. Entre otros conceptos subvencionables, la convocatoria 2018 incluir\u00e1: tr\u00e1mites de solicitud, informe de b\u00fasqueda, examen o concesi\u00f3n, anualidades de la EPO y validaci\u00f3n de patente europea.<\/li>\n<li>Subvenciones a las actividades realizadas dentro del procedimiento internacional PCT (tr\u00e1mites de solicitud, b\u00fasqueda internacional, o en su defecto, examen preliminar).<\/li>\n<li>Subvenciones a las solicitudes de patentes y modelos de utilidad espa\u00f1oles (tr\u00e1mites de solicitud y\/o informe de b\u00fasqueda (IET)).<\/li>\n<\/ul>\n<p>&nbsp;<\/p>\n<p>Las actividades objeto de subvenci\u00f3n son:<\/p>\n<ul>\n<li>Programa para el Fomento de las Solicitudes de Patentes y Modelos de Utilidad en el exterior, para aquellas cuyo gasto se haya realizado desde el 1 de mayo de 2016 hasta el 30 de junio de 2017. En el caso de las traducciones, \u00e9stas han de haber sido presentadas ante las oficinas nacionales extranjeras o regionales entre estas mismas fechas.<\/li>\n<li>Programa para el Fomento de las Solicitudes de Patentes y Modelos de Utilidad Espa\u00f1oles. Se recibir\u00e1 subvenci\u00f3n si la solicitud del modelo de utilidad, o la solicitud de la patente de invenci\u00f3n junto con el informe sobre el Estado de la T\u00e9cnica ha sido publicada en el BOPI de la OEPM durante los a\u00f1os 2015, 2016 y hasta el 30 de junio de 2017, siempre que no se haya recibido subvenci\u00f3n en las convocatorias anteriores de estas ayudas.<\/li>\n<\/ul>\n<p><b>El plazo de presentaci\u00f3n de solicitudes es del\u00a020 de mayo al 19 de junio de 2018. <\/b><\/p>\n<p><a href=\"http:\/\/www.oepm.es\/es\/propiedad_industrial\/ayudas\/ayudas_de_la_oepm_para_fomento_de_patentes_y_modelos_de_utilidad_2018\/convocatoria_2018.html\"><u>Para m\u00e1s informaci\u00f3n pincha aqu\u00ed<\/u><\/a><\/p>\n<p><a href=\"\/imaxes\/image\/documentos\/31a9_Patentes Subvenciones.pdf\">Ver Documento<\/a><\/p>\n","protected":false},"excerpt":{"rendered":"<p>El pasado 19 de mayo\u00a0se public\u00f3 en el BOE la Resoluci\u00f3n de la OEPM por la que se convoca\u00a0\u00a0el\u00a0Plan de ayudas de subvenciones para el fomento de las solicitudes de&#8230;<\/p>\n","protected":false},"author":1,"featured_media":0,"comment_status":"closed","ping_status":"open","sticky":false,"template":"","format":"standard","meta":{"_acf_changed":false,"footnotes":""},"categories":[12],"tags":[],"sector_noticias":[],"class_list":{"0":"post-1243","1":"post","2":"type-post","3":"status-publish","4":"format-standard","6":"category-noticias"},"acf":[],"yoast_head":"<!-- This site is optimized with the Yoast SEO plugin v26.4 - https:\/\/yoast.com\/wordpress\/plugins\/seo\/ -->\n<title>Subvenciones para el fomento de las solicitudes de patentes y modelos de utilidad y su extensi\u00f3n fuera de Espa\u00f1a - Abril Abogados<\/title>\n<meta name=\"robots\" content=\"index, follow, max-snippet:-1, max-image-preview:large, max-video-preview:-1\" \/>\n<link rel=\"canonical\" href=\"https:\/\/www.abrilabogados.com\/en\/noticias\/subvenciones-para-el-fomento-de-las-solicitudes-de-patentes-y-modelos-de-utilidad-y-su-extension-fuera-de-espana\/\" \/>\n<meta property=\"og:locale\" content=\"en_US\" \/>\n<meta property=\"og:type\" content=\"article\" \/>\n<meta property=\"og:title\" content=\"Subvenciones para el fomento de las solicitudes de patentes y modelos de utilidad y su extensi\u00f3n fuera de Espa\u00f1a - Abril Abogados\" \/>\n<meta property=\"og:description\" content=\"El pasado 19 de mayo\u00a0se public\u00f3 en el BOE la Resoluci\u00f3n de la OEPM por la que se convoca\u00a0\u00a0el\u00a0Plan de ayudas de subvenciones para el fomento de las solicitudes de...\" \/>\n<meta property=\"og:url\" content=\"https:\/\/www.abrilabogados.com\/en\/noticias\/subvenciones-para-el-fomento-de-las-solicitudes-de-patentes-y-modelos-de-utilidad-y-su-extension-fuera-de-espana\/\" \/>\n<meta property=\"og:site_name\" content=\"Abril Abogados\" \/>\n<meta property=\"article:published_time\" content=\"2018-05-23T22:00:00+00:00\" \/>\n<meta property=\"article:modified_time\" content=\"2026-04-23T20:23:37+00:00\" \/>\n<meta name=\"author\" content=\"admin\" \/>\n<meta name=\"twitter:card\" content=\"summary_large_image\" \/>\n<meta name=\"twitter:label1\" content=\"Written by\" \/>\n\t<meta name=\"twitter:data1\" content=\"admin\" \/>\n\t<meta name=\"twitter:label2\" content=\"Est. reading time\" \/>\n\t<meta name=\"twitter:data2\" content=\"2 minutes\" \/>\n<script type=\"application\/ld+json\" class=\"yoast-schema-graph\">{\"@context\":\"https:\/\/schema.org\",\"@graph\":[{\"@type\":\"WebPage\",\"@id\":\"https:\/\/www.abrilabogados.com\/en\/noticias\/subvenciones-para-el-fomento-de-las-solicitudes-de-patentes-y-modelos-de-utilidad-y-su-extension-fuera-de-espana\/\",\"url\":\"https:\/\/www.abrilabogados.com\/en\/noticias\/subvenciones-para-el-fomento-de-las-solicitudes-de-patentes-y-modelos-de-utilidad-y-su-extension-fuera-de-espana\/\",\"name\":\"Subvenciones para el fomento de las solicitudes de patentes y modelos de utilidad y su extensi\u00f3n fuera de Espa\u00f1a - Abril Abogados\",\"isPartOf\":{\"@id\":\"https:\/\/www.abrilabogados.com\/en\/#website\"},\"datePublished\":\"2018-05-23T22:00:00+00:00\",\"dateModified\":\"2026-04-23T20:23:37+00:00\",\"author\":{\"@id\":\"https:\/\/www.abrilabogados.com\/en\/#\/schema\/person\/750a358f28e46d5003b31222bddd9ed8\"},\"breadcrumb\":{\"@id\":\"https:\/\/www.abrilabogados.com\/en\/noticias\/subvenciones-para-el-fomento-de-las-solicitudes-de-patentes-y-modelos-de-utilidad-y-su-extension-fuera-de-espana\/#breadcrumb\"},\"inLanguage\":\"en-US\",\"potentialAction\":[{\"@type\":\"ReadAction\",\"target\":[\"https:\/\/www.abrilabogados.com\/en\/noticias\/subvenciones-para-el-fomento-de-las-solicitudes-de-patentes-y-modelos-de-utilidad-y-su-extension-fuera-de-espana\/\"]}]},{\"@type\":\"BreadcrumbList\",\"@id\":\"https:\/\/www.abrilabogados.com\/en\/noticias\/subvenciones-para-el-fomento-de-las-solicitudes-de-patentes-y-modelos-de-utilidad-y-su-extension-fuera-de-espana\/#breadcrumb\",\"itemListElement\":[{\"@type\":\"ListItem\",\"position\":1,\"name\":\"Abril Abogados News\",\"item\":\"\/en\/noticias\/\"},{\"@type\":\"ListItem\",\"position\":2,\"name\":\"Subvenciones para el fomento de las solicitudes de patentes y modelos de utilidad y su extensi\u00f3n fuera de Espa\u00f1a\"}]},{\"@type\":\"WebSite\",\"@id\":\"https:\/\/www.abrilabogados.com\/en\/#website\",\"url\":\"https:\/\/www.abrilabogados.com\/en\/\",\"name\":\"Abril Abogados\",\"description\":\"\",\"potentialAction\":[{\"@type\":\"SearchAction\",\"target\":{\"@type\":\"EntryPoint\",\"urlTemplate\":\"https:\/\/www.abrilabogados.com\/en\/?s={search_term_string}\"},\"query-input\":{\"@type\":\"PropertyValueSpecification\",\"valueRequired\":true,\"valueName\":\"search_term_string\"}}],\"inLanguage\":\"en-US\"},{\"@type\":\"Person\",\"@id\":\"https:\/\/www.abrilabogados.com\/en\/#\/schema\/person\/750a358f28e46d5003b31222bddd9ed8\",\"name\":\"admin\",\"image\":{\"@type\":\"ImageObject\",\"inLanguage\":\"en-US\",\"@id\":\"https:\/\/www.abrilabogados.com\/en\/#\/schema\/person\/image\/\",\"url\":\"https:\/\/secure.gravatar.com\/avatar\/52d6bc19e862502e6ff2f700f23c607b54491a2d4a05fc0f2a79b8077f4bc25c?s=96&d=mm&r=g\",\"contentUrl\":\"https:\/\/secure.gravatar.com\/avatar\/52d6bc19e862502e6ff2f700f23c607b54491a2d4a05fc0f2a79b8077f4bc25c?s=96&d=mm&r=g\",\"caption\":\"admin\"},\"sameAs\":[\"https:\/\/www.abrilabogados.com\"],\"url\":\"https:\/\/www.abrilabogados.com\/en\/noticias\/author\/charly_wpadmin\/\"}]}<\/script>\n<!-- \/ Yoast SEO plugin. -->","yoast_head_json":{"title":"Subvenciones para el fomento de las solicitudes de patentes y modelos de utilidad y su extensi\u00f3n fuera de Espa\u00f1a - Abril Abogados","robots":{"index":"index","follow":"follow","max-snippet":"max-snippet:-1","max-image-preview":"max-image-preview:large","max-video-preview":"max-video-preview:-1"},"canonical":"https:\/\/www.abrilabogados.com\/en\/noticias\/subvenciones-para-el-fomento-de-las-solicitudes-de-patentes-y-modelos-de-utilidad-y-su-extension-fuera-de-espana\/","og_locale":"en_US","og_type":"article","og_title":"Subvenciones para el fomento de las solicitudes de patentes y modelos de utilidad y su extensi\u00f3n fuera de Espa\u00f1a - Abril Abogados","og_description":"El pasado 19 de mayo\u00a0se public\u00f3 en el BOE la Resoluci\u00f3n de la OEPM por la que se convoca\u00a0\u00a0el\u00a0Plan de ayudas de subvenciones para el fomento de las solicitudes de...","og_url":"https:\/\/www.abrilabogados.com\/en\/noticias\/subvenciones-para-el-fomento-de-las-solicitudes-de-patentes-y-modelos-de-utilidad-y-su-extension-fuera-de-espana\/","og_site_name":"Abril Abogados","article_published_time":"2018-05-23T22:00:00+00:00","article_modified_time":"2026-04-23T20:23:37+00:00","author":"admin","twitter_card":"summary_large_image","twitter_misc":{"Written by":"admin","Est. reading time":"2 minutes"},"schema":{"@context":"https:\/\/schema.org","@graph":[{"@type":"WebPage","@id":"https:\/\/www.abrilabogados.com\/en\/noticias\/subvenciones-para-el-fomento-de-las-solicitudes-de-patentes-y-modelos-de-utilidad-y-su-extension-fuera-de-espana\/","url":"https:\/\/www.abrilabogados.com\/en\/noticias\/subvenciones-para-el-fomento-de-las-solicitudes-de-patentes-y-modelos-de-utilidad-y-su-extension-fuera-de-espana\/","name":"Subvenciones para el fomento de las solicitudes de patentes y modelos de utilidad y su extensi\u00f3n fuera de Espa\u00f1a - Abril Abogados","isPartOf":{"@id":"https:\/\/www.abrilabogados.com\/en\/#website"},"datePublished":"2018-05-23T22:00:00+00:00","dateModified":"2026-04-23T20:23:37+00:00","author":{"@id":"https:\/\/www.abrilabogados.com\/en\/#\/schema\/person\/750a358f28e46d5003b31222bddd9ed8"},"breadcrumb":{"@id":"https:\/\/www.abrilabogados.com\/en\/noticias\/subvenciones-para-el-fomento-de-las-solicitudes-de-patentes-y-modelos-de-utilidad-y-su-extension-fuera-de-espana\/#breadcrumb"},"inLanguage":"en-US","potentialAction":[{"@type":"ReadAction","target":["https:\/\/www.abrilabogados.com\/en\/noticias\/subvenciones-para-el-fomento-de-las-solicitudes-de-patentes-y-modelos-de-utilidad-y-su-extension-fuera-de-espana\/"]}]},{"@type":"BreadcrumbList","@id":"https:\/\/www.abrilabogados.com\/en\/noticias\/subvenciones-para-el-fomento-de-las-solicitudes-de-patentes-y-modelos-de-utilidad-y-su-extension-fuera-de-espana\/#breadcrumb","itemListElement":[{"@type":"ListItem","position":1,"name":"Abril Abogados News","item":"\/en\/noticias\/"},{"@type":"ListItem","position":2,"name":"Subvenciones para el fomento de las solicitudes de patentes y modelos de utilidad y su extensi\u00f3n fuera de Espa\u00f1a"}]},{"@type":"WebSite","@id":"https:\/\/www.abrilabogados.com\/en\/#website","url":"https:\/\/www.abrilabogados.com\/en\/","name":"Abril Abogados","description":"","potentialAction":[{"@type":"SearchAction","target":{"@type":"EntryPoint","urlTemplate":"https:\/\/www.abrilabogados.com\/en\/?s={search_term_string}"},"query-input":{"@type":"PropertyValueSpecification","valueRequired":true,"valueName":"search_term_string"}}],"inLanguage":"en-US"},{"@type":"Person","@id":"https:\/\/www.abrilabogados.com\/en\/#\/schema\/person\/750a358f28e46d5003b31222bddd9ed8","name":"admin","image":{"@type":"ImageObject","inLanguage":"en-US","@id":"https:\/\/www.abrilabogados.com\/en\/#\/schema\/person\/image\/","url":"https:\/\/secure.gravatar.com\/avatar\/52d6bc19e862502e6ff2f700f23c607b54491a2d4a05fc0f2a79b8077f4bc25c?s=96&d=mm&r=g","contentUrl":"https:\/\/secure.gravatar.com\/avatar\/52d6bc19e862502e6ff2f700f23c607b54491a2d4a05fc0f2a79b8077f4bc25c?s=96&d=mm&r=g","caption":"admin"},"sameAs":["https:\/\/www.abrilabogados.com"],"url":"https:\/\/www.abrilabogados.com\/en\/noticias\/author\/charly_wpadmin\/"}]}},"_links":{"self":[{"href":"https:\/\/www.abrilabogados.com\/en\/wp-json\/wp\/v2\/posts\/1243","targetHints":{"allow":["GET"]}}],"collection":[{"href":"https:\/\/www.abrilabogados.com\/en\/wp-json\/wp\/v2\/posts"}],"about":[{"href":"https:\/\/www.abrilabogados.com\/en\/wp-json\/wp\/v2\/types\/post"}],"author":[{"embeddable":true,"href":"https:\/\/www.abrilabogados.com\/en\/wp-json\/wp\/v2\/users\/1"}],"replies":[{"embeddable":true,"href":"https:\/\/www.abrilabogados.com\/en\/wp-json\/wp\/v2\/comments?post=1243"}],"version-history":[{"count":1,"href":"https:\/\/www.abrilabogados.com\/en\/wp-json\/wp\/v2\/posts\/1243\/revisions"}],"predecessor-version":[{"id":3846,"href":"https:\/\/www.abrilabogados.com\/en\/wp-json\/wp\/v2\/posts\/1243\/revisions\/3846"}],"wp:attachment":[{"href":"https:\/\/www.abrilabogados.com\/en\/wp-json\/wp\/v2\/media?parent=1243"}],"wp:term":[{"taxonomy":"category","embeddable":true,"href":"https:\/\/www.abrilabogados.com\/en\/wp-json\/wp\/v2\/categories?post=1243"},{"taxonomy":"post_tag","embeddable":true,"href":"https:\/\/www.abrilabogados.com\/en\/wp-json\/wp\/v2\/tags?post=1243"},{"taxonomy":"sector_noticias","embeddable":true,"href":"https:\/\/www.abrilabogados.com\/en\/wp-json\/wp\/v2\/sector_noticias?post=1243"}],"curies":[{"name":"wp","href":"https:\/\/api.w.org\/{rel}","templated":true}]}}