{"id":1252,"date":"2018-03-24T00:00:00","date_gmt":"2018-03-23T23:00:00","guid":{"rendered":"https:\/\/www.abrilabogados.com\/el-reino-unido-ratifica-el-arreglo-de-la-haya-de-disenos\/"},"modified":"2026-04-23T22:23:38","modified_gmt":"2026-04-23T20:23:38","slug":"el-reino-unido-ratifica-el-arreglo-de-la-haya-de-disenos","status":"publish","type":"post","link":"https:\/\/www.abrilabogados.com\/en\/noticias\/el-reino-unido-ratifica-el-arreglo-de-la-haya-de-disenos\/","title":{"rendered":"El Reino Unido ratifica el Arreglo de La Haya de dise\u00f1os"},"content":{"rendered":"<p>El pasado 13 de marzo , el Reino Unido deposit\u00f3 el instrumento de ratificaci\u00f3n del Arreglo de La Haya con la OMPI, en Ginebra, completando su \u00faltimo paso hacia la adhesi\u00f3n al mismo que entrar\u00e1 en vigor el pr\u00f3ximo 13 de junio.<!--more--><\/p>\n<p>Esta adhesi\u00f3n permitir\u00e1 a los solicitantes registrar dise\u00f1os en el Reino Unido a trav\u00e9s de una solicitud Internacional en la OMPI, sin tener que realizar m\u00faltiples solicitudes en las oficinas nacionales, en 68 pa\u00edses y organizaciones intergubernamentales.<\/p>\n<p>Esta protecci\u00f3n supondr\u00e1 un ahorro de costes y ofrecer\u00e1 comodidad a los solicitantes y supondr\u00e1 una v\u00eda alternativa una vez que\u00a0 Reino Unido abandone la Uni\u00f3n Europea.<\/p>\n","protected":false},"excerpt":{"rendered":"<p>El pasado 13 de marzo , el Reino Unido deposit\u00f3 el instrumento de ratificaci\u00f3n del Arreglo de La Haya con la OMPI, en Ginebra, completando su \u00faltimo paso hacia la&#8230;<\/p>\n","protected":false},"author":1,"featured_media":0,"comment_status":"closed","ping_status":"open","sticky":false,"template":"","format":"standard","meta":{"_acf_changed":false,"footnotes":""},"categories":[12],"tags":[],"sector_noticias":[],"class_list":{"0":"post-1252","1":"post","2":"type-post","3":"status-publish","4":"format-standard","6":"category-noticias"},"acf":[],"yoast_head":"<!-- This site is optimized with the Yoast SEO plugin v26.4 - https:\/\/yoast.com\/wordpress\/plugins\/seo\/ -->\n<title>El Reino Unido ratifica el Arreglo de La Haya de dise\u00f1os - Abril Abogados<\/title>\n<meta name=\"robots\" content=\"index, follow, max-snippet:-1, max-image-preview:large, max-video-preview:-1\" \/>\n<link rel=\"canonical\" href=\"https:\/\/www.abrilabogados.com\/en\/noticias\/el-reino-unido-ratifica-el-arreglo-de-la-haya-de-disenos\/\" \/>\n<meta property=\"og:locale\" content=\"en_US\" \/>\n<meta property=\"og:type\" content=\"article\" \/>\n<meta property=\"og:title\" content=\"El Reino Unido ratifica el Arreglo de La Haya de dise\u00f1os - Abril Abogados\" \/>\n<meta property=\"og:description\" content=\"El pasado 13 de marzo , el Reino Unido deposit\u00f3 el instrumento de ratificaci\u00f3n del Arreglo de La Haya con la OMPI, en Ginebra, completando su \u00faltimo paso hacia la...\" \/>\n<meta property=\"og:url\" content=\"https:\/\/www.abrilabogados.com\/en\/noticias\/el-reino-unido-ratifica-el-arreglo-de-la-haya-de-disenos\/\" \/>\n<meta property=\"og:site_name\" content=\"Abril Abogados\" \/>\n<meta property=\"article:published_time\" content=\"2018-03-23T23:00:00+00:00\" \/>\n<meta property=\"article:modified_time\" content=\"2026-04-23T20:23:38+00:00\" \/>\n<meta name=\"author\" content=\"admin\" \/>\n<meta name=\"twitter:card\" content=\"summary_large_image\" \/>\n<meta name=\"twitter:label1\" content=\"Written by\" \/>\n\t<meta name=\"twitter:data1\" content=\"admin\" \/>\n\t<meta name=\"twitter:label2\" content=\"Est. reading time\" \/>\n\t<meta name=\"twitter:data2\" content=\"1 minute\" \/>\n<script type=\"application\/ld+json\" class=\"yoast-schema-graph\">{\"@context\":\"https:\/\/schema.org\",\"@graph\":[{\"@type\":\"WebPage\",\"@id\":\"https:\/\/www.abrilabogados.com\/en\/noticias\/el-reino-unido-ratifica-el-arreglo-de-la-haya-de-disenos\/\",\"url\":\"https:\/\/www.abrilabogados.com\/en\/noticias\/el-reino-unido-ratifica-el-arreglo-de-la-haya-de-disenos\/\",\"name\":\"El Reino Unido ratifica el Arreglo de La Haya de dise\u00f1os - Abril Abogados\",\"isPartOf\":{\"@id\":\"https:\/\/www.abrilabogados.com\/en\/#website\"},\"datePublished\":\"2018-03-23T23:00:00+00:00\",\"dateModified\":\"2026-04-23T20:23:38+00:00\",\"author\":{\"@id\":\"https:\/\/www.abrilabogados.com\/en\/#\/schema\/person\/750a358f28e46d5003b31222bddd9ed8\"},\"breadcrumb\":{\"@id\":\"https:\/\/www.abrilabogados.com\/en\/noticias\/el-reino-unido-ratifica-el-arreglo-de-la-haya-de-disenos\/#breadcrumb\"},\"inLanguage\":\"en-US\",\"potentialAction\":[{\"@type\":\"ReadAction\",\"target\":[\"https:\/\/www.abrilabogados.com\/en\/noticias\/el-reino-unido-ratifica-el-arreglo-de-la-haya-de-disenos\/\"]}]},{\"@type\":\"BreadcrumbList\",\"@id\":\"https:\/\/www.abrilabogados.com\/en\/noticias\/el-reino-unido-ratifica-el-arreglo-de-la-haya-de-disenos\/#breadcrumb\",\"itemListElement\":[{\"@type\":\"ListItem\",\"position\":1,\"name\":\"Abril Abogados News\",\"item\":\"\/en\/noticias\/\"},{\"@type\":\"ListItem\",\"position\":2,\"name\":\"El Reino Unido ratifica el Arreglo de La Haya de dise\u00f1os\"}]},{\"@type\":\"WebSite\",\"@id\":\"https:\/\/www.abrilabogados.com\/en\/#website\",\"url\":\"https:\/\/www.abrilabogados.com\/en\/\",\"name\":\"Abril Abogados\",\"description\":\"\",\"potentialAction\":[{\"@type\":\"SearchAction\",\"target\":{\"@type\":\"EntryPoint\",\"urlTemplate\":\"https:\/\/www.abrilabogados.com\/en\/?s={search_term_string}\"},\"query-input\":{\"@type\":\"PropertyValueSpecification\",\"valueRequired\":true,\"valueName\":\"search_term_string\"}}],\"inLanguage\":\"en-US\"},{\"@type\":\"Person\",\"@id\":\"https:\/\/www.abrilabogados.com\/en\/#\/schema\/person\/750a358f28e46d5003b31222bddd9ed8\",\"name\":\"admin\",\"image\":{\"@type\":\"ImageObject\",\"inLanguage\":\"en-US\",\"@id\":\"https:\/\/www.abrilabogados.com\/en\/#\/schema\/person\/image\/\",\"url\":\"https:\/\/secure.gravatar.com\/avatar\/52d6bc19e862502e6ff2f700f23c607b54491a2d4a05fc0f2a79b8077f4bc25c?s=96&d=mm&r=g\",\"contentUrl\":\"https:\/\/secure.gravatar.com\/avatar\/52d6bc19e862502e6ff2f700f23c607b54491a2d4a05fc0f2a79b8077f4bc25c?s=96&d=mm&r=g\",\"caption\":\"admin\"},\"sameAs\":[\"https:\/\/www.abrilabogados.com\"],\"url\":\"https:\/\/www.abrilabogados.com\/en\/noticias\/author\/charly_wpadmin\/\"}]}<\/script>\n<!-- \/ Yoast SEO plugin. -->","yoast_head_json":{"title":"El Reino Unido ratifica el Arreglo de La Haya de dise\u00f1os - Abril Abogados","robots":{"index":"index","follow":"follow","max-snippet":"max-snippet:-1","max-image-preview":"max-image-preview:large","max-video-preview":"max-video-preview:-1"},"canonical":"https:\/\/www.abrilabogados.com\/en\/noticias\/el-reino-unido-ratifica-el-arreglo-de-la-haya-de-disenos\/","og_locale":"en_US","og_type":"article","og_title":"El Reino Unido ratifica el Arreglo de La Haya de dise\u00f1os - Abril Abogados","og_description":"El pasado 13 de marzo , el Reino Unido deposit\u00f3 el instrumento de ratificaci\u00f3n del Arreglo de La Haya con la OMPI, en Ginebra, completando su \u00faltimo paso hacia la...","og_url":"https:\/\/www.abrilabogados.com\/en\/noticias\/el-reino-unido-ratifica-el-arreglo-de-la-haya-de-disenos\/","og_site_name":"Abril Abogados","article_published_time":"2018-03-23T23:00:00+00:00","article_modified_time":"2026-04-23T20:23:38+00:00","author":"admin","twitter_card":"summary_large_image","twitter_misc":{"Written by":"admin","Est. reading time":"1 minute"},"schema":{"@context":"https:\/\/schema.org","@graph":[{"@type":"WebPage","@id":"https:\/\/www.abrilabogados.com\/en\/noticias\/el-reino-unido-ratifica-el-arreglo-de-la-haya-de-disenos\/","url":"https:\/\/www.abrilabogados.com\/en\/noticias\/el-reino-unido-ratifica-el-arreglo-de-la-haya-de-disenos\/","name":"El Reino Unido ratifica el Arreglo de La Haya de dise\u00f1os - Abril Abogados","isPartOf":{"@id":"https:\/\/www.abrilabogados.com\/en\/#website"},"datePublished":"2018-03-23T23:00:00+00:00","dateModified":"2026-04-23T20:23:38+00:00","author":{"@id":"https:\/\/www.abrilabogados.com\/en\/#\/schema\/person\/750a358f28e46d5003b31222bddd9ed8"},"breadcrumb":{"@id":"https:\/\/www.abrilabogados.com\/en\/noticias\/el-reino-unido-ratifica-el-arreglo-de-la-haya-de-disenos\/#breadcrumb"},"inLanguage":"en-US","potentialAction":[{"@type":"ReadAction","target":["https:\/\/www.abrilabogados.com\/en\/noticias\/el-reino-unido-ratifica-el-arreglo-de-la-haya-de-disenos\/"]}]},{"@type":"BreadcrumbList","@id":"https:\/\/www.abrilabogados.com\/en\/noticias\/el-reino-unido-ratifica-el-arreglo-de-la-haya-de-disenos\/#breadcrumb","itemListElement":[{"@type":"ListItem","position":1,"name":"Abril Abogados News","item":"\/en\/noticias\/"},{"@type":"ListItem","position":2,"name":"El Reino Unido ratifica el Arreglo de La Haya de dise\u00f1os"}]},{"@type":"WebSite","@id":"https:\/\/www.abrilabogados.com\/en\/#website","url":"https:\/\/www.abrilabogados.com\/en\/","name":"Abril Abogados","description":"","potentialAction":[{"@type":"SearchAction","target":{"@type":"EntryPoint","urlTemplate":"https:\/\/www.abrilabogados.com\/en\/?s={search_term_string}"},"query-input":{"@type":"PropertyValueSpecification","valueRequired":true,"valueName":"search_term_string"}}],"inLanguage":"en-US"},{"@type":"Person","@id":"https:\/\/www.abrilabogados.com\/en\/#\/schema\/person\/750a358f28e46d5003b31222bddd9ed8","name":"admin","image":{"@type":"ImageObject","inLanguage":"en-US","@id":"https:\/\/www.abrilabogados.com\/en\/#\/schema\/person\/image\/","url":"https:\/\/secure.gravatar.com\/avatar\/52d6bc19e862502e6ff2f700f23c607b54491a2d4a05fc0f2a79b8077f4bc25c?s=96&d=mm&r=g","contentUrl":"https:\/\/secure.gravatar.com\/avatar\/52d6bc19e862502e6ff2f700f23c607b54491a2d4a05fc0f2a79b8077f4bc25c?s=96&d=mm&r=g","caption":"admin"},"sameAs":["https:\/\/www.abrilabogados.com"],"url":"https:\/\/www.abrilabogados.com\/en\/noticias\/author\/charly_wpadmin\/"}]}},"_links":{"self":[{"href":"https:\/\/www.abrilabogados.com\/en\/wp-json\/wp\/v2\/posts\/1252","targetHints":{"allow":["GET"]}}],"collection":[{"href":"https:\/\/www.abrilabogados.com\/en\/wp-json\/wp\/v2\/posts"}],"about":[{"href":"https:\/\/www.abrilabogados.com\/en\/wp-json\/wp\/v2\/types\/post"}],"author":[{"embeddable":true,"href":"https:\/\/www.abrilabogados.com\/en\/wp-json\/wp\/v2\/users\/1"}],"replies":[{"embeddable":true,"href":"https:\/\/www.abrilabogados.com\/en\/wp-json\/wp\/v2\/comments?post=1252"}],"version-history":[{"count":1,"href":"https:\/\/www.abrilabogados.com\/en\/wp-json\/wp\/v2\/posts\/1252\/revisions"}],"predecessor-version":[{"id":3851,"href":"https:\/\/www.abrilabogados.com\/en\/wp-json\/wp\/v2\/posts\/1252\/revisions\/3851"}],"wp:attachment":[{"href":"https:\/\/www.abrilabogados.com\/en\/wp-json\/wp\/v2\/media?parent=1252"}],"wp:term":[{"taxonomy":"category","embeddable":true,"href":"https:\/\/www.abrilabogados.com\/en\/wp-json\/wp\/v2\/categories?post=1252"},{"taxonomy":"post_tag","embeddable":true,"href":"https:\/\/www.abrilabogados.com\/en\/wp-json\/wp\/v2\/tags?post=1252"},{"taxonomy":"sector_noticias","embeddable":true,"href":"https:\/\/www.abrilabogados.com\/en\/wp-json\/wp\/v2\/sector_noticias?post=1252"}],"curies":[{"name":"wp","href":"https:\/\/api.w.org\/{rel}","templated":true}]}}