{"id":1254,"date":"2018-03-21T00:00:00","date_gmt":"2018-03-20T23:00:00","guid":{"rendered":"https:\/\/www.abrilabogados.com\/cancelacion-del-diseno-de-crocs\/"},"modified":"2026-04-23T22:23:39","modified_gmt":"2026-04-23T20:23:39","slug":"cancelacion-del-diseno-de-crocs","status":"publish","type":"post","link":"https:\/\/www.abrilabogados.com\/en\/noticias\/cancelacion-del-diseno-de-crocs\/","title":{"rendered":"Cancelaci\u00f3n del dise\u00f1o de Crocs"},"content":{"rendered":"<p>El Tribunal General de la UE ha confirmado\u00a0 la cancelaci\u00f3n de un dise\u00f1o comunitario de Crocs porque se hab\u00eda puesto a\u00a0 disposici\u00f3n del p\u00fablico antes de su registro. <!--more-->Seg\u00fan el reglamento de la UE, un dise\u00f1o no se considerar\u00e1 &#8220;nuevo&#8221; si ha sido accesible al p\u00fablico durante el per\u00edodo de 12 meses anterior a su registro, excepto cuando la divulgaci\u00f3n no pudiera haber sido razonablemente conocida por el sector relevante.<\/p>\n<p>En este caso Western Brands LLC (anterior propietaria de Crocs) present\u00f3 una solicitud de dise\u00f1o en la EUIPO en noviembre de 2004, en base a la prioridad de su dise\u00f1o de EE. UU. El dise\u00f1o se registr\u00f3 como dise\u00f1o comunitario en febrero de 2005 y luego se transfiri\u00f3 a Crocs en noviembre de 2005.<\/p>\n<p>En 2013, la compa\u00f1\u00eda francesa Gifi Diffusion present\u00f3 una solicitud de cancelaci\u00f3n en la que argumentaba que el dise\u00f1o &#8220;carec\u00eda de novedad&#8221; porque se hab\u00eda divulgado antes del 28 de mayo de 2003. Gifi alegaba que Western Brands ya hab\u00eda\u00a0 puesto en el mercado los zuecos en cuesti\u00f3n dos a\u00f1os antes. De hecho, indicaba, hab\u00edan comercializado\u00a0 \u00a0dicho producto en el Fort Lauderdale Boat Show en Florida en 2002 mostrando los zuecos en su web.<\/p>\n<p>La EUIPO declar\u00f3 el dise\u00f1o inv\u00e1lido en 2016 pero Crocs apel\u00f3 alegando que las divulgaciones del dise\u00f1o no pod\u00edan haber sido razonablemente conocidas por el sector del calzado de la UE. La sentencia del TGUE, no obstante, ha venido a confirmar la decisi\u00f3n de la EUIPO al considerar que la divulgaci\u00f3n a trav\u00e9s de la web implica una accesibilidad a la misma por el sector del calzado en la Uni\u00f3n Europea y, por tanto, no constituye una divulgaci\u00f3n inocua a los efectos del registro del dise\u00f1o.<\/p>\n","protected":false},"excerpt":{"rendered":"<p>El Tribunal General de la UE ha confirmado\u00a0 la cancelaci\u00f3n de un dise\u00f1o comunitario de Crocs porque se hab\u00eda puesto a\u00a0 disposici\u00f3n del p\u00fablico antes de su registro.<\/p>\n","protected":false},"author":1,"featured_media":0,"comment_status":"closed","ping_status":"open","sticky":false,"template":"","format":"standard","meta":{"_acf_changed":false,"footnotes":""},"categories":[12],"tags":[],"sector_noticias":[],"class_list":{"0":"post-1254","1":"post","2":"type-post","3":"status-publish","4":"format-standard","6":"category-noticias"},"acf":[],"yoast_head":"<!-- This site is optimized with the Yoast SEO plugin v26.4 - https:\/\/yoast.com\/wordpress\/plugins\/seo\/ -->\n<title>Cancelaci\u00f3n del dise\u00f1o de Crocs - Abril Abogados<\/title>\n<meta name=\"robots\" content=\"index, follow, max-snippet:-1, max-image-preview:large, max-video-preview:-1\" \/>\n<link rel=\"canonical\" href=\"https:\/\/www.abrilabogados.com\/en\/noticias\/cancelacion-del-diseno-de-crocs\/\" \/>\n<meta property=\"og:locale\" content=\"en_US\" \/>\n<meta property=\"og:type\" content=\"article\" \/>\n<meta property=\"og:title\" content=\"Cancelaci\u00f3n del dise\u00f1o de Crocs - Abril Abogados\" \/>\n<meta property=\"og:description\" content=\"El Tribunal General de la UE ha confirmado\u00a0 la cancelaci\u00f3n de un dise\u00f1o comunitario de Crocs porque se hab\u00eda puesto a\u00a0 disposici\u00f3n del p\u00fablico antes de su registro.\" \/>\n<meta property=\"og:url\" content=\"https:\/\/www.abrilabogados.com\/en\/noticias\/cancelacion-del-diseno-de-crocs\/\" \/>\n<meta property=\"og:site_name\" content=\"Abril Abogados\" \/>\n<meta property=\"article:published_time\" content=\"2018-03-20T23:00:00+00:00\" \/>\n<meta property=\"article:modified_time\" content=\"2026-04-23T20:23:39+00:00\" \/>\n<meta name=\"author\" content=\"admin\" \/>\n<meta name=\"twitter:card\" content=\"summary_large_image\" \/>\n<meta name=\"twitter:label1\" content=\"Written by\" \/>\n\t<meta name=\"twitter:data1\" content=\"admin\" \/>\n\t<meta name=\"twitter:label2\" content=\"Est. reading time\" \/>\n\t<meta name=\"twitter:data2\" content=\"2 minutes\" \/>\n<script type=\"application\/ld+json\" class=\"yoast-schema-graph\">{\"@context\":\"https:\/\/schema.org\",\"@graph\":[{\"@type\":\"WebPage\",\"@id\":\"https:\/\/www.abrilabogados.com\/en\/noticias\/cancelacion-del-diseno-de-crocs\/\",\"url\":\"https:\/\/www.abrilabogados.com\/en\/noticias\/cancelacion-del-diseno-de-crocs\/\",\"name\":\"Cancelaci\u00f3n del dise\u00f1o de Crocs - Abril Abogados\",\"isPartOf\":{\"@id\":\"https:\/\/www.abrilabogados.com\/en\/#website\"},\"datePublished\":\"2018-03-20T23:00:00+00:00\",\"dateModified\":\"2026-04-23T20:23:39+00:00\",\"author\":{\"@id\":\"https:\/\/www.abrilabogados.com\/en\/#\/schema\/person\/750a358f28e46d5003b31222bddd9ed8\"},\"breadcrumb\":{\"@id\":\"https:\/\/www.abrilabogados.com\/en\/noticias\/cancelacion-del-diseno-de-crocs\/#breadcrumb\"},\"inLanguage\":\"en-US\",\"potentialAction\":[{\"@type\":\"ReadAction\",\"target\":[\"https:\/\/www.abrilabogados.com\/en\/noticias\/cancelacion-del-diseno-de-crocs\/\"]}]},{\"@type\":\"BreadcrumbList\",\"@id\":\"https:\/\/www.abrilabogados.com\/en\/noticias\/cancelacion-del-diseno-de-crocs\/#breadcrumb\",\"itemListElement\":[{\"@type\":\"ListItem\",\"position\":1,\"name\":\"Abril Abogados News\",\"item\":\"\/en\/noticias\/\"},{\"@type\":\"ListItem\",\"position\":2,\"name\":\"Cancelaci\u00f3n del dise\u00f1o de Crocs\"}]},{\"@type\":\"WebSite\",\"@id\":\"https:\/\/www.abrilabogados.com\/en\/#website\",\"url\":\"https:\/\/www.abrilabogados.com\/en\/\",\"name\":\"Abril Abogados\",\"description\":\"\",\"potentialAction\":[{\"@type\":\"SearchAction\",\"target\":{\"@type\":\"EntryPoint\",\"urlTemplate\":\"https:\/\/www.abrilabogados.com\/en\/?s={search_term_string}\"},\"query-input\":{\"@type\":\"PropertyValueSpecification\",\"valueRequired\":true,\"valueName\":\"search_term_string\"}}],\"inLanguage\":\"en-US\"},{\"@type\":\"Person\",\"@id\":\"https:\/\/www.abrilabogados.com\/en\/#\/schema\/person\/750a358f28e46d5003b31222bddd9ed8\",\"name\":\"admin\",\"image\":{\"@type\":\"ImageObject\",\"inLanguage\":\"en-US\",\"@id\":\"https:\/\/www.abrilabogados.com\/en\/#\/schema\/person\/image\/\",\"url\":\"https:\/\/secure.gravatar.com\/avatar\/52d6bc19e862502e6ff2f700f23c607b54491a2d4a05fc0f2a79b8077f4bc25c?s=96&d=mm&r=g\",\"contentUrl\":\"https:\/\/secure.gravatar.com\/avatar\/52d6bc19e862502e6ff2f700f23c607b54491a2d4a05fc0f2a79b8077f4bc25c?s=96&d=mm&r=g\",\"caption\":\"admin\"},\"sameAs\":[\"https:\/\/www.abrilabogados.com\"],\"url\":\"https:\/\/www.abrilabogados.com\/en\/noticias\/author\/charly_wpadmin\/\"}]}<\/script>\n<!-- \/ Yoast SEO plugin. -->","yoast_head_json":{"title":"Cancelaci\u00f3n del dise\u00f1o de Crocs - Abril Abogados","robots":{"index":"index","follow":"follow","max-snippet":"max-snippet:-1","max-image-preview":"max-image-preview:large","max-video-preview":"max-video-preview:-1"},"canonical":"https:\/\/www.abrilabogados.com\/en\/noticias\/cancelacion-del-diseno-de-crocs\/","og_locale":"en_US","og_type":"article","og_title":"Cancelaci\u00f3n del dise\u00f1o de Crocs - Abril Abogados","og_description":"El Tribunal General de la UE ha confirmado\u00a0 la cancelaci\u00f3n de un dise\u00f1o comunitario de Crocs porque se hab\u00eda puesto a\u00a0 disposici\u00f3n del p\u00fablico antes de su registro.","og_url":"https:\/\/www.abrilabogados.com\/en\/noticias\/cancelacion-del-diseno-de-crocs\/","og_site_name":"Abril Abogados","article_published_time":"2018-03-20T23:00:00+00:00","article_modified_time":"2026-04-23T20:23:39+00:00","author":"admin","twitter_card":"summary_large_image","twitter_misc":{"Written by":"admin","Est. reading time":"2 minutes"},"schema":{"@context":"https:\/\/schema.org","@graph":[{"@type":"WebPage","@id":"https:\/\/www.abrilabogados.com\/en\/noticias\/cancelacion-del-diseno-de-crocs\/","url":"https:\/\/www.abrilabogados.com\/en\/noticias\/cancelacion-del-diseno-de-crocs\/","name":"Cancelaci\u00f3n del dise\u00f1o de Crocs - Abril Abogados","isPartOf":{"@id":"https:\/\/www.abrilabogados.com\/en\/#website"},"datePublished":"2018-03-20T23:00:00+00:00","dateModified":"2026-04-23T20:23:39+00:00","author":{"@id":"https:\/\/www.abrilabogados.com\/en\/#\/schema\/person\/750a358f28e46d5003b31222bddd9ed8"},"breadcrumb":{"@id":"https:\/\/www.abrilabogados.com\/en\/noticias\/cancelacion-del-diseno-de-crocs\/#breadcrumb"},"inLanguage":"en-US","potentialAction":[{"@type":"ReadAction","target":["https:\/\/www.abrilabogados.com\/en\/noticias\/cancelacion-del-diseno-de-crocs\/"]}]},{"@type":"BreadcrumbList","@id":"https:\/\/www.abrilabogados.com\/en\/noticias\/cancelacion-del-diseno-de-crocs\/#breadcrumb","itemListElement":[{"@type":"ListItem","position":1,"name":"Abril Abogados News","item":"\/en\/noticias\/"},{"@type":"ListItem","position":2,"name":"Cancelaci\u00f3n del dise\u00f1o de Crocs"}]},{"@type":"WebSite","@id":"https:\/\/www.abrilabogados.com\/en\/#website","url":"https:\/\/www.abrilabogados.com\/en\/","name":"Abril Abogados","description":"","potentialAction":[{"@type":"SearchAction","target":{"@type":"EntryPoint","urlTemplate":"https:\/\/www.abrilabogados.com\/en\/?s={search_term_string}"},"query-input":{"@type":"PropertyValueSpecification","valueRequired":true,"valueName":"search_term_string"}}],"inLanguage":"en-US"},{"@type":"Person","@id":"https:\/\/www.abrilabogados.com\/en\/#\/schema\/person\/750a358f28e46d5003b31222bddd9ed8","name":"admin","image":{"@type":"ImageObject","inLanguage":"en-US","@id":"https:\/\/www.abrilabogados.com\/en\/#\/schema\/person\/image\/","url":"https:\/\/secure.gravatar.com\/avatar\/52d6bc19e862502e6ff2f700f23c607b54491a2d4a05fc0f2a79b8077f4bc25c?s=96&d=mm&r=g","contentUrl":"https:\/\/secure.gravatar.com\/avatar\/52d6bc19e862502e6ff2f700f23c607b54491a2d4a05fc0f2a79b8077f4bc25c?s=96&d=mm&r=g","caption":"admin"},"sameAs":["https:\/\/www.abrilabogados.com"],"url":"https:\/\/www.abrilabogados.com\/en\/noticias\/author\/charly_wpadmin\/"}]}},"_links":{"self":[{"href":"https:\/\/www.abrilabogados.com\/en\/wp-json\/wp\/v2\/posts\/1254","targetHints":{"allow":["GET"]}}],"collection":[{"href":"https:\/\/www.abrilabogados.com\/en\/wp-json\/wp\/v2\/posts"}],"about":[{"href":"https:\/\/www.abrilabogados.com\/en\/wp-json\/wp\/v2\/types\/post"}],"author":[{"embeddable":true,"href":"https:\/\/www.abrilabogados.com\/en\/wp-json\/wp\/v2\/users\/1"}],"replies":[{"embeddable":true,"href":"https:\/\/www.abrilabogados.com\/en\/wp-json\/wp\/v2\/comments?post=1254"}],"version-history":[{"count":1,"href":"https:\/\/www.abrilabogados.com\/en\/wp-json\/wp\/v2\/posts\/1254\/revisions"}],"predecessor-version":[{"id":3852,"href":"https:\/\/www.abrilabogados.com\/en\/wp-json\/wp\/v2\/posts\/1254\/revisions\/3852"}],"wp:attachment":[{"href":"https:\/\/www.abrilabogados.com\/en\/wp-json\/wp\/v2\/media?parent=1254"}],"wp:term":[{"taxonomy":"category","embeddable":true,"href":"https:\/\/www.abrilabogados.com\/en\/wp-json\/wp\/v2\/categories?post=1254"},{"taxonomy":"post_tag","embeddable":true,"href":"https:\/\/www.abrilabogados.com\/en\/wp-json\/wp\/v2\/tags?post=1254"},{"taxonomy":"sector_noticias","embeddable":true,"href":"https:\/\/www.abrilabogados.com\/en\/wp-json\/wp\/v2\/sector_noticias?post=1254"}],"curies":[{"name":"wp","href":"https:\/\/api.w.org\/{rel}","templated":true}]}}