{"id":1258,"date":"2018-03-12T00:00:00","date_gmt":"2018-03-11T23:00:00","guid":{"rendered":"https:\/\/www.abrilabogados.com\/marcas-de-color\/"},"modified":"2026-04-23T22:23:39","modified_gmt":"2026-04-23T20:23:39","slug":"marcas-de-color","status":"publish","type":"post","link":"https:\/\/www.abrilabogados.com\/en\/noticias\/marcas-de-color\/","title":{"rendered":"Marcas de color"},"content":{"rendered":"<p>En dos recientes casos hemos tenido ocasi\u00f3n de apreciar el rumbo de la \u201cjurisprudencia\u201d en relaci\u00f3n con las marcas consistentes un una combinaci\u00f3n de dos colores. <!--more-->El primero de los casos es el de la marca Red Bull (T-101\/15 ) en el que una compa\u00f1\u00eda polaca atac\u00f3 la validez del registro de Red Bull por falta de car\u00e1cter distintivo. Tanto la Divisi\u00f3n de Nulidad como la Sala de Recursos sostuvieron que la marca consist\u00eda en la mera yuxtaposici\u00f3n de dos colores en abstracto y sin contornos.<\/p>\n<p>El Tribunal indic\u00f3 que, como se vienen afirmando desde la sentencia Sieckmann\u00a0 la representaci\u00f3n gr\u00e1fica &#8220;debe ser clara, precisa, aut\u00f3noma, de inteligible, duradera y objetiva&#8221;. Esto significar\u00eda a juicio del tribunal, que &#8220;un signo siempre debe percibirse de manera inequ\u00edvoca, uniforme y duradera&#8221;. En la marca de Red Bull, concluyen, la representaci\u00f3n grafica permitir\u00eda diferentes combinaciones de los dos colores y que las descripciones adjuntas &#8220;no proporcionan precisi\u00f3n adicional con respecto a la disposici\u00f3n sistem\u00e1tica que asocia los colores de una manera predeterminada y uniforme&#8221;.<\/p>\n<p>En el segundo de los casos (R200\/2017-2) se trata tambi\u00e9n de una nulidad iniciada por un importador Rumano contra la marca registrada de Andreas Stihl, conocido fabricante alem\u00e1n de motosierras. En la solicitud se indicaba que \u201cel color naranja se aplica a la parte superior de la carcasa de la motosierra y el color gris se aplica a la parte inferior de la carcasa de la motosierra\u201d. La Divisi\u00f3n de Nulidad, consider\u00f3 que hab\u00eda distintividad adquirida por el uso , a pesar de que el uso realizado era en combinaci\u00f3n con la denominaci\u00f3n \u201cSTIHL\u201d.<\/p>\n<p>Sin Embargo, la Sala de Recursos consider\u00f3 que la representaci\u00f3n del signo y su descripci\u00f3n deben evaluarse juntas y que, en su opini\u00f3n, la representaci\u00f3n consiste en una mera imagen de dos colores sin forma o contornos, permitiendo varias combinaciones diferentes de los dos colores, sin que la descripci\u00f3n\u00a0 proporcione ninguna precisi\u00f3n adicional. Concluye por tanto que la marca es nula. Habr\u00e1 que esperar para ver si hay recurso a Luxemburgo.<\/p>\n","protected":false},"excerpt":{"rendered":"<p>En dos recientes casos hemos tenido ocasi\u00f3n de apreciar el rumbo de la \u201cjurisprudencia\u201d en relaci\u00f3n con las marcas consistentes un una combinaci\u00f3n de dos colores.<\/p>\n","protected":false},"author":1,"featured_media":0,"comment_status":"closed","ping_status":"open","sticky":false,"template":"","format":"standard","meta":{"_acf_changed":false,"footnotes":""},"categories":[12],"tags":[],"sector_noticias":[],"class_list":{"0":"post-1258","1":"post","2":"type-post","3":"status-publish","4":"format-standard","6":"category-noticias"},"acf":[],"yoast_head":"<!-- This site is optimized with the Yoast SEO plugin v26.4 - https:\/\/yoast.com\/wordpress\/plugins\/seo\/ -->\n<title>Marcas de color - Abril Abogados<\/title>\n<meta name=\"robots\" content=\"index, follow, max-snippet:-1, max-image-preview:large, max-video-preview:-1\" \/>\n<link rel=\"canonical\" href=\"https:\/\/www.abrilabogados.com\/en\/noticias\/marcas-de-color\/\" \/>\n<meta property=\"og:locale\" content=\"en_US\" \/>\n<meta property=\"og:type\" content=\"article\" \/>\n<meta property=\"og:title\" content=\"Marcas de color - Abril Abogados\" \/>\n<meta property=\"og:description\" content=\"En dos recientes casos hemos tenido ocasi\u00f3n de apreciar el rumbo de la \u201cjurisprudencia\u201d en relaci\u00f3n con las marcas consistentes un una combinaci\u00f3n de dos colores.\" \/>\n<meta property=\"og:url\" content=\"https:\/\/www.abrilabogados.com\/en\/noticias\/marcas-de-color\/\" \/>\n<meta property=\"og:site_name\" content=\"Abril Abogados\" \/>\n<meta property=\"article:published_time\" content=\"2018-03-11T23:00:00+00:00\" \/>\n<meta property=\"article:modified_time\" content=\"2026-04-23T20:23:39+00:00\" \/>\n<meta name=\"author\" content=\"admin\" \/>\n<meta name=\"twitter:card\" content=\"summary_large_image\" \/>\n<meta name=\"twitter:label1\" content=\"Written by\" \/>\n\t<meta name=\"twitter:data1\" content=\"admin\" \/>\n\t<meta name=\"twitter:label2\" content=\"Est. reading time\" \/>\n\t<meta name=\"twitter:data2\" content=\"2 minutes\" \/>\n<script type=\"application\/ld+json\" class=\"yoast-schema-graph\">{\"@context\":\"https:\/\/schema.org\",\"@graph\":[{\"@type\":\"WebPage\",\"@id\":\"https:\/\/www.abrilabogados.com\/en\/noticias\/marcas-de-color\/\",\"url\":\"https:\/\/www.abrilabogados.com\/en\/noticias\/marcas-de-color\/\",\"name\":\"Marcas de color - Abril Abogados\",\"isPartOf\":{\"@id\":\"https:\/\/www.abrilabogados.com\/en\/#website\"},\"datePublished\":\"2018-03-11T23:00:00+00:00\",\"dateModified\":\"2026-04-23T20:23:39+00:00\",\"author\":{\"@id\":\"https:\/\/www.abrilabogados.com\/en\/#\/schema\/person\/750a358f28e46d5003b31222bddd9ed8\"},\"breadcrumb\":{\"@id\":\"https:\/\/www.abrilabogados.com\/en\/noticias\/marcas-de-color\/#breadcrumb\"},\"inLanguage\":\"en-US\",\"potentialAction\":[{\"@type\":\"ReadAction\",\"target\":[\"https:\/\/www.abrilabogados.com\/en\/noticias\/marcas-de-color\/\"]}]},{\"@type\":\"BreadcrumbList\",\"@id\":\"https:\/\/www.abrilabogados.com\/en\/noticias\/marcas-de-color\/#breadcrumb\",\"itemListElement\":[{\"@type\":\"ListItem\",\"position\":1,\"name\":\"Abril Abogados News\",\"item\":\"\/en\/noticias\/\"},{\"@type\":\"ListItem\",\"position\":2,\"name\":\"Marcas de color\"}]},{\"@type\":\"WebSite\",\"@id\":\"https:\/\/www.abrilabogados.com\/en\/#website\",\"url\":\"https:\/\/www.abrilabogados.com\/en\/\",\"name\":\"Abril Abogados\",\"description\":\"\",\"potentialAction\":[{\"@type\":\"SearchAction\",\"target\":{\"@type\":\"EntryPoint\",\"urlTemplate\":\"https:\/\/www.abrilabogados.com\/en\/?s={search_term_string}\"},\"query-input\":{\"@type\":\"PropertyValueSpecification\",\"valueRequired\":true,\"valueName\":\"search_term_string\"}}],\"inLanguage\":\"en-US\"},{\"@type\":\"Person\",\"@id\":\"https:\/\/www.abrilabogados.com\/en\/#\/schema\/person\/750a358f28e46d5003b31222bddd9ed8\",\"name\":\"admin\",\"image\":{\"@type\":\"ImageObject\",\"inLanguage\":\"en-US\",\"@id\":\"https:\/\/www.abrilabogados.com\/en\/#\/schema\/person\/image\/\",\"url\":\"https:\/\/secure.gravatar.com\/avatar\/52d6bc19e862502e6ff2f700f23c607b54491a2d4a05fc0f2a79b8077f4bc25c?s=96&d=mm&r=g\",\"contentUrl\":\"https:\/\/secure.gravatar.com\/avatar\/52d6bc19e862502e6ff2f700f23c607b54491a2d4a05fc0f2a79b8077f4bc25c?s=96&d=mm&r=g\",\"caption\":\"admin\"},\"sameAs\":[\"https:\/\/www.abrilabogados.com\"],\"url\":\"https:\/\/www.abrilabogados.com\/en\/noticias\/author\/charly_wpadmin\/\"}]}<\/script>\n<!-- \/ Yoast SEO plugin. -->","yoast_head_json":{"title":"Marcas de color - Abril Abogados","robots":{"index":"index","follow":"follow","max-snippet":"max-snippet:-1","max-image-preview":"max-image-preview:large","max-video-preview":"max-video-preview:-1"},"canonical":"https:\/\/www.abrilabogados.com\/en\/noticias\/marcas-de-color\/","og_locale":"en_US","og_type":"article","og_title":"Marcas de color - Abril Abogados","og_description":"En dos recientes casos hemos tenido ocasi\u00f3n de apreciar el rumbo de la \u201cjurisprudencia\u201d en relaci\u00f3n con las marcas consistentes un una combinaci\u00f3n de dos colores.","og_url":"https:\/\/www.abrilabogados.com\/en\/noticias\/marcas-de-color\/","og_site_name":"Abril Abogados","article_published_time":"2018-03-11T23:00:00+00:00","article_modified_time":"2026-04-23T20:23:39+00:00","author":"admin","twitter_card":"summary_large_image","twitter_misc":{"Written by":"admin","Est. reading time":"2 minutes"},"schema":{"@context":"https:\/\/schema.org","@graph":[{"@type":"WebPage","@id":"https:\/\/www.abrilabogados.com\/en\/noticias\/marcas-de-color\/","url":"https:\/\/www.abrilabogados.com\/en\/noticias\/marcas-de-color\/","name":"Marcas de color - Abril Abogados","isPartOf":{"@id":"https:\/\/www.abrilabogados.com\/en\/#website"},"datePublished":"2018-03-11T23:00:00+00:00","dateModified":"2026-04-23T20:23:39+00:00","author":{"@id":"https:\/\/www.abrilabogados.com\/en\/#\/schema\/person\/750a358f28e46d5003b31222bddd9ed8"},"breadcrumb":{"@id":"https:\/\/www.abrilabogados.com\/en\/noticias\/marcas-de-color\/#breadcrumb"},"inLanguage":"en-US","potentialAction":[{"@type":"ReadAction","target":["https:\/\/www.abrilabogados.com\/en\/noticias\/marcas-de-color\/"]}]},{"@type":"BreadcrumbList","@id":"https:\/\/www.abrilabogados.com\/en\/noticias\/marcas-de-color\/#breadcrumb","itemListElement":[{"@type":"ListItem","position":1,"name":"Abril Abogados News","item":"\/en\/noticias\/"},{"@type":"ListItem","position":2,"name":"Marcas de color"}]},{"@type":"WebSite","@id":"https:\/\/www.abrilabogados.com\/en\/#website","url":"https:\/\/www.abrilabogados.com\/en\/","name":"Abril Abogados","description":"","potentialAction":[{"@type":"SearchAction","target":{"@type":"EntryPoint","urlTemplate":"https:\/\/www.abrilabogados.com\/en\/?s={search_term_string}"},"query-input":{"@type":"PropertyValueSpecification","valueRequired":true,"valueName":"search_term_string"}}],"inLanguage":"en-US"},{"@type":"Person","@id":"https:\/\/www.abrilabogados.com\/en\/#\/schema\/person\/750a358f28e46d5003b31222bddd9ed8","name":"admin","image":{"@type":"ImageObject","inLanguage":"en-US","@id":"https:\/\/www.abrilabogados.com\/en\/#\/schema\/person\/image\/","url":"https:\/\/secure.gravatar.com\/avatar\/52d6bc19e862502e6ff2f700f23c607b54491a2d4a05fc0f2a79b8077f4bc25c?s=96&d=mm&r=g","contentUrl":"https:\/\/secure.gravatar.com\/avatar\/52d6bc19e862502e6ff2f700f23c607b54491a2d4a05fc0f2a79b8077f4bc25c?s=96&d=mm&r=g","caption":"admin"},"sameAs":["https:\/\/www.abrilabogados.com"],"url":"https:\/\/www.abrilabogados.com\/en\/noticias\/author\/charly_wpadmin\/"}]}},"_links":{"self":[{"href":"https:\/\/www.abrilabogados.com\/en\/wp-json\/wp\/v2\/posts\/1258","targetHints":{"allow":["GET"]}}],"collection":[{"href":"https:\/\/www.abrilabogados.com\/en\/wp-json\/wp\/v2\/posts"}],"about":[{"href":"https:\/\/www.abrilabogados.com\/en\/wp-json\/wp\/v2\/types\/post"}],"author":[{"embeddable":true,"href":"https:\/\/www.abrilabogados.com\/en\/wp-json\/wp\/v2\/users\/1"}],"replies":[{"embeddable":true,"href":"https:\/\/www.abrilabogados.com\/en\/wp-json\/wp\/v2\/comments?post=1258"}],"version-history":[{"count":1,"href":"https:\/\/www.abrilabogados.com\/en\/wp-json\/wp\/v2\/posts\/1258\/revisions"}],"predecessor-version":[{"id":3854,"href":"https:\/\/www.abrilabogados.com\/en\/wp-json\/wp\/v2\/posts\/1258\/revisions\/3854"}],"wp:attachment":[{"href":"https:\/\/www.abrilabogados.com\/en\/wp-json\/wp\/v2\/media?parent=1258"}],"wp:term":[{"taxonomy":"category","embeddable":true,"href":"https:\/\/www.abrilabogados.com\/en\/wp-json\/wp\/v2\/categories?post=1258"},{"taxonomy":"post_tag","embeddable":true,"href":"https:\/\/www.abrilabogados.com\/en\/wp-json\/wp\/v2\/tags?post=1258"},{"taxonomy":"sector_noticias","embeddable":true,"href":"https:\/\/www.abrilabogados.com\/en\/wp-json\/wp\/v2\/sector_noticias?post=1258"}],"curies":[{"name":"wp","href":"https:\/\/api.w.org\/{rel}","templated":true}]}}