{"id":1260,"date":"2018-03-11T00:00:00","date_gmt":"2018-03-10T23:00:00","guid":{"rendered":"https:\/\/www.abrilabogados.com\/la-mafia-ya-no-se-sentara-a-la-mesa\/"},"modified":"2026-04-23T22:23:40","modified_gmt":"2026-04-23T20:23:40","slug":"la-mafia-ya-no-se-sentara-a-la-mesa","status":"publish","type":"post","link":"https:\/\/www.abrilabogados.com\/en\/noticias\/la-mafia-ya-no-se-sentara-a-la-mesa\/","title":{"rendered":"La Mafia ya no se sentar\u00e1 a la mesa"},"content":{"rendered":"<p>El TGUE ha dictado recientemente una sentencia confirmado la nulidad del registro de la marca de la UE \u201cLa Mafia se sienta a la mesa\u201d considerando que esta marca,<!--more--> al evocar una organizaci\u00f3n criminal mundialmente conocida, y ofrecer, adem\u00e1s, una imagen dulcificada de la misma, es un signo contrario al orden p\u00fablico .<\/p>\n<p>La cadena de restaurantes aleg\u00f3 que era una evocaci\u00f3n al cartel de la famosa pel\u00edcula &#8220;El Padrino&#8221; por su logotipo. Sin embargo, el TGUE considera que la marca hace referencia a &#8220;una organizaci\u00f3n delictiva\u201d y que trivializa los graves ataques de dicha organizaci\u00f3n contra los valores fundamentales de la Uni\u00f3n&#8221; por lo que debe ser anulada.<\/p>\n","protected":false},"excerpt":{"rendered":"<p>El TGUE ha dictado recientemente una sentencia confirmado la nulidad del registro de la marca de la UE \u201cLa Mafia se sienta a la mesa\u201d considerando que esta marca,<\/p>\n","protected":false},"author":1,"featured_media":0,"comment_status":"closed","ping_status":"open","sticky":false,"template":"","format":"standard","meta":{"_acf_changed":false,"footnotes":""},"categories":[12],"tags":[],"sector_noticias":[],"class_list":{"0":"post-1260","1":"post","2":"type-post","3":"status-publish","4":"format-standard","6":"category-noticias"},"acf":[],"yoast_head":"<!-- This site is optimized with the Yoast SEO plugin v26.4 - https:\/\/yoast.com\/wordpress\/plugins\/seo\/ -->\n<title>La Mafia ya no se sentar\u00e1 a la mesa - Abril Abogados<\/title>\n<meta name=\"robots\" content=\"index, follow, max-snippet:-1, max-image-preview:large, max-video-preview:-1\" \/>\n<link rel=\"canonical\" href=\"https:\/\/www.abrilabogados.com\/en\/noticias\/la-mafia-ya-no-se-sentara-a-la-mesa\/\" \/>\n<meta property=\"og:locale\" content=\"en_US\" \/>\n<meta property=\"og:type\" content=\"article\" \/>\n<meta property=\"og:title\" content=\"La Mafia ya no se sentar\u00e1 a la mesa - Abril Abogados\" \/>\n<meta property=\"og:description\" content=\"El TGUE ha dictado recientemente una sentencia confirmado la nulidad del registro de la marca de la UE \u201cLa Mafia se sienta a la mesa\u201d considerando que esta marca,\" \/>\n<meta property=\"og:url\" content=\"https:\/\/www.abrilabogados.com\/en\/noticias\/la-mafia-ya-no-se-sentara-a-la-mesa\/\" \/>\n<meta property=\"og:site_name\" content=\"Abril Abogados\" \/>\n<meta property=\"article:published_time\" content=\"2018-03-10T23:00:00+00:00\" \/>\n<meta property=\"article:modified_time\" content=\"2026-04-23T20:23:40+00:00\" \/>\n<meta name=\"author\" content=\"admin\" \/>\n<meta name=\"twitter:card\" content=\"summary_large_image\" \/>\n<meta name=\"twitter:label1\" content=\"Written by\" \/>\n\t<meta name=\"twitter:data1\" content=\"admin\" \/>\n\t<meta name=\"twitter:label2\" content=\"Est. reading time\" \/>\n\t<meta name=\"twitter:data2\" content=\"1 minute\" \/>\n<script type=\"application\/ld+json\" class=\"yoast-schema-graph\">{\"@context\":\"https:\/\/schema.org\",\"@graph\":[{\"@type\":\"WebPage\",\"@id\":\"https:\/\/www.abrilabogados.com\/en\/noticias\/la-mafia-ya-no-se-sentara-a-la-mesa\/\",\"url\":\"https:\/\/www.abrilabogados.com\/en\/noticias\/la-mafia-ya-no-se-sentara-a-la-mesa\/\",\"name\":\"La Mafia ya no se sentar\u00e1 a la mesa - Abril Abogados\",\"isPartOf\":{\"@id\":\"https:\/\/www.abrilabogados.com\/en\/#website\"},\"datePublished\":\"2018-03-10T23:00:00+00:00\",\"dateModified\":\"2026-04-23T20:23:40+00:00\",\"author\":{\"@id\":\"https:\/\/www.abrilabogados.com\/en\/#\/schema\/person\/750a358f28e46d5003b31222bddd9ed8\"},\"breadcrumb\":{\"@id\":\"https:\/\/www.abrilabogados.com\/en\/noticias\/la-mafia-ya-no-se-sentara-a-la-mesa\/#breadcrumb\"},\"inLanguage\":\"en-US\",\"potentialAction\":[{\"@type\":\"ReadAction\",\"target\":[\"https:\/\/www.abrilabogados.com\/en\/noticias\/la-mafia-ya-no-se-sentara-a-la-mesa\/\"]}]},{\"@type\":\"BreadcrumbList\",\"@id\":\"https:\/\/www.abrilabogados.com\/en\/noticias\/la-mafia-ya-no-se-sentara-a-la-mesa\/#breadcrumb\",\"itemListElement\":[{\"@type\":\"ListItem\",\"position\":1,\"name\":\"Abril Abogados News\",\"item\":\"\/en\/noticias\/\"},{\"@type\":\"ListItem\",\"position\":2,\"name\":\"La Mafia ya no se sentar\u00e1 a la mesa\"}]},{\"@type\":\"WebSite\",\"@id\":\"https:\/\/www.abrilabogados.com\/en\/#website\",\"url\":\"https:\/\/www.abrilabogados.com\/en\/\",\"name\":\"Abril Abogados\",\"description\":\"\",\"potentialAction\":[{\"@type\":\"SearchAction\",\"target\":{\"@type\":\"EntryPoint\",\"urlTemplate\":\"https:\/\/www.abrilabogados.com\/en\/?s={search_term_string}\"},\"query-input\":{\"@type\":\"PropertyValueSpecification\",\"valueRequired\":true,\"valueName\":\"search_term_string\"}}],\"inLanguage\":\"en-US\"},{\"@type\":\"Person\",\"@id\":\"https:\/\/www.abrilabogados.com\/en\/#\/schema\/person\/750a358f28e46d5003b31222bddd9ed8\",\"name\":\"admin\",\"image\":{\"@type\":\"ImageObject\",\"inLanguage\":\"en-US\",\"@id\":\"https:\/\/www.abrilabogados.com\/en\/#\/schema\/person\/image\/\",\"url\":\"https:\/\/secure.gravatar.com\/avatar\/52d6bc19e862502e6ff2f700f23c607b54491a2d4a05fc0f2a79b8077f4bc25c?s=96&d=mm&r=g\",\"contentUrl\":\"https:\/\/secure.gravatar.com\/avatar\/52d6bc19e862502e6ff2f700f23c607b54491a2d4a05fc0f2a79b8077f4bc25c?s=96&d=mm&r=g\",\"caption\":\"admin\"},\"sameAs\":[\"https:\/\/www.abrilabogados.com\"],\"url\":\"https:\/\/www.abrilabogados.com\/en\/noticias\/author\/charly_wpadmin\/\"}]}<\/script>\n<!-- \/ Yoast SEO plugin. -->","yoast_head_json":{"title":"La Mafia ya no se sentar\u00e1 a la mesa - Abril Abogados","robots":{"index":"index","follow":"follow","max-snippet":"max-snippet:-1","max-image-preview":"max-image-preview:large","max-video-preview":"max-video-preview:-1"},"canonical":"https:\/\/www.abrilabogados.com\/en\/noticias\/la-mafia-ya-no-se-sentara-a-la-mesa\/","og_locale":"en_US","og_type":"article","og_title":"La Mafia ya no se sentar\u00e1 a la mesa - Abril Abogados","og_description":"El TGUE ha dictado recientemente una sentencia confirmado la nulidad del registro de la marca de la UE \u201cLa Mafia se sienta a la mesa\u201d considerando que esta marca,","og_url":"https:\/\/www.abrilabogados.com\/en\/noticias\/la-mafia-ya-no-se-sentara-a-la-mesa\/","og_site_name":"Abril Abogados","article_published_time":"2018-03-10T23:00:00+00:00","article_modified_time":"2026-04-23T20:23:40+00:00","author":"admin","twitter_card":"summary_large_image","twitter_misc":{"Written by":"admin","Est. reading time":"1 minute"},"schema":{"@context":"https:\/\/schema.org","@graph":[{"@type":"WebPage","@id":"https:\/\/www.abrilabogados.com\/en\/noticias\/la-mafia-ya-no-se-sentara-a-la-mesa\/","url":"https:\/\/www.abrilabogados.com\/en\/noticias\/la-mafia-ya-no-se-sentara-a-la-mesa\/","name":"La Mafia ya no se sentar\u00e1 a la mesa - Abril Abogados","isPartOf":{"@id":"https:\/\/www.abrilabogados.com\/en\/#website"},"datePublished":"2018-03-10T23:00:00+00:00","dateModified":"2026-04-23T20:23:40+00:00","author":{"@id":"https:\/\/www.abrilabogados.com\/en\/#\/schema\/person\/750a358f28e46d5003b31222bddd9ed8"},"breadcrumb":{"@id":"https:\/\/www.abrilabogados.com\/en\/noticias\/la-mafia-ya-no-se-sentara-a-la-mesa\/#breadcrumb"},"inLanguage":"en-US","potentialAction":[{"@type":"ReadAction","target":["https:\/\/www.abrilabogados.com\/en\/noticias\/la-mafia-ya-no-se-sentara-a-la-mesa\/"]}]},{"@type":"BreadcrumbList","@id":"https:\/\/www.abrilabogados.com\/en\/noticias\/la-mafia-ya-no-se-sentara-a-la-mesa\/#breadcrumb","itemListElement":[{"@type":"ListItem","position":1,"name":"Abril Abogados News","item":"\/en\/noticias\/"},{"@type":"ListItem","position":2,"name":"La Mafia ya no se sentar\u00e1 a la mesa"}]},{"@type":"WebSite","@id":"https:\/\/www.abrilabogados.com\/en\/#website","url":"https:\/\/www.abrilabogados.com\/en\/","name":"Abril Abogados","description":"","potentialAction":[{"@type":"SearchAction","target":{"@type":"EntryPoint","urlTemplate":"https:\/\/www.abrilabogados.com\/en\/?s={search_term_string}"},"query-input":{"@type":"PropertyValueSpecification","valueRequired":true,"valueName":"search_term_string"}}],"inLanguage":"en-US"},{"@type":"Person","@id":"https:\/\/www.abrilabogados.com\/en\/#\/schema\/person\/750a358f28e46d5003b31222bddd9ed8","name":"admin","image":{"@type":"ImageObject","inLanguage":"en-US","@id":"https:\/\/www.abrilabogados.com\/en\/#\/schema\/person\/image\/","url":"https:\/\/secure.gravatar.com\/avatar\/52d6bc19e862502e6ff2f700f23c607b54491a2d4a05fc0f2a79b8077f4bc25c?s=96&d=mm&r=g","contentUrl":"https:\/\/secure.gravatar.com\/avatar\/52d6bc19e862502e6ff2f700f23c607b54491a2d4a05fc0f2a79b8077f4bc25c?s=96&d=mm&r=g","caption":"admin"},"sameAs":["https:\/\/www.abrilabogados.com"],"url":"https:\/\/www.abrilabogados.com\/en\/noticias\/author\/charly_wpadmin\/"}]}},"_links":{"self":[{"href":"https:\/\/www.abrilabogados.com\/en\/wp-json\/wp\/v2\/posts\/1260","targetHints":{"allow":["GET"]}}],"collection":[{"href":"https:\/\/www.abrilabogados.com\/en\/wp-json\/wp\/v2\/posts"}],"about":[{"href":"https:\/\/www.abrilabogados.com\/en\/wp-json\/wp\/v2\/types\/post"}],"author":[{"embeddable":true,"href":"https:\/\/www.abrilabogados.com\/en\/wp-json\/wp\/v2\/users\/1"}],"replies":[{"embeddable":true,"href":"https:\/\/www.abrilabogados.com\/en\/wp-json\/wp\/v2\/comments?post=1260"}],"version-history":[{"count":1,"href":"https:\/\/www.abrilabogados.com\/en\/wp-json\/wp\/v2\/posts\/1260\/revisions"}],"predecessor-version":[{"id":3855,"href":"https:\/\/www.abrilabogados.com\/en\/wp-json\/wp\/v2\/posts\/1260\/revisions\/3855"}],"wp:attachment":[{"href":"https:\/\/www.abrilabogados.com\/en\/wp-json\/wp\/v2\/media?parent=1260"}],"wp:term":[{"taxonomy":"category","embeddable":true,"href":"https:\/\/www.abrilabogados.com\/en\/wp-json\/wp\/v2\/categories?post=1260"},{"taxonomy":"post_tag","embeddable":true,"href":"https:\/\/www.abrilabogados.com\/en\/wp-json\/wp\/v2\/tags?post=1260"},{"taxonomy":"sector_noticias","embeddable":true,"href":"https:\/\/www.abrilabogados.com\/en\/wp-json\/wp\/v2\/sector_noticias?post=1260"}],"curies":[{"name":"wp","href":"https:\/\/api.w.org\/{rel}","templated":true}]}}