{"id":1262,"date":"2018-03-10T00:00:00","date_gmt":"2018-03-09T23:00:00","guid":{"rendered":"https:\/\/www.abrilabogados.com\/marcas-de-lujo-y-plataformas-de-distribucion\/"},"modified":"2026-04-23T22:23:40","modified_gmt":"2026-04-23T20:23:40","slug":"marcas-de-lujo-y-plataformas-de-distribucion","status":"publish","type":"post","link":"https:\/\/www.abrilabogados.com\/en\/noticias\/marcas-de-lujo-y-plataformas-de-distribucion\/","title":{"rendered":"Marcas de lujo y plataformas de distribuci\u00f3n"},"content":{"rendered":"<p>El Tribunal de Justicia de la Uni\u00f3n Europea (TGUE) se ha vuelto a pronunciar en un nuevo caso sobre marcas de lujo entre Coty y Amazon. <!--more-->El TGUE ha declarado que la inclusi\u00f3n, en los contratos de distribuci\u00f3n de Coty, de una cl\u00e1usula que proh\u00edbe a distribuidores autorizados la venta de sus cosm\u00e9ticos a trav\u00e9s de Amazon, constituye una clausula l\u00edcita.<\/p>\n<p>El Tribunal sostiene que las plataformas claramente percibidas como pertenecientes a terceros (ej: Amazon o eBay) restan valor a la imagen de \u201clujo\u201d de la marca. Por el contrario, aquellas plataformas que no sean percibidas inmediatamente como \u201cplataformas de terceros\u201d por el consumidor, no desvirtuar\u00e1n necesariamente el aura de la marca.<\/p>\n<p>Teniendo en cuenta lo anterior, el TGUE se ha pronunciado a favor de las clausulas restrictivas en los contratos de distribuci\u00f3n de marcas de lujo siempre y cuando (1) El objetivo de la cl\u00e1usula sea preservar el aura de lujo de los productos en cuesti\u00f3n; (2) La cl\u00e1usula se aplique de manera uniforme y no de forma discriminatoria; (3) La cl\u00e1usula sea proporcionada a la luz del objetivo perseguido.<\/p>\n<p>Es previsible que esta decisi\u00f3n tenga un efecto atractivo para otras marcas de lujo que hayan tenido la precauci\u00f3n de haber incluido cl\u00e1usulas de distribuci\u00f3n selectiva.<\/p>\n","protected":false},"excerpt":{"rendered":"<p>El Tribunal de Justicia de la Uni\u00f3n Europea (TGUE) se ha vuelto a pronunciar en un nuevo caso sobre marcas de lujo entre Coty y Amazon.<\/p>\n","protected":false},"author":1,"featured_media":0,"comment_status":"closed","ping_status":"open","sticky":false,"template":"","format":"standard","meta":{"_acf_changed":false,"footnotes":""},"categories":[12],"tags":[],"sector_noticias":[],"class_list":{"0":"post-1262","1":"post","2":"type-post","3":"status-publish","4":"format-standard","6":"category-noticias"},"acf":[],"yoast_head":"<!-- This site is optimized with the Yoast SEO plugin v26.4 - https:\/\/yoast.com\/wordpress\/plugins\/seo\/ -->\n<title>Marcas de lujo y plataformas de distribuci\u00f3n - Abril Abogados<\/title>\n<meta name=\"robots\" content=\"index, follow, max-snippet:-1, max-image-preview:large, max-video-preview:-1\" \/>\n<link rel=\"canonical\" href=\"https:\/\/www.abrilabogados.com\/en\/noticias\/marcas-de-lujo-y-plataformas-de-distribucion\/\" \/>\n<meta property=\"og:locale\" content=\"en_US\" \/>\n<meta property=\"og:type\" content=\"article\" \/>\n<meta property=\"og:title\" content=\"Marcas de lujo y plataformas de distribuci\u00f3n - Abril Abogados\" \/>\n<meta property=\"og:description\" content=\"El Tribunal de Justicia de la Uni\u00f3n Europea (TGUE) se ha vuelto a pronunciar en un nuevo caso sobre marcas de lujo entre Coty y Amazon.\" \/>\n<meta property=\"og:url\" content=\"https:\/\/www.abrilabogados.com\/en\/noticias\/marcas-de-lujo-y-plataformas-de-distribucion\/\" \/>\n<meta property=\"og:site_name\" content=\"Abril Abogados\" \/>\n<meta property=\"article:published_time\" content=\"2018-03-09T23:00:00+00:00\" \/>\n<meta property=\"article:modified_time\" content=\"2026-04-23T20:23:40+00:00\" \/>\n<meta name=\"author\" content=\"admin\" \/>\n<meta name=\"twitter:card\" content=\"summary_large_image\" \/>\n<meta name=\"twitter:label1\" content=\"Written by\" \/>\n\t<meta name=\"twitter:data1\" content=\"admin\" \/>\n\t<meta name=\"twitter:label2\" content=\"Est. reading time\" \/>\n\t<meta name=\"twitter:data2\" content=\"1 minute\" \/>\n<script type=\"application\/ld+json\" class=\"yoast-schema-graph\">{\"@context\":\"https:\/\/schema.org\",\"@graph\":[{\"@type\":\"WebPage\",\"@id\":\"https:\/\/www.abrilabogados.com\/en\/noticias\/marcas-de-lujo-y-plataformas-de-distribucion\/\",\"url\":\"https:\/\/www.abrilabogados.com\/en\/noticias\/marcas-de-lujo-y-plataformas-de-distribucion\/\",\"name\":\"Marcas de lujo y plataformas de distribuci\u00f3n - Abril Abogados\",\"isPartOf\":{\"@id\":\"https:\/\/www.abrilabogados.com\/en\/#website\"},\"datePublished\":\"2018-03-09T23:00:00+00:00\",\"dateModified\":\"2026-04-23T20:23:40+00:00\",\"author\":{\"@id\":\"https:\/\/www.abrilabogados.com\/en\/#\/schema\/person\/750a358f28e46d5003b31222bddd9ed8\"},\"breadcrumb\":{\"@id\":\"https:\/\/www.abrilabogados.com\/en\/noticias\/marcas-de-lujo-y-plataformas-de-distribucion\/#breadcrumb\"},\"inLanguage\":\"en-US\",\"potentialAction\":[{\"@type\":\"ReadAction\",\"target\":[\"https:\/\/www.abrilabogados.com\/en\/noticias\/marcas-de-lujo-y-plataformas-de-distribucion\/\"]}]},{\"@type\":\"BreadcrumbList\",\"@id\":\"https:\/\/www.abrilabogados.com\/en\/noticias\/marcas-de-lujo-y-plataformas-de-distribucion\/#breadcrumb\",\"itemListElement\":[{\"@type\":\"ListItem\",\"position\":1,\"name\":\"Abril Abogados News\",\"item\":\"\/en\/noticias\/\"},{\"@type\":\"ListItem\",\"position\":2,\"name\":\"Marcas de lujo y plataformas de distribuci\u00f3n\"}]},{\"@type\":\"WebSite\",\"@id\":\"https:\/\/www.abrilabogados.com\/en\/#website\",\"url\":\"https:\/\/www.abrilabogados.com\/en\/\",\"name\":\"Abril Abogados\",\"description\":\"\",\"potentialAction\":[{\"@type\":\"SearchAction\",\"target\":{\"@type\":\"EntryPoint\",\"urlTemplate\":\"https:\/\/www.abrilabogados.com\/en\/?s={search_term_string}\"},\"query-input\":{\"@type\":\"PropertyValueSpecification\",\"valueRequired\":true,\"valueName\":\"search_term_string\"}}],\"inLanguage\":\"en-US\"},{\"@type\":\"Person\",\"@id\":\"https:\/\/www.abrilabogados.com\/en\/#\/schema\/person\/750a358f28e46d5003b31222bddd9ed8\",\"name\":\"admin\",\"image\":{\"@type\":\"ImageObject\",\"inLanguage\":\"en-US\",\"@id\":\"https:\/\/www.abrilabogados.com\/en\/#\/schema\/person\/image\/\",\"url\":\"https:\/\/secure.gravatar.com\/avatar\/52d6bc19e862502e6ff2f700f23c607b54491a2d4a05fc0f2a79b8077f4bc25c?s=96&d=mm&r=g\",\"contentUrl\":\"https:\/\/secure.gravatar.com\/avatar\/52d6bc19e862502e6ff2f700f23c607b54491a2d4a05fc0f2a79b8077f4bc25c?s=96&d=mm&r=g\",\"caption\":\"admin\"},\"sameAs\":[\"https:\/\/www.abrilabogados.com\"],\"url\":\"https:\/\/www.abrilabogados.com\/en\/noticias\/author\/charly_wpadmin\/\"}]}<\/script>\n<!-- \/ Yoast SEO plugin. -->","yoast_head_json":{"title":"Marcas de lujo y plataformas de distribuci\u00f3n - Abril Abogados","robots":{"index":"index","follow":"follow","max-snippet":"max-snippet:-1","max-image-preview":"max-image-preview:large","max-video-preview":"max-video-preview:-1"},"canonical":"https:\/\/www.abrilabogados.com\/en\/noticias\/marcas-de-lujo-y-plataformas-de-distribucion\/","og_locale":"en_US","og_type":"article","og_title":"Marcas de lujo y plataformas de distribuci\u00f3n - Abril Abogados","og_description":"El Tribunal de Justicia de la Uni\u00f3n Europea (TGUE) se ha vuelto a pronunciar en un nuevo caso sobre marcas de lujo entre Coty y Amazon.","og_url":"https:\/\/www.abrilabogados.com\/en\/noticias\/marcas-de-lujo-y-plataformas-de-distribucion\/","og_site_name":"Abril Abogados","article_published_time":"2018-03-09T23:00:00+00:00","article_modified_time":"2026-04-23T20:23:40+00:00","author":"admin","twitter_card":"summary_large_image","twitter_misc":{"Written by":"admin","Est. reading time":"1 minute"},"schema":{"@context":"https:\/\/schema.org","@graph":[{"@type":"WebPage","@id":"https:\/\/www.abrilabogados.com\/en\/noticias\/marcas-de-lujo-y-plataformas-de-distribucion\/","url":"https:\/\/www.abrilabogados.com\/en\/noticias\/marcas-de-lujo-y-plataformas-de-distribucion\/","name":"Marcas de lujo y plataformas de distribuci\u00f3n - Abril Abogados","isPartOf":{"@id":"https:\/\/www.abrilabogados.com\/en\/#website"},"datePublished":"2018-03-09T23:00:00+00:00","dateModified":"2026-04-23T20:23:40+00:00","author":{"@id":"https:\/\/www.abrilabogados.com\/en\/#\/schema\/person\/750a358f28e46d5003b31222bddd9ed8"},"breadcrumb":{"@id":"https:\/\/www.abrilabogados.com\/en\/noticias\/marcas-de-lujo-y-plataformas-de-distribucion\/#breadcrumb"},"inLanguage":"en-US","potentialAction":[{"@type":"ReadAction","target":["https:\/\/www.abrilabogados.com\/en\/noticias\/marcas-de-lujo-y-plataformas-de-distribucion\/"]}]},{"@type":"BreadcrumbList","@id":"https:\/\/www.abrilabogados.com\/en\/noticias\/marcas-de-lujo-y-plataformas-de-distribucion\/#breadcrumb","itemListElement":[{"@type":"ListItem","position":1,"name":"Abril Abogados News","item":"\/en\/noticias\/"},{"@type":"ListItem","position":2,"name":"Marcas de lujo y plataformas de distribuci\u00f3n"}]},{"@type":"WebSite","@id":"https:\/\/www.abrilabogados.com\/en\/#website","url":"https:\/\/www.abrilabogados.com\/en\/","name":"Abril Abogados","description":"","potentialAction":[{"@type":"SearchAction","target":{"@type":"EntryPoint","urlTemplate":"https:\/\/www.abrilabogados.com\/en\/?s={search_term_string}"},"query-input":{"@type":"PropertyValueSpecification","valueRequired":true,"valueName":"search_term_string"}}],"inLanguage":"en-US"},{"@type":"Person","@id":"https:\/\/www.abrilabogados.com\/en\/#\/schema\/person\/750a358f28e46d5003b31222bddd9ed8","name":"admin","image":{"@type":"ImageObject","inLanguage":"en-US","@id":"https:\/\/www.abrilabogados.com\/en\/#\/schema\/person\/image\/","url":"https:\/\/secure.gravatar.com\/avatar\/52d6bc19e862502e6ff2f700f23c607b54491a2d4a05fc0f2a79b8077f4bc25c?s=96&d=mm&r=g","contentUrl":"https:\/\/secure.gravatar.com\/avatar\/52d6bc19e862502e6ff2f700f23c607b54491a2d4a05fc0f2a79b8077f4bc25c?s=96&d=mm&r=g","caption":"admin"},"sameAs":["https:\/\/www.abrilabogados.com"],"url":"https:\/\/www.abrilabogados.com\/en\/noticias\/author\/charly_wpadmin\/"}]}},"_links":{"self":[{"href":"https:\/\/www.abrilabogados.com\/en\/wp-json\/wp\/v2\/posts\/1262","targetHints":{"allow":["GET"]}}],"collection":[{"href":"https:\/\/www.abrilabogados.com\/en\/wp-json\/wp\/v2\/posts"}],"about":[{"href":"https:\/\/www.abrilabogados.com\/en\/wp-json\/wp\/v2\/types\/post"}],"author":[{"embeddable":true,"href":"https:\/\/www.abrilabogados.com\/en\/wp-json\/wp\/v2\/users\/1"}],"replies":[{"embeddable":true,"href":"https:\/\/www.abrilabogados.com\/en\/wp-json\/wp\/v2\/comments?post=1262"}],"version-history":[{"count":1,"href":"https:\/\/www.abrilabogados.com\/en\/wp-json\/wp\/v2\/posts\/1262\/revisions"}],"predecessor-version":[{"id":3856,"href":"https:\/\/www.abrilabogados.com\/en\/wp-json\/wp\/v2\/posts\/1262\/revisions\/3856"}],"wp:attachment":[{"href":"https:\/\/www.abrilabogados.com\/en\/wp-json\/wp\/v2\/media?parent=1262"}],"wp:term":[{"taxonomy":"category","embeddable":true,"href":"https:\/\/www.abrilabogados.com\/en\/wp-json\/wp\/v2\/categories?post=1262"},{"taxonomy":"post_tag","embeddable":true,"href":"https:\/\/www.abrilabogados.com\/en\/wp-json\/wp\/v2\/tags?post=1262"},{"taxonomy":"sector_noticias","embeddable":true,"href":"https:\/\/www.abrilabogados.com\/en\/wp-json\/wp\/v2\/sector_noticias?post=1262"}],"curies":[{"name":"wp","href":"https:\/\/api.w.org\/{rel}","templated":true}]}}