{"id":1264,"date":"2018-03-09T00:00:00","date_gmt":"2018-03-08T23:00:00","guid":{"rendered":"https:\/\/www.abrilabogados.com\/situacion-de-signos-laudatorios-ante-el-tribunal-de-justicia-de-la-union-europea\/"},"modified":"2026-04-23T22:23:40","modified_gmt":"2026-04-23T20:23:40","slug":"situacion-de-signos-laudatorios-ante-el-tribunal-de-justicia-de-la-union-europea","status":"publish","type":"post","link":"https:\/\/www.abrilabogados.com\/en\/noticias\/situacion-de-signos-laudatorios-ante-el-tribunal-de-justicia-de-la-union-europea\/","title":{"rendered":"Situaci\u00f3n de signos laudatorios ante el Tribunal de Justicia de la Uni\u00f3n Europea"},"content":{"rendered":"<p>El Tribunal de Justicia de la Uni\u00f3n Europea (TGUE) ha rechazado recientemente la solicitud de la marca \u201cJuwel\u201d (palabra alemana para \u201cjoya\u201d \u2013 en ingl\u00e9s \u201cjewel\u201d) para las clases 9, 28 y 41 (caso Gauselmann vs EUIPO).<!--more--><\/p>\n<p>La solicitud de la marca \u201cJuwel\u201d fue inicialmente rechazada en 2014 por el examinador, debido a su falta de distintividad, as\u00ed como por ser considerada descriptiva. En 2015, la Oficina no tuvo en cuenta el recurso presentado por el solicitante. El Tribunal consider\u00f3 que la palabra \u201cJuwel\u201d tiene dos significados, aunque a pesar de esto, el p\u00fablico alem\u00e1n siempre entender\u00eda este t\u00e9rmino por ser laudatorio y, por lo tanto, descriptivo. El Tribunal tambi\u00e9n indic\u00f3 que es necesaria la inclusi\u00f3n de elementos adicionales para que los consumidores puedan diferenciar los productos o servicios. El solicitante apel\u00f3, indicando la existencia de marcas previas y comparables en la EUIPO, pero El Tribunal rechaz\u00f3 este argumento.<\/p>\n<p>A trav\u00e9s de este caso, el TGUE se vio obligado a trazar la l\u00ednea entre t\u00e9rminos laudatorios (no distintivos) y t\u00e9rminos ambiguos (distintivos). Por su parte, la EUIPO, ha declarado lo siguiente: es necesario \u201cdistinguir t\u00e9rminos laudatorios que describen &#8211; aunque en t\u00e9rminos generales \u2013 caracter\u00edsticas deseadas de bienes o servicios por ser baratos, convenientes, de alta calidad, etc. y los cuales son excluidos de ser registrados, de aquellos t\u00e9rminos que son laudatorios en sentido amplio, es decir que se refieren a connotaciones vagamente positivas o al comprador o productor de los bienes, sin especificar los bienes o servicios en s\u00ed\u201d (Directrices de Examen).<\/p>\n","protected":false},"excerpt":{"rendered":"<p>El Tribunal de Justicia de la Uni\u00f3n Europea (TGUE) ha rechazado recientemente la solicitud de la marca \u201cJuwel\u201d (palabra alemana para \u201cjoya\u201d \u2013 en ingl\u00e9s \u201cjewel\u201d) para las clases 9,&#8230;<\/p>\n","protected":false},"author":1,"featured_media":0,"comment_status":"closed","ping_status":"open","sticky":false,"template":"","format":"standard","meta":{"_acf_changed":false,"footnotes":""},"categories":[12],"tags":[],"sector_noticias":[],"class_list":{"0":"post-1264","1":"post","2":"type-post","3":"status-publish","4":"format-standard","6":"category-noticias"},"acf":[],"yoast_head":"<!-- This site is optimized with the Yoast SEO plugin v26.4 - https:\/\/yoast.com\/wordpress\/plugins\/seo\/ -->\n<title>Situaci\u00f3n de signos laudatorios ante el Tribunal de Justicia de la Uni\u00f3n Europea - Abril Abogados<\/title>\n<meta name=\"robots\" content=\"index, follow, max-snippet:-1, max-image-preview:large, max-video-preview:-1\" \/>\n<link rel=\"canonical\" href=\"https:\/\/www.abrilabogados.com\/en\/noticias\/situacion-de-signos-laudatorios-ante-el-tribunal-de-justicia-de-la-union-europea\/\" \/>\n<meta property=\"og:locale\" content=\"en_US\" \/>\n<meta property=\"og:type\" content=\"article\" \/>\n<meta property=\"og:title\" content=\"Situaci\u00f3n de signos laudatorios ante el Tribunal de Justicia de la Uni\u00f3n Europea - Abril Abogados\" \/>\n<meta property=\"og:description\" content=\"El Tribunal de Justicia de la Uni\u00f3n Europea (TGUE) ha rechazado recientemente la solicitud de la marca \u201cJuwel\u201d (palabra alemana para \u201cjoya\u201d \u2013 en ingl\u00e9s \u201cjewel\u201d) para las clases 9,...\" \/>\n<meta property=\"og:url\" content=\"https:\/\/www.abrilabogados.com\/en\/noticias\/situacion-de-signos-laudatorios-ante-el-tribunal-de-justicia-de-la-union-europea\/\" \/>\n<meta property=\"og:site_name\" content=\"Abril Abogados\" \/>\n<meta property=\"article:published_time\" content=\"2018-03-08T23:00:00+00:00\" \/>\n<meta property=\"article:modified_time\" content=\"2026-04-23T20:23:40+00:00\" \/>\n<meta name=\"author\" content=\"admin\" \/>\n<meta name=\"twitter:card\" content=\"summary_large_image\" \/>\n<meta name=\"twitter:label1\" content=\"Written by\" \/>\n\t<meta name=\"twitter:data1\" content=\"admin\" \/>\n\t<meta name=\"twitter:label2\" content=\"Est. reading time\" \/>\n\t<meta name=\"twitter:data2\" content=\"1 minute\" \/>\n<script type=\"application\/ld+json\" class=\"yoast-schema-graph\">{\"@context\":\"https:\/\/schema.org\",\"@graph\":[{\"@type\":\"WebPage\",\"@id\":\"https:\/\/www.abrilabogados.com\/en\/noticias\/situacion-de-signos-laudatorios-ante-el-tribunal-de-justicia-de-la-union-europea\/\",\"url\":\"https:\/\/www.abrilabogados.com\/en\/noticias\/situacion-de-signos-laudatorios-ante-el-tribunal-de-justicia-de-la-union-europea\/\",\"name\":\"Situaci\u00f3n de signos laudatorios ante el Tribunal de Justicia de la Uni\u00f3n Europea - Abril Abogados\",\"isPartOf\":{\"@id\":\"https:\/\/www.abrilabogados.com\/en\/#website\"},\"datePublished\":\"2018-03-08T23:00:00+00:00\",\"dateModified\":\"2026-04-23T20:23:40+00:00\",\"author\":{\"@id\":\"https:\/\/www.abrilabogados.com\/en\/#\/schema\/person\/750a358f28e46d5003b31222bddd9ed8\"},\"breadcrumb\":{\"@id\":\"https:\/\/www.abrilabogados.com\/en\/noticias\/situacion-de-signos-laudatorios-ante-el-tribunal-de-justicia-de-la-union-europea\/#breadcrumb\"},\"inLanguage\":\"en-US\",\"potentialAction\":[{\"@type\":\"ReadAction\",\"target\":[\"https:\/\/www.abrilabogados.com\/en\/noticias\/situacion-de-signos-laudatorios-ante-el-tribunal-de-justicia-de-la-union-europea\/\"]}]},{\"@type\":\"BreadcrumbList\",\"@id\":\"https:\/\/www.abrilabogados.com\/en\/noticias\/situacion-de-signos-laudatorios-ante-el-tribunal-de-justicia-de-la-union-europea\/#breadcrumb\",\"itemListElement\":[{\"@type\":\"ListItem\",\"position\":1,\"name\":\"Abril Abogados News\",\"item\":\"\/en\/noticias\/\"},{\"@type\":\"ListItem\",\"position\":2,\"name\":\"Situaci\u00f3n de signos laudatorios ante el Tribunal de Justicia de la Uni\u00f3n Europea\"}]},{\"@type\":\"WebSite\",\"@id\":\"https:\/\/www.abrilabogados.com\/en\/#website\",\"url\":\"https:\/\/www.abrilabogados.com\/en\/\",\"name\":\"Abril Abogados\",\"description\":\"\",\"potentialAction\":[{\"@type\":\"SearchAction\",\"target\":{\"@type\":\"EntryPoint\",\"urlTemplate\":\"https:\/\/www.abrilabogados.com\/en\/?s={search_term_string}\"},\"query-input\":{\"@type\":\"PropertyValueSpecification\",\"valueRequired\":true,\"valueName\":\"search_term_string\"}}],\"inLanguage\":\"en-US\"},{\"@type\":\"Person\",\"@id\":\"https:\/\/www.abrilabogados.com\/en\/#\/schema\/person\/750a358f28e46d5003b31222bddd9ed8\",\"name\":\"admin\",\"image\":{\"@type\":\"ImageObject\",\"inLanguage\":\"en-US\",\"@id\":\"https:\/\/www.abrilabogados.com\/en\/#\/schema\/person\/image\/\",\"url\":\"https:\/\/secure.gravatar.com\/avatar\/52d6bc19e862502e6ff2f700f23c607b54491a2d4a05fc0f2a79b8077f4bc25c?s=96&d=mm&r=g\",\"contentUrl\":\"https:\/\/secure.gravatar.com\/avatar\/52d6bc19e862502e6ff2f700f23c607b54491a2d4a05fc0f2a79b8077f4bc25c?s=96&d=mm&r=g\",\"caption\":\"admin\"},\"sameAs\":[\"https:\/\/www.abrilabogados.com\"],\"url\":\"https:\/\/www.abrilabogados.com\/en\/noticias\/author\/charly_wpadmin\/\"}]}<\/script>\n<!-- \/ Yoast SEO plugin. -->","yoast_head_json":{"title":"Situaci\u00f3n de signos laudatorios ante el Tribunal de Justicia de la Uni\u00f3n Europea - Abril Abogados","robots":{"index":"index","follow":"follow","max-snippet":"max-snippet:-1","max-image-preview":"max-image-preview:large","max-video-preview":"max-video-preview:-1"},"canonical":"https:\/\/www.abrilabogados.com\/en\/noticias\/situacion-de-signos-laudatorios-ante-el-tribunal-de-justicia-de-la-union-europea\/","og_locale":"en_US","og_type":"article","og_title":"Situaci\u00f3n de signos laudatorios ante el Tribunal de Justicia de la Uni\u00f3n Europea - Abril Abogados","og_description":"El Tribunal de Justicia de la Uni\u00f3n Europea (TGUE) ha rechazado recientemente la solicitud de la marca \u201cJuwel\u201d (palabra alemana para \u201cjoya\u201d \u2013 en ingl\u00e9s \u201cjewel\u201d) para las clases 9,...","og_url":"https:\/\/www.abrilabogados.com\/en\/noticias\/situacion-de-signos-laudatorios-ante-el-tribunal-de-justicia-de-la-union-europea\/","og_site_name":"Abril Abogados","article_published_time":"2018-03-08T23:00:00+00:00","article_modified_time":"2026-04-23T20:23:40+00:00","author":"admin","twitter_card":"summary_large_image","twitter_misc":{"Written by":"admin","Est. reading time":"1 minute"},"schema":{"@context":"https:\/\/schema.org","@graph":[{"@type":"WebPage","@id":"https:\/\/www.abrilabogados.com\/en\/noticias\/situacion-de-signos-laudatorios-ante-el-tribunal-de-justicia-de-la-union-europea\/","url":"https:\/\/www.abrilabogados.com\/en\/noticias\/situacion-de-signos-laudatorios-ante-el-tribunal-de-justicia-de-la-union-europea\/","name":"Situaci\u00f3n de signos laudatorios ante el Tribunal de Justicia de la Uni\u00f3n Europea - Abril Abogados","isPartOf":{"@id":"https:\/\/www.abrilabogados.com\/en\/#website"},"datePublished":"2018-03-08T23:00:00+00:00","dateModified":"2026-04-23T20:23:40+00:00","author":{"@id":"https:\/\/www.abrilabogados.com\/en\/#\/schema\/person\/750a358f28e46d5003b31222bddd9ed8"},"breadcrumb":{"@id":"https:\/\/www.abrilabogados.com\/en\/noticias\/situacion-de-signos-laudatorios-ante-el-tribunal-de-justicia-de-la-union-europea\/#breadcrumb"},"inLanguage":"en-US","potentialAction":[{"@type":"ReadAction","target":["https:\/\/www.abrilabogados.com\/en\/noticias\/situacion-de-signos-laudatorios-ante-el-tribunal-de-justicia-de-la-union-europea\/"]}]},{"@type":"BreadcrumbList","@id":"https:\/\/www.abrilabogados.com\/en\/noticias\/situacion-de-signos-laudatorios-ante-el-tribunal-de-justicia-de-la-union-europea\/#breadcrumb","itemListElement":[{"@type":"ListItem","position":1,"name":"Abril Abogados News","item":"\/en\/noticias\/"},{"@type":"ListItem","position":2,"name":"Situaci\u00f3n de signos laudatorios ante el Tribunal de Justicia de la Uni\u00f3n Europea"}]},{"@type":"WebSite","@id":"https:\/\/www.abrilabogados.com\/en\/#website","url":"https:\/\/www.abrilabogados.com\/en\/","name":"Abril Abogados","description":"","potentialAction":[{"@type":"SearchAction","target":{"@type":"EntryPoint","urlTemplate":"https:\/\/www.abrilabogados.com\/en\/?s={search_term_string}"},"query-input":{"@type":"PropertyValueSpecification","valueRequired":true,"valueName":"search_term_string"}}],"inLanguage":"en-US"},{"@type":"Person","@id":"https:\/\/www.abrilabogados.com\/en\/#\/schema\/person\/750a358f28e46d5003b31222bddd9ed8","name":"admin","image":{"@type":"ImageObject","inLanguage":"en-US","@id":"https:\/\/www.abrilabogados.com\/en\/#\/schema\/person\/image\/","url":"https:\/\/secure.gravatar.com\/avatar\/52d6bc19e862502e6ff2f700f23c607b54491a2d4a05fc0f2a79b8077f4bc25c?s=96&d=mm&r=g","contentUrl":"https:\/\/secure.gravatar.com\/avatar\/52d6bc19e862502e6ff2f700f23c607b54491a2d4a05fc0f2a79b8077f4bc25c?s=96&d=mm&r=g","caption":"admin"},"sameAs":["https:\/\/www.abrilabogados.com"],"url":"https:\/\/www.abrilabogados.com\/en\/noticias\/author\/charly_wpadmin\/"}]}},"_links":{"self":[{"href":"https:\/\/www.abrilabogados.com\/en\/wp-json\/wp\/v2\/posts\/1264","targetHints":{"allow":["GET"]}}],"collection":[{"href":"https:\/\/www.abrilabogados.com\/en\/wp-json\/wp\/v2\/posts"}],"about":[{"href":"https:\/\/www.abrilabogados.com\/en\/wp-json\/wp\/v2\/types\/post"}],"author":[{"embeddable":true,"href":"https:\/\/www.abrilabogados.com\/en\/wp-json\/wp\/v2\/users\/1"}],"replies":[{"embeddable":true,"href":"https:\/\/www.abrilabogados.com\/en\/wp-json\/wp\/v2\/comments?post=1264"}],"version-history":[{"count":1,"href":"https:\/\/www.abrilabogados.com\/en\/wp-json\/wp\/v2\/posts\/1264\/revisions"}],"predecessor-version":[{"id":3857,"href":"https:\/\/www.abrilabogados.com\/en\/wp-json\/wp\/v2\/posts\/1264\/revisions\/3857"}],"wp:attachment":[{"href":"https:\/\/www.abrilabogados.com\/en\/wp-json\/wp\/v2\/media?parent=1264"}],"wp:term":[{"taxonomy":"category","embeddable":true,"href":"https:\/\/www.abrilabogados.com\/en\/wp-json\/wp\/v2\/categories?post=1264"},{"taxonomy":"post_tag","embeddable":true,"href":"https:\/\/www.abrilabogados.com\/en\/wp-json\/wp\/v2\/tags?post=1264"},{"taxonomy":"sector_noticias","embeddable":true,"href":"https:\/\/www.abrilabogados.com\/en\/wp-json\/wp\/v2\/sector_noticias?post=1264"}],"curies":[{"name":"wp","href":"https:\/\/api.w.org\/{rel}","templated":true}]}}