{"id":1270,"date":"2018-03-06T00:00:00","date_gmt":"2018-03-05T23:00:00","guid":{"rendered":"https:\/\/www.abrilabogados.com\/sancion-por-el-envio-de-facturas-fraudulentas\/"},"modified":"2026-04-23T22:23:43","modified_gmt":"2026-04-23T20:23:43","slug":"sancion-por-el-envio-de-facturas-fraudulentas","status":"publish","type":"post","link":"https:\/\/www.abrilabogados.com\/en\/noticias\/sancion-por-el-envio-de-facturas-fraudulentas\/","title":{"rendered":"Sanci\u00f3n por el env\u00edo de facturas fraudulentas"},"content":{"rendered":"<p>El 20 de diciembre de 2017, el Tribunal de Apelaci\u00f3n de Estocolmo dict\u00f3 sentencia en un caso penal contra dos sujetos que hab\u00edan enviado facturas fraudulentas a titulares de MUEs bajo el membrete \u00abOMIH\u00bb.<!--more--> En una clara aproximaci\u00f3n enga\u00f1osa a las antiguas siglas de la Oficina OHIM (por sus siglas en ingl\u00e9s).<\/p>\n<p>Los\u00a0 acusados fueron condenados a prisi\u00f3n por fraude . El Tribunal tambi\u00e9n confirm\u00f3 todas las reclamaciones por da\u00f1os y perjuicios presentadas por algunos de los destinatarios que hab\u00edan efectuado pagos tras la recepci\u00f3n de las facturas fraudulentas.<\/p>\n","protected":false},"excerpt":{"rendered":"<p>El 20 de diciembre de 2017, el Tribunal de Apelaci\u00f3n de Estocolmo dict\u00f3 sentencia en un caso penal contra dos sujetos que hab\u00edan enviado facturas fraudulentas a titulares de MUEs&#8230;<\/p>\n","protected":false},"author":1,"featured_media":0,"comment_status":"closed","ping_status":"open","sticky":false,"template":"","format":"standard","meta":{"_acf_changed":false,"footnotes":""},"categories":[12],"tags":[],"sector_noticias":[],"class_list":{"0":"post-1270","1":"post","2":"type-post","3":"status-publish","4":"format-standard","6":"category-noticias"},"acf":[],"yoast_head":"<!-- This site is optimized with the Yoast SEO plugin v26.4 - https:\/\/yoast.com\/wordpress\/plugins\/seo\/ -->\n<title>Sanci\u00f3n por el env\u00edo de facturas fraudulentas - Abril Abogados<\/title>\n<meta name=\"robots\" content=\"index, follow, max-snippet:-1, max-image-preview:large, max-video-preview:-1\" \/>\n<link rel=\"canonical\" href=\"https:\/\/www.abrilabogados.com\/en\/noticias\/sancion-por-el-envio-de-facturas-fraudulentas\/\" \/>\n<meta property=\"og:locale\" content=\"en_US\" \/>\n<meta property=\"og:type\" content=\"article\" \/>\n<meta property=\"og:title\" content=\"Sanci\u00f3n por el env\u00edo de facturas fraudulentas - Abril Abogados\" \/>\n<meta property=\"og:description\" content=\"El 20 de diciembre de 2017, el Tribunal de Apelaci\u00f3n de Estocolmo dict\u00f3 sentencia en un caso penal contra dos sujetos que hab\u00edan enviado facturas fraudulentas a titulares de MUEs...\" \/>\n<meta property=\"og:url\" content=\"https:\/\/www.abrilabogados.com\/en\/noticias\/sancion-por-el-envio-de-facturas-fraudulentas\/\" \/>\n<meta property=\"og:site_name\" content=\"Abril Abogados\" \/>\n<meta property=\"article:published_time\" content=\"2018-03-05T23:00:00+00:00\" \/>\n<meta property=\"article:modified_time\" content=\"2026-04-23T20:23:43+00:00\" \/>\n<meta name=\"author\" content=\"admin\" \/>\n<meta name=\"twitter:card\" content=\"summary_large_image\" \/>\n<meta name=\"twitter:label1\" content=\"Written by\" \/>\n\t<meta name=\"twitter:data1\" content=\"admin\" \/>\n<script type=\"application\/ld+json\" class=\"yoast-schema-graph\">{\"@context\":\"https:\/\/schema.org\",\"@graph\":[{\"@type\":\"WebPage\",\"@id\":\"https:\/\/www.abrilabogados.com\/en\/noticias\/sancion-por-el-envio-de-facturas-fraudulentas\/\",\"url\":\"https:\/\/www.abrilabogados.com\/en\/noticias\/sancion-por-el-envio-de-facturas-fraudulentas\/\",\"name\":\"Sanci\u00f3n por el env\u00edo de facturas fraudulentas - Abril Abogados\",\"isPartOf\":{\"@id\":\"https:\/\/www.abrilabogados.com\/en\/#website\"},\"datePublished\":\"2018-03-05T23:00:00+00:00\",\"dateModified\":\"2026-04-23T20:23:43+00:00\",\"author\":{\"@id\":\"https:\/\/www.abrilabogados.com\/en\/#\/schema\/person\/750a358f28e46d5003b31222bddd9ed8\"},\"breadcrumb\":{\"@id\":\"https:\/\/www.abrilabogados.com\/en\/noticias\/sancion-por-el-envio-de-facturas-fraudulentas\/#breadcrumb\"},\"inLanguage\":\"en-US\",\"potentialAction\":[{\"@type\":\"ReadAction\",\"target\":[\"https:\/\/www.abrilabogados.com\/en\/noticias\/sancion-por-el-envio-de-facturas-fraudulentas\/\"]}]},{\"@type\":\"BreadcrumbList\",\"@id\":\"https:\/\/www.abrilabogados.com\/en\/noticias\/sancion-por-el-envio-de-facturas-fraudulentas\/#breadcrumb\",\"itemListElement\":[{\"@type\":\"ListItem\",\"position\":1,\"name\":\"Abril Abogados News\",\"item\":\"\/en\/noticias\/\"},{\"@type\":\"ListItem\",\"position\":2,\"name\":\"Sanci\u00f3n por el env\u00edo de facturas fraudulentas\"}]},{\"@type\":\"WebSite\",\"@id\":\"https:\/\/www.abrilabogados.com\/en\/#website\",\"url\":\"https:\/\/www.abrilabogados.com\/en\/\",\"name\":\"Abril Abogados\",\"description\":\"\",\"potentialAction\":[{\"@type\":\"SearchAction\",\"target\":{\"@type\":\"EntryPoint\",\"urlTemplate\":\"https:\/\/www.abrilabogados.com\/en\/?s={search_term_string}\"},\"query-input\":{\"@type\":\"PropertyValueSpecification\",\"valueRequired\":true,\"valueName\":\"search_term_string\"}}],\"inLanguage\":\"en-US\"},{\"@type\":\"Person\",\"@id\":\"https:\/\/www.abrilabogados.com\/en\/#\/schema\/person\/750a358f28e46d5003b31222bddd9ed8\",\"name\":\"admin\",\"image\":{\"@type\":\"ImageObject\",\"inLanguage\":\"en-US\",\"@id\":\"https:\/\/www.abrilabogados.com\/en\/#\/schema\/person\/image\/\",\"url\":\"https:\/\/secure.gravatar.com\/avatar\/52d6bc19e862502e6ff2f700f23c607b54491a2d4a05fc0f2a79b8077f4bc25c?s=96&d=mm&r=g\",\"contentUrl\":\"https:\/\/secure.gravatar.com\/avatar\/52d6bc19e862502e6ff2f700f23c607b54491a2d4a05fc0f2a79b8077f4bc25c?s=96&d=mm&r=g\",\"caption\":\"admin\"},\"sameAs\":[\"https:\/\/www.abrilabogados.com\"],\"url\":\"https:\/\/www.abrilabogados.com\/en\/noticias\/author\/charly_wpadmin\/\"}]}<\/script>\n<!-- \/ Yoast SEO plugin. -->","yoast_head_json":{"title":"Sanci\u00f3n por el env\u00edo de facturas fraudulentas - Abril Abogados","robots":{"index":"index","follow":"follow","max-snippet":"max-snippet:-1","max-image-preview":"max-image-preview:large","max-video-preview":"max-video-preview:-1"},"canonical":"https:\/\/www.abrilabogados.com\/en\/noticias\/sancion-por-el-envio-de-facturas-fraudulentas\/","og_locale":"en_US","og_type":"article","og_title":"Sanci\u00f3n por el env\u00edo de facturas fraudulentas - Abril Abogados","og_description":"El 20 de diciembre de 2017, el Tribunal de Apelaci\u00f3n de Estocolmo dict\u00f3 sentencia en un caso penal contra dos sujetos que hab\u00edan enviado facturas fraudulentas a titulares de MUEs...","og_url":"https:\/\/www.abrilabogados.com\/en\/noticias\/sancion-por-el-envio-de-facturas-fraudulentas\/","og_site_name":"Abril Abogados","article_published_time":"2018-03-05T23:00:00+00:00","article_modified_time":"2026-04-23T20:23:43+00:00","author":"admin","twitter_card":"summary_large_image","twitter_misc":{"Written by":"admin"},"schema":{"@context":"https:\/\/schema.org","@graph":[{"@type":"WebPage","@id":"https:\/\/www.abrilabogados.com\/en\/noticias\/sancion-por-el-envio-de-facturas-fraudulentas\/","url":"https:\/\/www.abrilabogados.com\/en\/noticias\/sancion-por-el-envio-de-facturas-fraudulentas\/","name":"Sanci\u00f3n por el env\u00edo de facturas fraudulentas - Abril Abogados","isPartOf":{"@id":"https:\/\/www.abrilabogados.com\/en\/#website"},"datePublished":"2018-03-05T23:00:00+00:00","dateModified":"2026-04-23T20:23:43+00:00","author":{"@id":"https:\/\/www.abrilabogados.com\/en\/#\/schema\/person\/750a358f28e46d5003b31222bddd9ed8"},"breadcrumb":{"@id":"https:\/\/www.abrilabogados.com\/en\/noticias\/sancion-por-el-envio-de-facturas-fraudulentas\/#breadcrumb"},"inLanguage":"en-US","potentialAction":[{"@type":"ReadAction","target":["https:\/\/www.abrilabogados.com\/en\/noticias\/sancion-por-el-envio-de-facturas-fraudulentas\/"]}]},{"@type":"BreadcrumbList","@id":"https:\/\/www.abrilabogados.com\/en\/noticias\/sancion-por-el-envio-de-facturas-fraudulentas\/#breadcrumb","itemListElement":[{"@type":"ListItem","position":1,"name":"Abril Abogados News","item":"\/en\/noticias\/"},{"@type":"ListItem","position":2,"name":"Sanci\u00f3n por el env\u00edo de facturas fraudulentas"}]},{"@type":"WebSite","@id":"https:\/\/www.abrilabogados.com\/en\/#website","url":"https:\/\/www.abrilabogados.com\/en\/","name":"Abril Abogados","description":"","potentialAction":[{"@type":"SearchAction","target":{"@type":"EntryPoint","urlTemplate":"https:\/\/www.abrilabogados.com\/en\/?s={search_term_string}"},"query-input":{"@type":"PropertyValueSpecification","valueRequired":true,"valueName":"search_term_string"}}],"inLanguage":"en-US"},{"@type":"Person","@id":"https:\/\/www.abrilabogados.com\/en\/#\/schema\/person\/750a358f28e46d5003b31222bddd9ed8","name":"admin","image":{"@type":"ImageObject","inLanguage":"en-US","@id":"https:\/\/www.abrilabogados.com\/en\/#\/schema\/person\/image\/","url":"https:\/\/secure.gravatar.com\/avatar\/52d6bc19e862502e6ff2f700f23c607b54491a2d4a05fc0f2a79b8077f4bc25c?s=96&d=mm&r=g","contentUrl":"https:\/\/secure.gravatar.com\/avatar\/52d6bc19e862502e6ff2f700f23c607b54491a2d4a05fc0f2a79b8077f4bc25c?s=96&d=mm&r=g","caption":"admin"},"sameAs":["https:\/\/www.abrilabogados.com"],"url":"https:\/\/www.abrilabogados.com\/en\/noticias\/author\/charly_wpadmin\/"}]}},"_links":{"self":[{"href":"https:\/\/www.abrilabogados.com\/en\/wp-json\/wp\/v2\/posts\/1270","targetHints":{"allow":["GET"]}}],"collection":[{"href":"https:\/\/www.abrilabogados.com\/en\/wp-json\/wp\/v2\/posts"}],"about":[{"href":"https:\/\/www.abrilabogados.com\/en\/wp-json\/wp\/v2\/types\/post"}],"author":[{"embeddable":true,"href":"https:\/\/www.abrilabogados.com\/en\/wp-json\/wp\/v2\/users\/1"}],"replies":[{"embeddable":true,"href":"https:\/\/www.abrilabogados.com\/en\/wp-json\/wp\/v2\/comments?post=1270"}],"version-history":[{"count":1,"href":"https:\/\/www.abrilabogados.com\/en\/wp-json\/wp\/v2\/posts\/1270\/revisions"}],"predecessor-version":[{"id":3860,"href":"https:\/\/www.abrilabogados.com\/en\/wp-json\/wp\/v2\/posts\/1270\/revisions\/3860"}],"wp:attachment":[{"href":"https:\/\/www.abrilabogados.com\/en\/wp-json\/wp\/v2\/media?parent=1270"}],"wp:term":[{"taxonomy":"category","embeddable":true,"href":"https:\/\/www.abrilabogados.com\/en\/wp-json\/wp\/v2\/categories?post=1270"},{"taxonomy":"post_tag","embeddable":true,"href":"https:\/\/www.abrilabogados.com\/en\/wp-json\/wp\/v2\/tags?post=1270"},{"taxonomy":"sector_noticias","embeddable":true,"href":"https:\/\/www.abrilabogados.com\/en\/wp-json\/wp\/v2\/sector_noticias?post=1270"}],"curies":[{"name":"wp","href":"https:\/\/api.w.org\/{rel}","templated":true}]}}