{"id":1272,"date":"2018-03-05T00:00:00","date_gmt":"2018-03-04T23:00:00","guid":{"rendered":"https:\/\/www.abrilabogados.com\/el-reino-unido-acepta-la-proteccion-de-los-derechos-de-pi-despues-de-la-transicion-de-brexit\/"},"modified":"2026-04-23T22:23:44","modified_gmt":"2026-04-23T20:23:44","slug":"el-reino-unido-acepta-la-proteccion-de-los-derechos-de-pi-despues-de-la-transicion-de-brexit","status":"publish","type":"post","link":"https:\/\/www.abrilabogados.com\/en\/noticias\/el-reino-unido-acepta-la-proteccion-de-los-derechos-de-pi-despues-de-la-transicion-de-brexit\/","title":{"rendered":"El Reino Unido acepta la protecci\u00f3n de los derechos de PI despu\u00e9s de la transici\u00f3n de Brexit"},"content":{"rendered":"<p>El Reino Unido y la Uni\u00f3n Europea han acordado que, los titulares de marcas Europeas y Dise\u00f1os Comunitarios, gozar\u00e1n de protecci\u00f3n en el Reino Unido, tras un per\u00edodo de transici\u00f3n que finalizar\u00e1 el 31 de diciembre de 2020.<!--more--><\/p>\n<p>El anuncio surge como parte del lanzamiento del borrador del acuerdo del gobierno del Reino Unido y la UE publicado el 19 de marzo. Se ha acordado pues, un per\u00edodo transitorio entre el 29 de marzo de 2019 y el 31 de diciembre 2020, tiempo durante el cual el Reino Unido seguir\u00e1 siendo parte de la UE.<\/p>\n<p>El proyecto de acuerdo incluye disposiciones sobre la protecci\u00f3n y la observancia de la propiedad intelectual a la finalizaci\u00f3n del per\u00edodo de transici\u00f3n. Los registros de marcas de la UE, dise\u00f1os comunitarios, variedades vegetales y bases de datos estar\u00e1n protegidos. Estas disposiciones &#8220;solo estar\u00e1n sujetas a revisiones t\u00e9cnicas legales en las pr\u00f3ximas semanas&#8221;.<\/p>\n<p>Seg\u00fan el proyecto de acuerdo, los titulares de dichos derechos europeos, ser\u00e1n titulares de un derecho registrado comparable y ejecutable\u00a0 en materia de propiedad intelectual en el Reino Unido sin necesidad de\u00a0 reexamen.<\/p>\n<p>Las negociaciones, sin embargo, contin\u00faan para la protecci\u00f3n de las indicaciones geogr\u00e1ficas y las solicitudes de certificados de protecci\u00f3n complementarios pendientes con posterioridad al Brexit. El proyecto acordado establece que los derechos que se hayan extinguido tanto en el Reino Unido como en la UE antes del final del per\u00edodo de transici\u00f3n, seguir\u00e1n extintos al final del mismo. Est\u00e1 previsto que el Chartered Institute of Trade Mark Attorneys (CITMA) se re\u00fana pr\u00f3ximamente con la EUIPO para abordar los detalles del acuerdo de retirada y qu\u00e9 ocurrir\u00e1 con los derechos de representaci\u00f3n ante esta oficina.<\/p>\n","protected":false},"excerpt":{"rendered":"<p>El Reino Unido y la Uni\u00f3n Europea han acordado que, los titulares de marcas Europeas y Dise\u00f1os Comunitarios, gozar\u00e1n de protecci\u00f3n en el Reino Unido, tras un per\u00edodo de transici\u00f3n&#8230;<\/p>\n","protected":false},"author":1,"featured_media":0,"comment_status":"closed","ping_status":"open","sticky":false,"template":"","format":"standard","meta":{"_acf_changed":false,"footnotes":""},"categories":[12],"tags":[],"sector_noticias":[],"class_list":{"0":"post-1272","1":"post","2":"type-post","3":"status-publish","4":"format-standard","6":"category-noticias"},"acf":[],"yoast_head":"<!-- This site is optimized with the Yoast SEO plugin v26.4 - https:\/\/yoast.com\/wordpress\/plugins\/seo\/ -->\n<title>El Reino Unido acepta la protecci\u00f3n de los derechos de PI despu\u00e9s de la transici\u00f3n de Brexit - Abril Abogados<\/title>\n<meta name=\"robots\" content=\"index, follow, max-snippet:-1, max-image-preview:large, max-video-preview:-1\" \/>\n<link rel=\"canonical\" href=\"https:\/\/www.abrilabogados.com\/en\/noticias\/el-reino-unido-acepta-la-proteccion-de-los-derechos-de-pi-despues-de-la-transicion-de-brexit\/\" \/>\n<meta property=\"og:locale\" content=\"en_US\" \/>\n<meta property=\"og:type\" content=\"article\" \/>\n<meta property=\"og:title\" content=\"El Reino Unido acepta la protecci\u00f3n de los derechos de PI despu\u00e9s de la transici\u00f3n de Brexit - Abril Abogados\" \/>\n<meta property=\"og:description\" content=\"El Reino Unido y la Uni\u00f3n Europea han acordado que, los titulares de marcas Europeas y Dise\u00f1os Comunitarios, gozar\u00e1n de protecci\u00f3n en el Reino Unido, tras un per\u00edodo de transici\u00f3n...\" \/>\n<meta property=\"og:url\" content=\"https:\/\/www.abrilabogados.com\/en\/noticias\/el-reino-unido-acepta-la-proteccion-de-los-derechos-de-pi-despues-de-la-transicion-de-brexit\/\" \/>\n<meta property=\"og:site_name\" content=\"Abril Abogados\" \/>\n<meta property=\"article:published_time\" content=\"2018-03-04T23:00:00+00:00\" \/>\n<meta property=\"article:modified_time\" content=\"2026-04-23T20:23:44+00:00\" \/>\n<meta name=\"author\" content=\"admin\" \/>\n<meta name=\"twitter:card\" content=\"summary_large_image\" \/>\n<meta name=\"twitter:label1\" content=\"Written by\" \/>\n\t<meta name=\"twitter:data1\" content=\"admin\" \/>\n\t<meta name=\"twitter:label2\" content=\"Est. reading time\" \/>\n\t<meta name=\"twitter:data2\" content=\"1 minute\" \/>\n<script type=\"application\/ld+json\" class=\"yoast-schema-graph\">{\"@context\":\"https:\/\/schema.org\",\"@graph\":[{\"@type\":\"WebPage\",\"@id\":\"https:\/\/www.abrilabogados.com\/en\/noticias\/el-reino-unido-acepta-la-proteccion-de-los-derechos-de-pi-despues-de-la-transicion-de-brexit\/\",\"url\":\"https:\/\/www.abrilabogados.com\/en\/noticias\/el-reino-unido-acepta-la-proteccion-de-los-derechos-de-pi-despues-de-la-transicion-de-brexit\/\",\"name\":\"El Reino Unido acepta la protecci\u00f3n de los derechos de PI despu\u00e9s de la transici\u00f3n de Brexit - Abril Abogados\",\"isPartOf\":{\"@id\":\"https:\/\/www.abrilabogados.com\/en\/#website\"},\"datePublished\":\"2018-03-04T23:00:00+00:00\",\"dateModified\":\"2026-04-23T20:23:44+00:00\",\"author\":{\"@id\":\"https:\/\/www.abrilabogados.com\/en\/#\/schema\/person\/750a358f28e46d5003b31222bddd9ed8\"},\"breadcrumb\":{\"@id\":\"https:\/\/www.abrilabogados.com\/en\/noticias\/el-reino-unido-acepta-la-proteccion-de-los-derechos-de-pi-despues-de-la-transicion-de-brexit\/#breadcrumb\"},\"inLanguage\":\"en-US\",\"potentialAction\":[{\"@type\":\"ReadAction\",\"target\":[\"https:\/\/www.abrilabogados.com\/en\/noticias\/el-reino-unido-acepta-la-proteccion-de-los-derechos-de-pi-despues-de-la-transicion-de-brexit\/\"]}]},{\"@type\":\"BreadcrumbList\",\"@id\":\"https:\/\/www.abrilabogados.com\/en\/noticias\/el-reino-unido-acepta-la-proteccion-de-los-derechos-de-pi-despues-de-la-transicion-de-brexit\/#breadcrumb\",\"itemListElement\":[{\"@type\":\"ListItem\",\"position\":1,\"name\":\"Abril Abogados News\",\"item\":\"\/en\/noticias\/\"},{\"@type\":\"ListItem\",\"position\":2,\"name\":\"El Reino Unido acepta la protecci\u00f3n de los derechos de PI despu\u00e9s de la transici\u00f3n de Brexit\"}]},{\"@type\":\"WebSite\",\"@id\":\"https:\/\/www.abrilabogados.com\/en\/#website\",\"url\":\"https:\/\/www.abrilabogados.com\/en\/\",\"name\":\"Abril Abogados\",\"description\":\"\",\"potentialAction\":[{\"@type\":\"SearchAction\",\"target\":{\"@type\":\"EntryPoint\",\"urlTemplate\":\"https:\/\/www.abrilabogados.com\/en\/?s={search_term_string}\"},\"query-input\":{\"@type\":\"PropertyValueSpecification\",\"valueRequired\":true,\"valueName\":\"search_term_string\"}}],\"inLanguage\":\"en-US\"},{\"@type\":\"Person\",\"@id\":\"https:\/\/www.abrilabogados.com\/en\/#\/schema\/person\/750a358f28e46d5003b31222bddd9ed8\",\"name\":\"admin\",\"image\":{\"@type\":\"ImageObject\",\"inLanguage\":\"en-US\",\"@id\":\"https:\/\/www.abrilabogados.com\/en\/#\/schema\/person\/image\/\",\"url\":\"https:\/\/secure.gravatar.com\/avatar\/52d6bc19e862502e6ff2f700f23c607b54491a2d4a05fc0f2a79b8077f4bc25c?s=96&d=mm&r=g\",\"contentUrl\":\"https:\/\/secure.gravatar.com\/avatar\/52d6bc19e862502e6ff2f700f23c607b54491a2d4a05fc0f2a79b8077f4bc25c?s=96&d=mm&r=g\",\"caption\":\"admin\"},\"sameAs\":[\"https:\/\/www.abrilabogados.com\"],\"url\":\"https:\/\/www.abrilabogados.com\/en\/noticias\/author\/charly_wpadmin\/\"}]}<\/script>\n<!-- \/ Yoast SEO plugin. -->","yoast_head_json":{"title":"El Reino Unido acepta la protecci\u00f3n de los derechos de PI despu\u00e9s de la transici\u00f3n de Brexit - Abril Abogados","robots":{"index":"index","follow":"follow","max-snippet":"max-snippet:-1","max-image-preview":"max-image-preview:large","max-video-preview":"max-video-preview:-1"},"canonical":"https:\/\/www.abrilabogados.com\/en\/noticias\/el-reino-unido-acepta-la-proteccion-de-los-derechos-de-pi-despues-de-la-transicion-de-brexit\/","og_locale":"en_US","og_type":"article","og_title":"El Reino Unido acepta la protecci\u00f3n de los derechos de PI despu\u00e9s de la transici\u00f3n de Brexit - Abril Abogados","og_description":"El Reino Unido y la Uni\u00f3n Europea han acordado que, los titulares de marcas Europeas y Dise\u00f1os Comunitarios, gozar\u00e1n de protecci\u00f3n en el Reino Unido, tras un per\u00edodo de transici\u00f3n...","og_url":"https:\/\/www.abrilabogados.com\/en\/noticias\/el-reino-unido-acepta-la-proteccion-de-los-derechos-de-pi-despues-de-la-transicion-de-brexit\/","og_site_name":"Abril Abogados","article_published_time":"2018-03-04T23:00:00+00:00","article_modified_time":"2026-04-23T20:23:44+00:00","author":"admin","twitter_card":"summary_large_image","twitter_misc":{"Written by":"admin","Est. reading time":"1 minute"},"schema":{"@context":"https:\/\/schema.org","@graph":[{"@type":"WebPage","@id":"https:\/\/www.abrilabogados.com\/en\/noticias\/el-reino-unido-acepta-la-proteccion-de-los-derechos-de-pi-despues-de-la-transicion-de-brexit\/","url":"https:\/\/www.abrilabogados.com\/en\/noticias\/el-reino-unido-acepta-la-proteccion-de-los-derechos-de-pi-despues-de-la-transicion-de-brexit\/","name":"El Reino Unido acepta la protecci\u00f3n de los derechos de PI despu\u00e9s de la transici\u00f3n de Brexit - Abril Abogados","isPartOf":{"@id":"https:\/\/www.abrilabogados.com\/en\/#website"},"datePublished":"2018-03-04T23:00:00+00:00","dateModified":"2026-04-23T20:23:44+00:00","author":{"@id":"https:\/\/www.abrilabogados.com\/en\/#\/schema\/person\/750a358f28e46d5003b31222bddd9ed8"},"breadcrumb":{"@id":"https:\/\/www.abrilabogados.com\/en\/noticias\/el-reino-unido-acepta-la-proteccion-de-los-derechos-de-pi-despues-de-la-transicion-de-brexit\/#breadcrumb"},"inLanguage":"en-US","potentialAction":[{"@type":"ReadAction","target":["https:\/\/www.abrilabogados.com\/en\/noticias\/el-reino-unido-acepta-la-proteccion-de-los-derechos-de-pi-despues-de-la-transicion-de-brexit\/"]}]},{"@type":"BreadcrumbList","@id":"https:\/\/www.abrilabogados.com\/en\/noticias\/el-reino-unido-acepta-la-proteccion-de-los-derechos-de-pi-despues-de-la-transicion-de-brexit\/#breadcrumb","itemListElement":[{"@type":"ListItem","position":1,"name":"Abril Abogados News","item":"\/en\/noticias\/"},{"@type":"ListItem","position":2,"name":"El Reino Unido acepta la protecci\u00f3n de los derechos de PI despu\u00e9s de la transici\u00f3n de Brexit"}]},{"@type":"WebSite","@id":"https:\/\/www.abrilabogados.com\/en\/#website","url":"https:\/\/www.abrilabogados.com\/en\/","name":"Abril Abogados","description":"","potentialAction":[{"@type":"SearchAction","target":{"@type":"EntryPoint","urlTemplate":"https:\/\/www.abrilabogados.com\/en\/?s={search_term_string}"},"query-input":{"@type":"PropertyValueSpecification","valueRequired":true,"valueName":"search_term_string"}}],"inLanguage":"en-US"},{"@type":"Person","@id":"https:\/\/www.abrilabogados.com\/en\/#\/schema\/person\/750a358f28e46d5003b31222bddd9ed8","name":"admin","image":{"@type":"ImageObject","inLanguage":"en-US","@id":"https:\/\/www.abrilabogados.com\/en\/#\/schema\/person\/image\/","url":"https:\/\/secure.gravatar.com\/avatar\/52d6bc19e862502e6ff2f700f23c607b54491a2d4a05fc0f2a79b8077f4bc25c?s=96&d=mm&r=g","contentUrl":"https:\/\/secure.gravatar.com\/avatar\/52d6bc19e862502e6ff2f700f23c607b54491a2d4a05fc0f2a79b8077f4bc25c?s=96&d=mm&r=g","caption":"admin"},"sameAs":["https:\/\/www.abrilabogados.com"],"url":"https:\/\/www.abrilabogados.com\/en\/noticias\/author\/charly_wpadmin\/"}]}},"_links":{"self":[{"href":"https:\/\/www.abrilabogados.com\/en\/wp-json\/wp\/v2\/posts\/1272","targetHints":{"allow":["GET"]}}],"collection":[{"href":"https:\/\/www.abrilabogados.com\/en\/wp-json\/wp\/v2\/posts"}],"about":[{"href":"https:\/\/www.abrilabogados.com\/en\/wp-json\/wp\/v2\/types\/post"}],"author":[{"embeddable":true,"href":"https:\/\/www.abrilabogados.com\/en\/wp-json\/wp\/v2\/users\/1"}],"replies":[{"embeddable":true,"href":"https:\/\/www.abrilabogados.com\/en\/wp-json\/wp\/v2\/comments?post=1272"}],"version-history":[{"count":1,"href":"https:\/\/www.abrilabogados.com\/en\/wp-json\/wp\/v2\/posts\/1272\/revisions"}],"predecessor-version":[{"id":3861,"href":"https:\/\/www.abrilabogados.com\/en\/wp-json\/wp\/v2\/posts\/1272\/revisions\/3861"}],"wp:attachment":[{"href":"https:\/\/www.abrilabogados.com\/en\/wp-json\/wp\/v2\/media?parent=1272"}],"wp:term":[{"taxonomy":"category","embeddable":true,"href":"https:\/\/www.abrilabogados.com\/en\/wp-json\/wp\/v2\/categories?post=1272"},{"taxonomy":"post_tag","embeddable":true,"href":"https:\/\/www.abrilabogados.com\/en\/wp-json\/wp\/v2\/tags?post=1272"},{"taxonomy":"sector_noticias","embeddable":true,"href":"https:\/\/www.abrilabogados.com\/en\/wp-json\/wp\/v2\/sector_noticias?post=1272"}],"curies":[{"name":"wp","href":"https:\/\/api.w.org\/{rel}","templated":true}]}}