{"id":1277,"date":"2018-03-02T00:00:00","date_gmt":"2018-03-01T23:00:00","guid":{"rendered":"https:\/\/www.abrilabogados.com\/la-agencia-espanola-de-proteccion-de-datos-sanciona-a-whatsapp-y-facebook\/"},"modified":"2026-04-23T22:23:45","modified_gmt":"2026-04-23T20:23:45","slug":"la-agencia-espanola-de-proteccion-de-datos-sanciona-a-whatsapp-y-facebook","status":"publish","type":"post","link":"https:\/\/www.abrilabogados.com\/en\/noticias\/la-agencia-espanola-de-proteccion-de-datos-sanciona-a-whatsapp-y-facebook\/","title":{"rendered":"La Agencia Espa\u00f1ola de Protecci\u00f3n de Datos sanciona a Whatsapp y Facebook"},"content":{"rendered":"<p>Recientemente la Agencia Espa\u00f1ola de Protecci\u00f3n de datos ha considerado que la comunicaci\u00f3n de datos realizada por Whatsapp a Facebook, no cumple con la normativa de Protecci\u00f3n de Datos, ni con la espa\u00f1ola ni con la europea.<!--more--><\/p>\n<p>La sanci\u00f3n es de 300.000\u20ac para cada uno, por un lado Whatsapp como cedente de los datos, al no contar con el consentimiento libre, espec\u00edfico e informado, para la cesi\u00f3n de los datos a Facebook, y por otro lado sanciona a la red social por tratar los datos cedidos para fines propios sin el consentimiento de los titulares.<\/p>\n<p>La cuesti\u00f3n se remonta a la adquisici\u00f3n de Whatsapp por parte de Facebook en 2014, en agosto de 2016 Whatsapp modific\u00f3 sus t\u00e9rminos de uso y pol\u00edtica de privacidad para poder compartir la informaci\u00f3n con Facebook.<\/p>\n<p>Estas nuevas condiciones se impusieron como obligatorias para poder continuar con el uso de Whatasapp. Adem\u00e1s, se debe tener en cuenta que el uso que har\u00eda Facebook de los datos no tiene relaci\u00f3n con las finalidades determinadas de la recogida de los datos original de Whatsapp y se realiz\u00f3 sin ofrecer a los usuarios una informaci\u00f3n adecuada y sin la opci\u00f3n de mostrar su negativa a dichas condiciones<\/p>\n","protected":false},"excerpt":{"rendered":"<p>Recientemente la Agencia Espa\u00f1ola de Protecci\u00f3n de datos ha considerado que la comunicaci\u00f3n de datos realizada por Whatsapp a Facebook, no cumple con la normativa de Protecci\u00f3n de Datos, ni&#8230;<\/p>\n","protected":false},"author":1,"featured_media":0,"comment_status":"closed","ping_status":"open","sticky":false,"template":"","format":"standard","meta":{"_acf_changed":false,"footnotes":""},"categories":[12],"tags":[],"sector_noticias":[],"class_list":{"0":"post-1277","1":"post","2":"type-post","3":"status-publish","4":"format-standard","6":"category-noticias"},"acf":[],"yoast_head":"<!-- This site is optimized with the Yoast SEO plugin v26.4 - https:\/\/yoast.com\/wordpress\/plugins\/seo\/ -->\n<title>La Agencia Espa\u00f1ola de Protecci\u00f3n de Datos sanciona a Whatsapp y Facebook - Abril Abogados<\/title>\n<meta name=\"robots\" content=\"index, follow, max-snippet:-1, max-image-preview:large, max-video-preview:-1\" \/>\n<link rel=\"canonical\" href=\"https:\/\/www.abrilabogados.com\/en\/noticias\/la-agencia-espanola-de-proteccion-de-datos-sanciona-a-whatsapp-y-facebook\/\" \/>\n<meta property=\"og:locale\" content=\"en_US\" \/>\n<meta property=\"og:type\" content=\"article\" \/>\n<meta property=\"og:title\" content=\"La Agencia Espa\u00f1ola de Protecci\u00f3n de Datos sanciona a Whatsapp y Facebook - Abril Abogados\" \/>\n<meta property=\"og:description\" content=\"Recientemente la Agencia Espa\u00f1ola de Protecci\u00f3n de datos ha considerado que la comunicaci\u00f3n de datos realizada por Whatsapp a Facebook, no cumple con la normativa de Protecci\u00f3n de Datos, ni...\" \/>\n<meta property=\"og:url\" content=\"https:\/\/www.abrilabogados.com\/en\/noticias\/la-agencia-espanola-de-proteccion-de-datos-sanciona-a-whatsapp-y-facebook\/\" \/>\n<meta property=\"og:site_name\" content=\"Abril Abogados\" \/>\n<meta property=\"article:published_time\" content=\"2018-03-01T23:00:00+00:00\" \/>\n<meta property=\"article:modified_time\" content=\"2026-04-23T20:23:45+00:00\" \/>\n<meta name=\"author\" content=\"admin\" \/>\n<meta name=\"twitter:card\" content=\"summary_large_image\" \/>\n<meta name=\"twitter:label1\" content=\"Written by\" \/>\n\t<meta name=\"twitter:data1\" content=\"admin\" \/>\n\t<meta name=\"twitter:label2\" content=\"Est. reading time\" \/>\n\t<meta name=\"twitter:data2\" content=\"1 minute\" \/>\n<script type=\"application\/ld+json\" class=\"yoast-schema-graph\">{\"@context\":\"https:\/\/schema.org\",\"@graph\":[{\"@type\":\"WebPage\",\"@id\":\"https:\/\/www.abrilabogados.com\/en\/noticias\/la-agencia-espanola-de-proteccion-de-datos-sanciona-a-whatsapp-y-facebook\/\",\"url\":\"https:\/\/www.abrilabogados.com\/en\/noticias\/la-agencia-espanola-de-proteccion-de-datos-sanciona-a-whatsapp-y-facebook\/\",\"name\":\"La Agencia Espa\u00f1ola de Protecci\u00f3n de Datos sanciona a Whatsapp y Facebook - Abril Abogados\",\"isPartOf\":{\"@id\":\"https:\/\/www.abrilabogados.com\/en\/#website\"},\"datePublished\":\"2018-03-01T23:00:00+00:00\",\"dateModified\":\"2026-04-23T20:23:45+00:00\",\"author\":{\"@id\":\"https:\/\/www.abrilabogados.com\/en\/#\/schema\/person\/750a358f28e46d5003b31222bddd9ed8\"},\"breadcrumb\":{\"@id\":\"https:\/\/www.abrilabogados.com\/en\/noticias\/la-agencia-espanola-de-proteccion-de-datos-sanciona-a-whatsapp-y-facebook\/#breadcrumb\"},\"inLanguage\":\"en-US\",\"potentialAction\":[{\"@type\":\"ReadAction\",\"target\":[\"https:\/\/www.abrilabogados.com\/en\/noticias\/la-agencia-espanola-de-proteccion-de-datos-sanciona-a-whatsapp-y-facebook\/\"]}]},{\"@type\":\"BreadcrumbList\",\"@id\":\"https:\/\/www.abrilabogados.com\/en\/noticias\/la-agencia-espanola-de-proteccion-de-datos-sanciona-a-whatsapp-y-facebook\/#breadcrumb\",\"itemListElement\":[{\"@type\":\"ListItem\",\"position\":1,\"name\":\"Abril Abogados News\",\"item\":\"\/en\/noticias\/\"},{\"@type\":\"ListItem\",\"position\":2,\"name\":\"La Agencia Espa\u00f1ola de Protecci\u00f3n de Datos sanciona a Whatsapp y Facebook\"}]},{\"@type\":\"WebSite\",\"@id\":\"https:\/\/www.abrilabogados.com\/en\/#website\",\"url\":\"https:\/\/www.abrilabogados.com\/en\/\",\"name\":\"Abril Abogados\",\"description\":\"\",\"potentialAction\":[{\"@type\":\"SearchAction\",\"target\":{\"@type\":\"EntryPoint\",\"urlTemplate\":\"https:\/\/www.abrilabogados.com\/en\/?s={search_term_string}\"},\"query-input\":{\"@type\":\"PropertyValueSpecification\",\"valueRequired\":true,\"valueName\":\"search_term_string\"}}],\"inLanguage\":\"en-US\"},{\"@type\":\"Person\",\"@id\":\"https:\/\/www.abrilabogados.com\/en\/#\/schema\/person\/750a358f28e46d5003b31222bddd9ed8\",\"name\":\"admin\",\"image\":{\"@type\":\"ImageObject\",\"inLanguage\":\"en-US\",\"@id\":\"https:\/\/www.abrilabogados.com\/en\/#\/schema\/person\/image\/\",\"url\":\"https:\/\/secure.gravatar.com\/avatar\/52d6bc19e862502e6ff2f700f23c607b54491a2d4a05fc0f2a79b8077f4bc25c?s=96&d=mm&r=g\",\"contentUrl\":\"https:\/\/secure.gravatar.com\/avatar\/52d6bc19e862502e6ff2f700f23c607b54491a2d4a05fc0f2a79b8077f4bc25c?s=96&d=mm&r=g\",\"caption\":\"admin\"},\"sameAs\":[\"https:\/\/www.abrilabogados.com\"],\"url\":\"https:\/\/www.abrilabogados.com\/en\/noticias\/author\/charly_wpadmin\/\"}]}<\/script>\n<!-- \/ Yoast SEO plugin. -->","yoast_head_json":{"title":"La Agencia Espa\u00f1ola de Protecci\u00f3n de Datos sanciona a Whatsapp y Facebook - Abril Abogados","robots":{"index":"index","follow":"follow","max-snippet":"max-snippet:-1","max-image-preview":"max-image-preview:large","max-video-preview":"max-video-preview:-1"},"canonical":"https:\/\/www.abrilabogados.com\/en\/noticias\/la-agencia-espanola-de-proteccion-de-datos-sanciona-a-whatsapp-y-facebook\/","og_locale":"en_US","og_type":"article","og_title":"La Agencia Espa\u00f1ola de Protecci\u00f3n de Datos sanciona a Whatsapp y Facebook - Abril Abogados","og_description":"Recientemente la Agencia Espa\u00f1ola de Protecci\u00f3n de datos ha considerado que la comunicaci\u00f3n de datos realizada por Whatsapp a Facebook, no cumple con la normativa de Protecci\u00f3n de Datos, ni...","og_url":"https:\/\/www.abrilabogados.com\/en\/noticias\/la-agencia-espanola-de-proteccion-de-datos-sanciona-a-whatsapp-y-facebook\/","og_site_name":"Abril Abogados","article_published_time":"2018-03-01T23:00:00+00:00","article_modified_time":"2026-04-23T20:23:45+00:00","author":"admin","twitter_card":"summary_large_image","twitter_misc":{"Written by":"admin","Est. reading time":"1 minute"},"schema":{"@context":"https:\/\/schema.org","@graph":[{"@type":"WebPage","@id":"https:\/\/www.abrilabogados.com\/en\/noticias\/la-agencia-espanola-de-proteccion-de-datos-sanciona-a-whatsapp-y-facebook\/","url":"https:\/\/www.abrilabogados.com\/en\/noticias\/la-agencia-espanola-de-proteccion-de-datos-sanciona-a-whatsapp-y-facebook\/","name":"La Agencia Espa\u00f1ola de Protecci\u00f3n de Datos sanciona a Whatsapp y Facebook - Abril Abogados","isPartOf":{"@id":"https:\/\/www.abrilabogados.com\/en\/#website"},"datePublished":"2018-03-01T23:00:00+00:00","dateModified":"2026-04-23T20:23:45+00:00","author":{"@id":"https:\/\/www.abrilabogados.com\/en\/#\/schema\/person\/750a358f28e46d5003b31222bddd9ed8"},"breadcrumb":{"@id":"https:\/\/www.abrilabogados.com\/en\/noticias\/la-agencia-espanola-de-proteccion-de-datos-sanciona-a-whatsapp-y-facebook\/#breadcrumb"},"inLanguage":"en-US","potentialAction":[{"@type":"ReadAction","target":["https:\/\/www.abrilabogados.com\/en\/noticias\/la-agencia-espanola-de-proteccion-de-datos-sanciona-a-whatsapp-y-facebook\/"]}]},{"@type":"BreadcrumbList","@id":"https:\/\/www.abrilabogados.com\/en\/noticias\/la-agencia-espanola-de-proteccion-de-datos-sanciona-a-whatsapp-y-facebook\/#breadcrumb","itemListElement":[{"@type":"ListItem","position":1,"name":"Abril Abogados News","item":"\/en\/noticias\/"},{"@type":"ListItem","position":2,"name":"La Agencia Espa\u00f1ola de Protecci\u00f3n de Datos sanciona a Whatsapp y Facebook"}]},{"@type":"WebSite","@id":"https:\/\/www.abrilabogados.com\/en\/#website","url":"https:\/\/www.abrilabogados.com\/en\/","name":"Abril Abogados","description":"","potentialAction":[{"@type":"SearchAction","target":{"@type":"EntryPoint","urlTemplate":"https:\/\/www.abrilabogados.com\/en\/?s={search_term_string}"},"query-input":{"@type":"PropertyValueSpecification","valueRequired":true,"valueName":"search_term_string"}}],"inLanguage":"en-US"},{"@type":"Person","@id":"https:\/\/www.abrilabogados.com\/en\/#\/schema\/person\/750a358f28e46d5003b31222bddd9ed8","name":"admin","image":{"@type":"ImageObject","inLanguage":"en-US","@id":"https:\/\/www.abrilabogados.com\/en\/#\/schema\/person\/image\/","url":"https:\/\/secure.gravatar.com\/avatar\/52d6bc19e862502e6ff2f700f23c607b54491a2d4a05fc0f2a79b8077f4bc25c?s=96&d=mm&r=g","contentUrl":"https:\/\/secure.gravatar.com\/avatar\/52d6bc19e862502e6ff2f700f23c607b54491a2d4a05fc0f2a79b8077f4bc25c?s=96&d=mm&r=g","caption":"admin"},"sameAs":["https:\/\/www.abrilabogados.com"],"url":"https:\/\/www.abrilabogados.com\/en\/noticias\/author\/charly_wpadmin\/"}]}},"_links":{"self":[{"href":"https:\/\/www.abrilabogados.com\/en\/wp-json\/wp\/v2\/posts\/1277","targetHints":{"allow":["GET"]}}],"collection":[{"href":"https:\/\/www.abrilabogados.com\/en\/wp-json\/wp\/v2\/posts"}],"about":[{"href":"https:\/\/www.abrilabogados.com\/en\/wp-json\/wp\/v2\/types\/post"}],"author":[{"embeddable":true,"href":"https:\/\/www.abrilabogados.com\/en\/wp-json\/wp\/v2\/users\/1"}],"replies":[{"embeddable":true,"href":"https:\/\/www.abrilabogados.com\/en\/wp-json\/wp\/v2\/comments?post=1277"}],"version-history":[{"count":1,"href":"https:\/\/www.abrilabogados.com\/en\/wp-json\/wp\/v2\/posts\/1277\/revisions"}],"predecessor-version":[{"id":3864,"href":"https:\/\/www.abrilabogados.com\/en\/wp-json\/wp\/v2\/posts\/1277\/revisions\/3864"}],"wp:attachment":[{"href":"https:\/\/www.abrilabogados.com\/en\/wp-json\/wp\/v2\/media?parent=1277"}],"wp:term":[{"taxonomy":"category","embeddable":true,"href":"https:\/\/www.abrilabogados.com\/en\/wp-json\/wp\/v2\/categories?post=1277"},{"taxonomy":"post_tag","embeddable":true,"href":"https:\/\/www.abrilabogados.com\/en\/wp-json\/wp\/v2\/tags?post=1277"},{"taxonomy":"sector_noticias","embeddable":true,"href":"https:\/\/www.abrilabogados.com\/en\/wp-json\/wp\/v2\/sector_noticias?post=1277"}],"curies":[{"name":"wp","href":"https:\/\/api.w.org\/{rel}","templated":true}]}}