{"id":1285,"date":"2018-02-28T00:00:00","date_gmt":"2018-02-27T23:00:00","guid":{"rendered":"https:\/\/www.abrilabogados.com\/publicacion-de-la-guia-de-aplicacion-de-las-sanciones-del-reglamento-general-de-proteccion-de-datos\/"},"modified":"2026-04-23T22:23:47","modified_gmt":"2026-04-23T20:23:47","slug":"publicacion-de-la-guia-de-aplicacion-de-las-sanciones-del-reglamento-general-de-proteccion-de-datos","status":"publish","type":"post","link":"https:\/\/www.abrilabogados.com\/en\/noticias\/publicacion-de-la-guia-de-aplicacion-de-las-sanciones-del-reglamento-general-de-proteccion-de-datos\/","title":{"rendered":"Publicaci\u00f3n de la gu\u00eda de aplicaci\u00f3n de las sanciones del Reglamento General de Protecci\u00f3n de Datos"},"content":{"rendered":"<p>Con el objetivo de lograr un planteamiento coherente de la imposici\u00f3n de multas administrativas del Reglamento General de Protecci\u00f3n deDatos (RGPD), <!--more-->el Grupo de Trabajo del art\u00edculo 29 ha elaborado las Directrices que deben utilizar las autoridades de control, en le caso de Espa\u00f1a, la Agencia Espa\u00f1ola de Protecci\u00f3n de Datos. Se han creado criterios de evaluaci\u00f3n previstos en el art\u00edculo 83, apartado 2, del RGPD.<\/p>\n<p>Una vez que se ha determinado que existe una infracci\u00f3n del Reglamento a partir de la apreciaci\u00f3n de los hechos del caso, la autoridad de control competente debe identificar las medidas correctivas m\u00e1s apropiadas para abordar dicha infracci\u00f3n. El art\u00edculo 83, apartado 2, establece una lista de criterios que las autoridades de control deben usar para determinar si ha de imponerse una multa y la cuant\u00eda de la misma.<\/p>\n<p>Los criterios que deben evaluarse para determinar el grado de sanci\u00f3n de hasta 20 millones de euros son los siguientes:<\/p>\n<p>a) la naturaleza, gravedad y duraci\u00f3n de la infracci\u00f3n<\/p>\n<p>El n\u00famero de interesados<\/p>\n<p>El prop\u00f3sito del tratamiento<\/p>\n<p>Los da\u00f1os y perjuicios sufridos por los interesados<\/p>\n<p>La duraci\u00f3n de la infracci\u00f3n<\/p>\n<p>b) la intencionalidad o negligencia en la infracci\u00f3n<\/p>\n<p>c) cualquier medida tomada por el responsable o encargado del tratamiento para paliar los da\u00f1os y perjuicios sufridos por los interesados;<\/p>\n<p>d) el grado de responsabilidad del responsable o del encargado del tratamiento, habida cuenta de las medidas t\u00e9cnicas u organizativas que hayan aplicado en virtud de los art\u00edculos 25 y 32;<\/p>\n<p>e) toda infracci\u00f3n anterior cometida por el responsable o el encargado del tratamiento;<\/p>\n<p>f) el grado de cooperaci\u00f3n con la autoridad de control con el fin de poner remedio a la infracci\u00f3n y mitigar los posibles efectos adversos de la infracci\u00f3n;<\/p>\n<p>g) las categor\u00edas de los datos de car\u00e1cter personal afectados por la infracci\u00f3n;<\/p>\n<p>h) la forma en que la autoridad de control tuvo conocimiento de la infracci\u00f3n, en particular si el responsable o el encargado notific\u00f3 la infracci\u00f3n y, en tal caso, en qu\u00e9 medida;<\/p>\n<p>i) cuando las medidas indicadas en el art\u00edculo 58, apartado 2, hayan sido ordenadas previamente contra el responsable o el encargado de que se trate en relaci\u00f3n con el mismo asunto, el cumplimiento de dichas medidas;<\/p>\n<p>j) la adhesi\u00f3n a c\u00f3digos de conducta en virtud del art\u00edculo 40 o a mecanismos de certificaci\u00f3n aprobados con arreglo al art\u00edculo 42;<\/p>\n<p>k) cualquier otro factor agravante o atenuante aplicable a las circunstancias del caso, como los beneficios financieros obtenidos o las p\u00e9rdidas evitadas, directa o indirectamente, a trav\u00e9s de la infracci\u00f3n.<\/p>\n<p>La pr\u00e1ctica de aplicar multas administrativas de forma coherente en la Uni\u00f3n Europea es un arte en evoluci\u00f3n. Las autoridades de control deben adoptar medidas que act\u00faen conjuntamente para mejorar la coherencia de forma continua.<\/p>\n<p><a href=\"\/imaxes\/image\/documentos\/9144_Guia%20de%20aplicacion%20de%20multas%20del%20RGPD%20grupo%20del%2029.pdf\">Pincha aqu\u00ed <\/a>para acceder al documento completo en espa\u00f1ol<\/p>\n<div class=\"content\"><a class=\"verTodo\" href=\"\/imaxes\/image\/documentos\/9144_Guia de aplicacion de multas del RGPD grupo del 29.pdf\" target=\"_blank\" rel=\"noopener\">Ver Documento<\/a><\/div>\n","protected":false},"excerpt":{"rendered":"<p>Con el objetivo de lograr un planteamiento coherente de la imposici\u00f3n de multas administrativas del Reglamento General de Protecci\u00f3n deDatos (RGPD),<\/p>\n","protected":false},"author":1,"featured_media":0,"comment_status":"closed","ping_status":"open","sticky":false,"template":"","format":"standard","meta":{"_acf_changed":false,"footnotes":""},"categories":[12],"tags":[],"sector_noticias":[],"class_list":{"0":"post-1285","1":"post","2":"type-post","3":"status-publish","4":"format-standard","6":"category-noticias"},"acf":[],"yoast_head":"<!-- This site is optimized with the Yoast SEO plugin v26.4 - https:\/\/yoast.com\/wordpress\/plugins\/seo\/ -->\n<title>Publicaci\u00f3n de la gu\u00eda de aplicaci\u00f3n de las sanciones del Reglamento General de Protecci\u00f3n de Datos - Abril Abogados<\/title>\n<meta name=\"robots\" content=\"index, follow, max-snippet:-1, max-image-preview:large, max-video-preview:-1\" \/>\n<link rel=\"canonical\" href=\"https:\/\/www.abrilabogados.com\/en\/noticias\/publicacion-de-la-guia-de-aplicacion-de-las-sanciones-del-reglamento-general-de-proteccion-de-datos\/\" \/>\n<meta property=\"og:locale\" content=\"en_US\" \/>\n<meta property=\"og:type\" content=\"article\" \/>\n<meta property=\"og:title\" content=\"Publicaci\u00f3n de la gu\u00eda de aplicaci\u00f3n de las sanciones del Reglamento General de Protecci\u00f3n de Datos - Abril Abogados\" \/>\n<meta property=\"og:description\" content=\"Con el objetivo de lograr un planteamiento coherente de la imposici\u00f3n de multas administrativas del Reglamento General de Protecci\u00f3n deDatos (RGPD),\" \/>\n<meta property=\"og:url\" content=\"https:\/\/www.abrilabogados.com\/en\/noticias\/publicacion-de-la-guia-de-aplicacion-de-las-sanciones-del-reglamento-general-de-proteccion-de-datos\/\" \/>\n<meta property=\"og:site_name\" content=\"Abril Abogados\" \/>\n<meta property=\"article:published_time\" content=\"2018-02-27T23:00:00+00:00\" \/>\n<meta property=\"article:modified_time\" content=\"2026-04-23T20:23:47+00:00\" \/>\n<meta name=\"author\" content=\"admin\" \/>\n<meta name=\"twitter:card\" content=\"summary_large_image\" \/>\n<meta name=\"twitter:label1\" content=\"Written by\" \/>\n\t<meta name=\"twitter:data1\" content=\"admin\" \/>\n\t<meta name=\"twitter:label2\" content=\"Est. reading time\" \/>\n\t<meta name=\"twitter:data2\" content=\"3 minutes\" \/>\n<script type=\"application\/ld+json\" class=\"yoast-schema-graph\">{\"@context\":\"https:\/\/schema.org\",\"@graph\":[{\"@type\":\"WebPage\",\"@id\":\"https:\/\/www.abrilabogados.com\/en\/noticias\/publicacion-de-la-guia-de-aplicacion-de-las-sanciones-del-reglamento-general-de-proteccion-de-datos\/\",\"url\":\"https:\/\/www.abrilabogados.com\/en\/noticias\/publicacion-de-la-guia-de-aplicacion-de-las-sanciones-del-reglamento-general-de-proteccion-de-datos\/\",\"name\":\"Publicaci\u00f3n de la gu\u00eda de aplicaci\u00f3n de las sanciones del Reglamento General de Protecci\u00f3n de Datos - Abril Abogados\",\"isPartOf\":{\"@id\":\"https:\/\/www.abrilabogados.com\/en\/#website\"},\"datePublished\":\"2018-02-27T23:00:00+00:00\",\"dateModified\":\"2026-04-23T20:23:47+00:00\",\"author\":{\"@id\":\"https:\/\/www.abrilabogados.com\/en\/#\/schema\/person\/750a358f28e46d5003b31222bddd9ed8\"},\"breadcrumb\":{\"@id\":\"https:\/\/www.abrilabogados.com\/en\/noticias\/publicacion-de-la-guia-de-aplicacion-de-las-sanciones-del-reglamento-general-de-proteccion-de-datos\/#breadcrumb\"},\"inLanguage\":\"en-US\",\"potentialAction\":[{\"@type\":\"ReadAction\",\"target\":[\"https:\/\/www.abrilabogados.com\/en\/noticias\/publicacion-de-la-guia-de-aplicacion-de-las-sanciones-del-reglamento-general-de-proteccion-de-datos\/\"]}]},{\"@type\":\"BreadcrumbList\",\"@id\":\"https:\/\/www.abrilabogados.com\/en\/noticias\/publicacion-de-la-guia-de-aplicacion-de-las-sanciones-del-reglamento-general-de-proteccion-de-datos\/#breadcrumb\",\"itemListElement\":[{\"@type\":\"ListItem\",\"position\":1,\"name\":\"Abril Abogados News\",\"item\":\"\/en\/noticias\/\"},{\"@type\":\"ListItem\",\"position\":2,\"name\":\"Publicaci\u00f3n de la gu\u00eda de aplicaci\u00f3n de las sanciones del Reglamento General de Protecci\u00f3n de Datos\"}]},{\"@type\":\"WebSite\",\"@id\":\"https:\/\/www.abrilabogados.com\/en\/#website\",\"url\":\"https:\/\/www.abrilabogados.com\/en\/\",\"name\":\"Abril Abogados\",\"description\":\"\",\"potentialAction\":[{\"@type\":\"SearchAction\",\"target\":{\"@type\":\"EntryPoint\",\"urlTemplate\":\"https:\/\/www.abrilabogados.com\/en\/?s={search_term_string}\"},\"query-input\":{\"@type\":\"PropertyValueSpecification\",\"valueRequired\":true,\"valueName\":\"search_term_string\"}}],\"inLanguage\":\"en-US\"},{\"@type\":\"Person\",\"@id\":\"https:\/\/www.abrilabogados.com\/en\/#\/schema\/person\/750a358f28e46d5003b31222bddd9ed8\",\"name\":\"admin\",\"image\":{\"@type\":\"ImageObject\",\"inLanguage\":\"en-US\",\"@id\":\"https:\/\/www.abrilabogados.com\/en\/#\/schema\/person\/image\/\",\"url\":\"https:\/\/secure.gravatar.com\/avatar\/52d6bc19e862502e6ff2f700f23c607b54491a2d4a05fc0f2a79b8077f4bc25c?s=96&d=mm&r=g\",\"contentUrl\":\"https:\/\/secure.gravatar.com\/avatar\/52d6bc19e862502e6ff2f700f23c607b54491a2d4a05fc0f2a79b8077f4bc25c?s=96&d=mm&r=g\",\"caption\":\"admin\"},\"sameAs\":[\"https:\/\/www.abrilabogados.com\"],\"url\":\"https:\/\/www.abrilabogados.com\/en\/noticias\/author\/charly_wpadmin\/\"}]}<\/script>\n<!-- \/ Yoast SEO plugin. -->","yoast_head_json":{"title":"Publicaci\u00f3n de la gu\u00eda de aplicaci\u00f3n de las sanciones del Reglamento General de Protecci\u00f3n de Datos - Abril Abogados","robots":{"index":"index","follow":"follow","max-snippet":"max-snippet:-1","max-image-preview":"max-image-preview:large","max-video-preview":"max-video-preview:-1"},"canonical":"https:\/\/www.abrilabogados.com\/en\/noticias\/publicacion-de-la-guia-de-aplicacion-de-las-sanciones-del-reglamento-general-de-proteccion-de-datos\/","og_locale":"en_US","og_type":"article","og_title":"Publicaci\u00f3n de la gu\u00eda de aplicaci\u00f3n de las sanciones del Reglamento General de Protecci\u00f3n de Datos - Abril Abogados","og_description":"Con el objetivo de lograr un planteamiento coherente de la imposici\u00f3n de multas administrativas del Reglamento General de Protecci\u00f3n deDatos (RGPD),","og_url":"https:\/\/www.abrilabogados.com\/en\/noticias\/publicacion-de-la-guia-de-aplicacion-de-las-sanciones-del-reglamento-general-de-proteccion-de-datos\/","og_site_name":"Abril Abogados","article_published_time":"2018-02-27T23:00:00+00:00","article_modified_time":"2026-04-23T20:23:47+00:00","author":"admin","twitter_card":"summary_large_image","twitter_misc":{"Written by":"admin","Est. reading time":"3 minutes"},"schema":{"@context":"https:\/\/schema.org","@graph":[{"@type":"WebPage","@id":"https:\/\/www.abrilabogados.com\/en\/noticias\/publicacion-de-la-guia-de-aplicacion-de-las-sanciones-del-reglamento-general-de-proteccion-de-datos\/","url":"https:\/\/www.abrilabogados.com\/en\/noticias\/publicacion-de-la-guia-de-aplicacion-de-las-sanciones-del-reglamento-general-de-proteccion-de-datos\/","name":"Publicaci\u00f3n de la gu\u00eda de aplicaci\u00f3n de las sanciones del Reglamento General de Protecci\u00f3n de Datos - Abril Abogados","isPartOf":{"@id":"https:\/\/www.abrilabogados.com\/en\/#website"},"datePublished":"2018-02-27T23:00:00+00:00","dateModified":"2026-04-23T20:23:47+00:00","author":{"@id":"https:\/\/www.abrilabogados.com\/en\/#\/schema\/person\/750a358f28e46d5003b31222bddd9ed8"},"breadcrumb":{"@id":"https:\/\/www.abrilabogados.com\/en\/noticias\/publicacion-de-la-guia-de-aplicacion-de-las-sanciones-del-reglamento-general-de-proteccion-de-datos\/#breadcrumb"},"inLanguage":"en-US","potentialAction":[{"@type":"ReadAction","target":["https:\/\/www.abrilabogados.com\/en\/noticias\/publicacion-de-la-guia-de-aplicacion-de-las-sanciones-del-reglamento-general-de-proteccion-de-datos\/"]}]},{"@type":"BreadcrumbList","@id":"https:\/\/www.abrilabogados.com\/en\/noticias\/publicacion-de-la-guia-de-aplicacion-de-las-sanciones-del-reglamento-general-de-proteccion-de-datos\/#breadcrumb","itemListElement":[{"@type":"ListItem","position":1,"name":"Abril Abogados News","item":"\/en\/noticias\/"},{"@type":"ListItem","position":2,"name":"Publicaci\u00f3n de la gu\u00eda de aplicaci\u00f3n de las sanciones del Reglamento General de Protecci\u00f3n de Datos"}]},{"@type":"WebSite","@id":"https:\/\/www.abrilabogados.com\/en\/#website","url":"https:\/\/www.abrilabogados.com\/en\/","name":"Abril Abogados","description":"","potentialAction":[{"@type":"SearchAction","target":{"@type":"EntryPoint","urlTemplate":"https:\/\/www.abrilabogados.com\/en\/?s={search_term_string}"},"query-input":{"@type":"PropertyValueSpecification","valueRequired":true,"valueName":"search_term_string"}}],"inLanguage":"en-US"},{"@type":"Person","@id":"https:\/\/www.abrilabogados.com\/en\/#\/schema\/person\/750a358f28e46d5003b31222bddd9ed8","name":"admin","image":{"@type":"ImageObject","inLanguage":"en-US","@id":"https:\/\/www.abrilabogados.com\/en\/#\/schema\/person\/image\/","url":"https:\/\/secure.gravatar.com\/avatar\/52d6bc19e862502e6ff2f700f23c607b54491a2d4a05fc0f2a79b8077f4bc25c?s=96&d=mm&r=g","contentUrl":"https:\/\/secure.gravatar.com\/avatar\/52d6bc19e862502e6ff2f700f23c607b54491a2d4a05fc0f2a79b8077f4bc25c?s=96&d=mm&r=g","caption":"admin"},"sameAs":["https:\/\/www.abrilabogados.com"],"url":"https:\/\/www.abrilabogados.com\/en\/noticias\/author\/charly_wpadmin\/"}]}},"_links":{"self":[{"href":"https:\/\/www.abrilabogados.com\/en\/wp-json\/wp\/v2\/posts\/1285","targetHints":{"allow":["GET"]}}],"collection":[{"href":"https:\/\/www.abrilabogados.com\/en\/wp-json\/wp\/v2\/posts"}],"about":[{"href":"https:\/\/www.abrilabogados.com\/en\/wp-json\/wp\/v2\/types\/post"}],"author":[{"embeddable":true,"href":"https:\/\/www.abrilabogados.com\/en\/wp-json\/wp\/v2\/users\/1"}],"replies":[{"embeddable":true,"href":"https:\/\/www.abrilabogados.com\/en\/wp-json\/wp\/v2\/comments?post=1285"}],"version-history":[{"count":1,"href":"https:\/\/www.abrilabogados.com\/en\/wp-json\/wp\/v2\/posts\/1285\/revisions"}],"predecessor-version":[{"id":3868,"href":"https:\/\/www.abrilabogados.com\/en\/wp-json\/wp\/v2\/posts\/1285\/revisions\/3868"}],"wp:attachment":[{"href":"https:\/\/www.abrilabogados.com\/en\/wp-json\/wp\/v2\/media?parent=1285"}],"wp:term":[{"taxonomy":"category","embeddable":true,"href":"https:\/\/www.abrilabogados.com\/en\/wp-json\/wp\/v2\/categories?post=1285"},{"taxonomy":"post_tag","embeddable":true,"href":"https:\/\/www.abrilabogados.com\/en\/wp-json\/wp\/v2\/tags?post=1285"},{"taxonomy":"sector_noticias","embeddable":true,"href":"https:\/\/www.abrilabogados.com\/en\/wp-json\/wp\/v2\/sector_noticias?post=1285"}],"curies":[{"name":"wp","href":"https:\/\/api.w.org\/{rel}","templated":true}]}}