{"id":1302,"date":"2018-02-17T00:00:00","date_gmt":"2018-02-16T23:00:00","guid":{"rendered":"https:\/\/www.abrilabogados.com\/el-ccp-solo-aplica-a-la-patente-tal-y-como-se-valido-inicialmente-en-espana\/"},"modified":"2026-04-23T22:23:49","modified_gmt":"2026-04-23T20:23:49","slug":"el-ccp-solo-aplica-a-la-patente-tal-y-como-se-valido-inicialmente-en-espana","status":"publish","type":"post","link":"https:\/\/www.abrilabogados.com\/en\/noticias\/el-ccp-solo-aplica-a-la-patente-tal-y-como-se-valido-inicialmente-en-espana\/","title":{"rendered":"El CCP solo aplica a la patente tal y como se valid\u00f3 inicialmente en Espa\u00f1a"},"content":{"rendered":"<p>En su sentencia de 20 de octubre de 2017 (asunto Escitalopram) el TS confirma que una patente farmac\u00e9utica de procedimiento, solicitada antes de la entrada en vigor del ADPIC en Espa\u00f1a pero concedida y validada despu\u00e9s como de procedimiento<!--more-->, no puede ampliar su protecci\u00f3n patente de producto por la v\u00eda de la traducci\u00f3n revisada de las reivindicaciones recogida en el art. 70.4 CPE.<\/p>\n<p>El asunto ha enfrentado durante m\u00e1s de cinco a\u00f1os a la sociedad danesa Lundbeck A\/S y diversos fabricantes de gen\u00e9ricos en Espa\u00f1a del principio activo (patente ES 2.068.891) escitalopram, un ansiol\u00edtico y f\u00e1rmaco contra la depresi\u00f3n. La sociedad danesa solicit\u00f3 el 1 de junio de 1989 una patente farmac\u00e9utica ante la Oficina Europea de Patentes (EPO) con tres juegos de reivindicaciones: una de producto, una espec\u00edfica para Grecia y otra solo de procedimiento para Espa\u00f1a (esta \u00faltima por motivo de la reserva al Convenio de Patente Europea &#8211; art. 167.2 a) &#8211; que diversos pa\u00edses, entre ellos Espa\u00f1a, hicieron a la protecci\u00f3n de patentes farmac\u00e9uticas de producto, en vigor hasta el 7 de octubre de 1992).<\/p>\n<p>La patente fue concedida en 1995 y siguiendo la Comunicaci\u00f3n del Presidente de la OEP de 13 de mayo de 1992 que inclu\u00eda una recomendaci\u00f3n espec\u00edfica para los pa\u00edses del ar. 167.2 a) CPE, validada en Espa\u00f1a como patente de procedimiento.<\/p>\n<p>En 2003 Lundbeck solicit\u00f3 una autorizaci\u00f3n de comercializaci\u00f3n del producto Escitalopram y a la vez, el certificado complementario de protecci\u00f3n al amparo \u2013 entonces en vigor \u2013 del Reglamento (CEE) n\u00ba 1768\/92, reglamento que debemos recordar que en Espa\u00f1a entr\u00f3 en vigor en el a\u00f1o 1998, toda vez que desde 1992 ya era posible obtener una patente de producto. El CCP conceder\u00eda a Lundbeck cinco a\u00f1os de extensi\u00f3n de la protecci\u00f3n de la patente (ie 1 de junio de 2014) pero solo en lo relativo al procedimiento, raz\u00f3n por la cual y haciendo uso de la facultad de presentar una traducci\u00f3n revisada de las reivindicaciones, present\u00f3 a la OEPM un nuevo juego de reivindicaciones de producto en 2006. Esta nueva traducci\u00f3n \u2013 a pesar del rechazo inicial de la OEPM \u2013 fue finalmente publicada en ejecuci\u00f3n de la sentencia de la Sala 3\u00aa del Tribunal Supremo de 16 de septiembre de 2011.<\/p>\n<p>Sin embargo y pese a la postura mantenida por Lundbeck, su CCP no pod\u00eda alcanzar la protecci\u00f3n al producto m\u00e1s all\u00e1 de que este resultase ser el resultado del procedimiento inicialmente patentado (extremo que todas las demandadas negaron y as\u00ed se confirm\u00f3 en sendas instancias pues el procedimiento de fabricaci\u00f3n del Escitalopram era en todas ellas, diferente al de la patente). En efecto, la postura del Supremo en la sentencia resulta muy clara. Puesto que Lundbeck tuvo oportunidad de validar en su momento en Espa\u00f1a la patente como de producto \u2013 aunque no tuviera efectos en aquel momento \u2013 pero lo hizo solo en relaci\u00f3n del pliego de reivindicaciones de procedimiento, perdi\u00f3 una oportunidad que no puede considerarse subsanada con posterioridad: \u201creconocida en Espa\u00f1a una patente de procedimiento, como consecuencia de que al tiempo de la solicitud reg\u00eda la reserva respecto de las patentes de producto farmac\u00e9utico, el acuerdo ADPIC no legitima para extender la protecci\u00f3n de aquella patente a la invenci\u00f3n del producto farmac\u00e9utico.\u201d.<\/p>\n","protected":false},"excerpt":{"rendered":"<p>En su sentencia de 20 de octubre de 2017 (asunto Escitalopram) el TS confirma que una patente farmac\u00e9utica de procedimiento, solicitada antes de la entrada en vigor del ADPIC en&#8230;<\/p>\n","protected":false},"author":1,"featured_media":0,"comment_status":"closed","ping_status":"open","sticky":false,"template":"","format":"standard","meta":{"_acf_changed":false,"footnotes":""},"categories":[12],"tags":[],"sector_noticias":[],"class_list":{"0":"post-1302","1":"post","2":"type-post","3":"status-publish","4":"format-standard","6":"category-noticias"},"acf":[],"yoast_head":"<!-- This site is optimized with the Yoast SEO plugin v26.4 - https:\/\/yoast.com\/wordpress\/plugins\/seo\/ -->\n<title>El CCP solo aplica a la patente tal y como se valid\u00f3 inicialmente en Espa\u00f1a - Abril Abogados<\/title>\n<meta name=\"robots\" content=\"index, follow, max-snippet:-1, max-image-preview:large, max-video-preview:-1\" \/>\n<link rel=\"canonical\" href=\"https:\/\/www.abrilabogados.com\/en\/noticias\/el-ccp-solo-aplica-a-la-patente-tal-y-como-se-valido-inicialmente-en-espana\/\" \/>\n<meta property=\"og:locale\" content=\"en_US\" \/>\n<meta property=\"og:type\" content=\"article\" \/>\n<meta property=\"og:title\" content=\"El CCP solo aplica a la patente tal y como se valid\u00f3 inicialmente en Espa\u00f1a - Abril Abogados\" \/>\n<meta property=\"og:description\" content=\"En su sentencia de 20 de octubre de 2017 (asunto Escitalopram) el TS confirma que una patente farmac\u00e9utica de procedimiento, solicitada antes de la entrada en vigor del ADPIC en...\" \/>\n<meta property=\"og:url\" content=\"https:\/\/www.abrilabogados.com\/en\/noticias\/el-ccp-solo-aplica-a-la-patente-tal-y-como-se-valido-inicialmente-en-espana\/\" \/>\n<meta property=\"og:site_name\" content=\"Abril Abogados\" \/>\n<meta property=\"article:published_time\" content=\"2018-02-16T23:00:00+00:00\" \/>\n<meta property=\"article:modified_time\" content=\"2026-04-23T20:23:49+00:00\" \/>\n<meta name=\"author\" content=\"admin\" \/>\n<meta name=\"twitter:card\" content=\"summary_large_image\" \/>\n<meta name=\"twitter:label1\" content=\"Written by\" \/>\n\t<meta name=\"twitter:data1\" content=\"admin\" \/>\n\t<meta name=\"twitter:label2\" content=\"Est. reading time\" \/>\n\t<meta name=\"twitter:data2\" content=\"3 minutes\" \/>\n<script type=\"application\/ld+json\" class=\"yoast-schema-graph\">{\"@context\":\"https:\/\/schema.org\",\"@graph\":[{\"@type\":\"WebPage\",\"@id\":\"https:\/\/www.abrilabogados.com\/en\/noticias\/el-ccp-solo-aplica-a-la-patente-tal-y-como-se-valido-inicialmente-en-espana\/\",\"url\":\"https:\/\/www.abrilabogados.com\/en\/noticias\/el-ccp-solo-aplica-a-la-patente-tal-y-como-se-valido-inicialmente-en-espana\/\",\"name\":\"El CCP solo aplica a la patente tal y como se valid\u00f3 inicialmente en Espa\u00f1a - Abril Abogados\",\"isPartOf\":{\"@id\":\"https:\/\/www.abrilabogados.com\/en\/#website\"},\"datePublished\":\"2018-02-16T23:00:00+00:00\",\"dateModified\":\"2026-04-23T20:23:49+00:00\",\"author\":{\"@id\":\"https:\/\/www.abrilabogados.com\/en\/#\/schema\/person\/750a358f28e46d5003b31222bddd9ed8\"},\"breadcrumb\":{\"@id\":\"https:\/\/www.abrilabogados.com\/en\/noticias\/el-ccp-solo-aplica-a-la-patente-tal-y-como-se-valido-inicialmente-en-espana\/#breadcrumb\"},\"inLanguage\":\"en-US\",\"potentialAction\":[{\"@type\":\"ReadAction\",\"target\":[\"https:\/\/www.abrilabogados.com\/en\/noticias\/el-ccp-solo-aplica-a-la-patente-tal-y-como-se-valido-inicialmente-en-espana\/\"]}]},{\"@type\":\"BreadcrumbList\",\"@id\":\"https:\/\/www.abrilabogados.com\/en\/noticias\/el-ccp-solo-aplica-a-la-patente-tal-y-como-se-valido-inicialmente-en-espana\/#breadcrumb\",\"itemListElement\":[{\"@type\":\"ListItem\",\"position\":1,\"name\":\"Abril Abogados News\",\"item\":\"\/en\/noticias\/\"},{\"@type\":\"ListItem\",\"position\":2,\"name\":\"El CCP solo aplica a la patente tal y como se valid\u00f3 inicialmente en Espa\u00f1a\"}]},{\"@type\":\"WebSite\",\"@id\":\"https:\/\/www.abrilabogados.com\/en\/#website\",\"url\":\"https:\/\/www.abrilabogados.com\/en\/\",\"name\":\"Abril Abogados\",\"description\":\"\",\"potentialAction\":[{\"@type\":\"SearchAction\",\"target\":{\"@type\":\"EntryPoint\",\"urlTemplate\":\"https:\/\/www.abrilabogados.com\/en\/?s={search_term_string}\"},\"query-input\":{\"@type\":\"PropertyValueSpecification\",\"valueRequired\":true,\"valueName\":\"search_term_string\"}}],\"inLanguage\":\"en-US\"},{\"@type\":\"Person\",\"@id\":\"https:\/\/www.abrilabogados.com\/en\/#\/schema\/person\/750a358f28e46d5003b31222bddd9ed8\",\"name\":\"admin\",\"image\":{\"@type\":\"ImageObject\",\"inLanguage\":\"en-US\",\"@id\":\"https:\/\/www.abrilabogados.com\/en\/#\/schema\/person\/image\/\",\"url\":\"https:\/\/secure.gravatar.com\/avatar\/52d6bc19e862502e6ff2f700f23c607b54491a2d4a05fc0f2a79b8077f4bc25c?s=96&d=mm&r=g\",\"contentUrl\":\"https:\/\/secure.gravatar.com\/avatar\/52d6bc19e862502e6ff2f700f23c607b54491a2d4a05fc0f2a79b8077f4bc25c?s=96&d=mm&r=g\",\"caption\":\"admin\"},\"sameAs\":[\"https:\/\/www.abrilabogados.com\"],\"url\":\"https:\/\/www.abrilabogados.com\/en\/noticias\/author\/charly_wpadmin\/\"}]}<\/script>\n<!-- \/ Yoast SEO plugin. -->","yoast_head_json":{"title":"El CCP solo aplica a la patente tal y como se valid\u00f3 inicialmente en Espa\u00f1a - Abril Abogados","robots":{"index":"index","follow":"follow","max-snippet":"max-snippet:-1","max-image-preview":"max-image-preview:large","max-video-preview":"max-video-preview:-1"},"canonical":"https:\/\/www.abrilabogados.com\/en\/noticias\/el-ccp-solo-aplica-a-la-patente-tal-y-como-se-valido-inicialmente-en-espana\/","og_locale":"en_US","og_type":"article","og_title":"El CCP solo aplica a la patente tal y como se valid\u00f3 inicialmente en Espa\u00f1a - Abril Abogados","og_description":"En su sentencia de 20 de octubre de 2017 (asunto Escitalopram) el TS confirma que una patente farmac\u00e9utica de procedimiento, solicitada antes de la entrada en vigor del ADPIC en...","og_url":"https:\/\/www.abrilabogados.com\/en\/noticias\/el-ccp-solo-aplica-a-la-patente-tal-y-como-se-valido-inicialmente-en-espana\/","og_site_name":"Abril Abogados","article_published_time":"2018-02-16T23:00:00+00:00","article_modified_time":"2026-04-23T20:23:49+00:00","author":"admin","twitter_card":"summary_large_image","twitter_misc":{"Written by":"admin","Est. reading time":"3 minutes"},"schema":{"@context":"https:\/\/schema.org","@graph":[{"@type":"WebPage","@id":"https:\/\/www.abrilabogados.com\/en\/noticias\/el-ccp-solo-aplica-a-la-patente-tal-y-como-se-valido-inicialmente-en-espana\/","url":"https:\/\/www.abrilabogados.com\/en\/noticias\/el-ccp-solo-aplica-a-la-patente-tal-y-como-se-valido-inicialmente-en-espana\/","name":"El CCP solo aplica a la patente tal y como se valid\u00f3 inicialmente en Espa\u00f1a - Abril Abogados","isPartOf":{"@id":"https:\/\/www.abrilabogados.com\/en\/#website"},"datePublished":"2018-02-16T23:00:00+00:00","dateModified":"2026-04-23T20:23:49+00:00","author":{"@id":"https:\/\/www.abrilabogados.com\/en\/#\/schema\/person\/750a358f28e46d5003b31222bddd9ed8"},"breadcrumb":{"@id":"https:\/\/www.abrilabogados.com\/en\/noticias\/el-ccp-solo-aplica-a-la-patente-tal-y-como-se-valido-inicialmente-en-espana\/#breadcrumb"},"inLanguage":"en-US","potentialAction":[{"@type":"ReadAction","target":["https:\/\/www.abrilabogados.com\/en\/noticias\/el-ccp-solo-aplica-a-la-patente-tal-y-como-se-valido-inicialmente-en-espana\/"]}]},{"@type":"BreadcrumbList","@id":"https:\/\/www.abrilabogados.com\/en\/noticias\/el-ccp-solo-aplica-a-la-patente-tal-y-como-se-valido-inicialmente-en-espana\/#breadcrumb","itemListElement":[{"@type":"ListItem","position":1,"name":"Abril Abogados News","item":"\/en\/noticias\/"},{"@type":"ListItem","position":2,"name":"El CCP solo aplica a la patente tal y como se valid\u00f3 inicialmente en Espa\u00f1a"}]},{"@type":"WebSite","@id":"https:\/\/www.abrilabogados.com\/en\/#website","url":"https:\/\/www.abrilabogados.com\/en\/","name":"Abril Abogados","description":"","potentialAction":[{"@type":"SearchAction","target":{"@type":"EntryPoint","urlTemplate":"https:\/\/www.abrilabogados.com\/en\/?s={search_term_string}"},"query-input":{"@type":"PropertyValueSpecification","valueRequired":true,"valueName":"search_term_string"}}],"inLanguage":"en-US"},{"@type":"Person","@id":"https:\/\/www.abrilabogados.com\/en\/#\/schema\/person\/750a358f28e46d5003b31222bddd9ed8","name":"admin","image":{"@type":"ImageObject","inLanguage":"en-US","@id":"https:\/\/www.abrilabogados.com\/en\/#\/schema\/person\/image\/","url":"https:\/\/secure.gravatar.com\/avatar\/52d6bc19e862502e6ff2f700f23c607b54491a2d4a05fc0f2a79b8077f4bc25c?s=96&d=mm&r=g","contentUrl":"https:\/\/secure.gravatar.com\/avatar\/52d6bc19e862502e6ff2f700f23c607b54491a2d4a05fc0f2a79b8077f4bc25c?s=96&d=mm&r=g","caption":"admin"},"sameAs":["https:\/\/www.abrilabogados.com"],"url":"https:\/\/www.abrilabogados.com\/en\/noticias\/author\/charly_wpadmin\/"}]}},"_links":{"self":[{"href":"https:\/\/www.abrilabogados.com\/en\/wp-json\/wp\/v2\/posts\/1302","targetHints":{"allow":["GET"]}}],"collection":[{"href":"https:\/\/www.abrilabogados.com\/en\/wp-json\/wp\/v2\/posts"}],"about":[{"href":"https:\/\/www.abrilabogados.com\/en\/wp-json\/wp\/v2\/types\/post"}],"author":[{"embeddable":true,"href":"https:\/\/www.abrilabogados.com\/en\/wp-json\/wp\/v2\/users\/1"}],"replies":[{"embeddable":true,"href":"https:\/\/www.abrilabogados.com\/en\/wp-json\/wp\/v2\/comments?post=1302"}],"version-history":[{"count":1,"href":"https:\/\/www.abrilabogados.com\/en\/wp-json\/wp\/v2\/posts\/1302\/revisions"}],"predecessor-version":[{"id":3877,"href":"https:\/\/www.abrilabogados.com\/en\/wp-json\/wp\/v2\/posts\/1302\/revisions\/3877"}],"wp:attachment":[{"href":"https:\/\/www.abrilabogados.com\/en\/wp-json\/wp\/v2\/media?parent=1302"}],"wp:term":[{"taxonomy":"category","embeddable":true,"href":"https:\/\/www.abrilabogados.com\/en\/wp-json\/wp\/v2\/categories?post=1302"},{"taxonomy":"post_tag","embeddable":true,"href":"https:\/\/www.abrilabogados.com\/en\/wp-json\/wp\/v2\/tags?post=1302"},{"taxonomy":"sector_noticias","embeddable":true,"href":"https:\/\/www.abrilabogados.com\/en\/wp-json\/wp\/v2\/sector_noticias?post=1302"}],"curies":[{"name":"wp","href":"https:\/\/api.w.org\/{rel}","templated":true}]}}