{"id":1320,"date":"2018-01-06T00:00:00","date_gmt":"2018-01-05T23:00:00","guid":{"rendered":"https:\/\/www.abrilabogados.com\/uber-se-considera-una-empresa-de-transportes\/"},"modified":"2026-04-23T22:23:54","modified_gmt":"2026-04-23T20:23:54","slug":"uber-se-considera-una-empresa-de-transportes","status":"publish","type":"post","link":"https:\/\/www.abrilabogados.com\/en\/noticias\/uber-se-considera-una-empresa-de-transportes\/","title":{"rendered":"Uber se considera una empresa de transportes"},"content":{"rendered":"<p>El Tribunal de Justicia de la Uni\u00f3n Europea (TJUE) determina que Uber es una empresa de transporte y no una plataforma digital de intermediaci\u00f3n entre viajeros. <!--more-->Tras esta sentencia Uber est\u00e1 obligado a contar con las licencias de alquiler con conductor (VTC), como est\u00e1 haciendo actualmente, no pudiendo utilizar a conductores particulares como en otros pa\u00edses (EEUU).<\/p>\n<p>El modelo de negocio de Uber se basa en la econom\u00eda colaborativa, es decir que los conductores particulares operan el servicio de transporte urbano con sus veh\u00edculos, limit\u00e1ndose Uber a actuar como intermediario. La Comisi\u00f3n Europea ya ha anunciado que analizar\u00e1 el funcionamiento de\u00a0 otras plataformas de econom\u00eda colaborativa como Airbnb o Deliveroo,<\/p>\n<p>Con esta sentencia la situaci\u00f3n de Uber o Cabify en Espa\u00f1a no cambia nada, debido a que est\u00e1n funcionando con la licencia VTC, desde que la justicia impidi\u00f3 su fincionamiento sin licencia.<\/p>\n<p>El fallo del TSJE es categ\u00f3rico al indicar que Uber &#8220;est\u00e1 indisociablemente vinculado a un servicio de transporte y, por lo tanto, ha de calificarse de servicio en el \u00e1mbito de los transportes&#8221;. \u201cUn servicio de esta \u00edndole est\u00e1 excluido del \u00e1mbito de aplicaci\u00f3n de la libre prestaci\u00f3n de servicios en general, as\u00ed como del \u00e1mbito de aplicaci\u00f3n de la directiva relativa a los servicios en el mercado interior y del de la directiva sobre el comercio electr\u00f3nico\u201d, asegura el TJUE.<\/p>\n<p>La sentencia se\u00f1ala que el servicio prestado por Uber no se limita a poner en contacto a un conductor no profesional con una persona que quiere realizar un desplazamiento, sino que crea una oferta de servicios de transporte urbano mediante herramientas inform\u00e1ticas que adem\u00e1s fijan el precio en funci\u00f3n del a demanda. El TJUE considera que la App es indispensable tanto para los conductores como para los viajeros. Pincha aqu\u00ed para acceder a la sentencia.<\/p>\n","protected":false},"excerpt":{"rendered":"<p>El Tribunal de Justicia de la Uni\u00f3n Europea (TJUE) determina que Uber es una empresa de transporte y no una plataforma digital de intermediaci\u00f3n entre viajeros.<\/p>\n","protected":false},"author":1,"featured_media":0,"comment_status":"closed","ping_status":"open","sticky":false,"template":"","format":"standard","meta":{"_acf_changed":false,"footnotes":""},"categories":[12],"tags":[],"sector_noticias":[],"class_list":{"0":"post-1320","1":"post","2":"type-post","3":"status-publish","4":"format-standard","6":"category-noticias"},"acf":[],"yoast_head":"<!-- This site is optimized with the Yoast SEO plugin v26.4 - https:\/\/yoast.com\/wordpress\/plugins\/seo\/ -->\n<title>Uber se considera una empresa de transportes - Abril Abogados<\/title>\n<meta name=\"robots\" content=\"index, follow, max-snippet:-1, max-image-preview:large, max-video-preview:-1\" \/>\n<link rel=\"canonical\" href=\"https:\/\/www.abrilabogados.com\/en\/noticias\/uber-se-considera-una-empresa-de-transportes\/\" \/>\n<meta property=\"og:locale\" content=\"en_US\" \/>\n<meta property=\"og:type\" content=\"article\" \/>\n<meta property=\"og:title\" content=\"Uber se considera una empresa de transportes - Abril Abogados\" \/>\n<meta property=\"og:description\" content=\"El Tribunal de Justicia de la Uni\u00f3n Europea (TJUE) determina que Uber es una empresa de transporte y no una plataforma digital de intermediaci\u00f3n entre viajeros.\" \/>\n<meta property=\"og:url\" content=\"https:\/\/www.abrilabogados.com\/en\/noticias\/uber-se-considera-una-empresa-de-transportes\/\" \/>\n<meta property=\"og:site_name\" content=\"Abril Abogados\" \/>\n<meta property=\"article:published_time\" content=\"2018-01-05T23:00:00+00:00\" \/>\n<meta property=\"article:modified_time\" content=\"2026-04-23T20:23:54+00:00\" \/>\n<meta name=\"author\" content=\"admin\" \/>\n<meta name=\"twitter:card\" content=\"summary_large_image\" \/>\n<meta name=\"twitter:label1\" content=\"Written by\" \/>\n\t<meta name=\"twitter:data1\" content=\"admin\" \/>\n\t<meta name=\"twitter:label2\" content=\"Est. reading time\" \/>\n\t<meta name=\"twitter:data2\" content=\"2 minutes\" \/>\n<script type=\"application\/ld+json\" class=\"yoast-schema-graph\">{\"@context\":\"https:\/\/schema.org\",\"@graph\":[{\"@type\":\"WebPage\",\"@id\":\"https:\/\/www.abrilabogados.com\/en\/noticias\/uber-se-considera-una-empresa-de-transportes\/\",\"url\":\"https:\/\/www.abrilabogados.com\/en\/noticias\/uber-se-considera-una-empresa-de-transportes\/\",\"name\":\"Uber se considera una empresa de transportes - Abril Abogados\",\"isPartOf\":{\"@id\":\"https:\/\/www.abrilabogados.com\/en\/#website\"},\"datePublished\":\"2018-01-05T23:00:00+00:00\",\"dateModified\":\"2026-04-23T20:23:54+00:00\",\"author\":{\"@id\":\"https:\/\/www.abrilabogados.com\/en\/#\/schema\/person\/750a358f28e46d5003b31222bddd9ed8\"},\"breadcrumb\":{\"@id\":\"https:\/\/www.abrilabogados.com\/en\/noticias\/uber-se-considera-una-empresa-de-transportes\/#breadcrumb\"},\"inLanguage\":\"en-US\",\"potentialAction\":[{\"@type\":\"ReadAction\",\"target\":[\"https:\/\/www.abrilabogados.com\/en\/noticias\/uber-se-considera-una-empresa-de-transportes\/\"]}]},{\"@type\":\"BreadcrumbList\",\"@id\":\"https:\/\/www.abrilabogados.com\/en\/noticias\/uber-se-considera-una-empresa-de-transportes\/#breadcrumb\",\"itemListElement\":[{\"@type\":\"ListItem\",\"position\":1,\"name\":\"Abril Abogados News\",\"item\":\"\/en\/noticias\/\"},{\"@type\":\"ListItem\",\"position\":2,\"name\":\"Uber se considera una empresa de transportes\"}]},{\"@type\":\"WebSite\",\"@id\":\"https:\/\/www.abrilabogados.com\/en\/#website\",\"url\":\"https:\/\/www.abrilabogados.com\/en\/\",\"name\":\"Abril Abogados\",\"description\":\"\",\"potentialAction\":[{\"@type\":\"SearchAction\",\"target\":{\"@type\":\"EntryPoint\",\"urlTemplate\":\"https:\/\/www.abrilabogados.com\/en\/?s={search_term_string}\"},\"query-input\":{\"@type\":\"PropertyValueSpecification\",\"valueRequired\":true,\"valueName\":\"search_term_string\"}}],\"inLanguage\":\"en-US\"},{\"@type\":\"Person\",\"@id\":\"https:\/\/www.abrilabogados.com\/en\/#\/schema\/person\/750a358f28e46d5003b31222bddd9ed8\",\"name\":\"admin\",\"image\":{\"@type\":\"ImageObject\",\"inLanguage\":\"en-US\",\"@id\":\"https:\/\/www.abrilabogados.com\/en\/#\/schema\/person\/image\/\",\"url\":\"https:\/\/secure.gravatar.com\/avatar\/52d6bc19e862502e6ff2f700f23c607b54491a2d4a05fc0f2a79b8077f4bc25c?s=96&d=mm&r=g\",\"contentUrl\":\"https:\/\/secure.gravatar.com\/avatar\/52d6bc19e862502e6ff2f700f23c607b54491a2d4a05fc0f2a79b8077f4bc25c?s=96&d=mm&r=g\",\"caption\":\"admin\"},\"sameAs\":[\"https:\/\/www.abrilabogados.com\"],\"url\":\"https:\/\/www.abrilabogados.com\/en\/noticias\/author\/charly_wpadmin\/\"}]}<\/script>\n<!-- \/ Yoast SEO plugin. -->","yoast_head_json":{"title":"Uber se considera una empresa de transportes - Abril Abogados","robots":{"index":"index","follow":"follow","max-snippet":"max-snippet:-1","max-image-preview":"max-image-preview:large","max-video-preview":"max-video-preview:-1"},"canonical":"https:\/\/www.abrilabogados.com\/en\/noticias\/uber-se-considera-una-empresa-de-transportes\/","og_locale":"en_US","og_type":"article","og_title":"Uber se considera una empresa de transportes - Abril Abogados","og_description":"El Tribunal de Justicia de la Uni\u00f3n Europea (TJUE) determina que Uber es una empresa de transporte y no una plataforma digital de intermediaci\u00f3n entre viajeros.","og_url":"https:\/\/www.abrilabogados.com\/en\/noticias\/uber-se-considera-una-empresa-de-transportes\/","og_site_name":"Abril Abogados","article_published_time":"2018-01-05T23:00:00+00:00","article_modified_time":"2026-04-23T20:23:54+00:00","author":"admin","twitter_card":"summary_large_image","twitter_misc":{"Written by":"admin","Est. reading time":"2 minutes"},"schema":{"@context":"https:\/\/schema.org","@graph":[{"@type":"WebPage","@id":"https:\/\/www.abrilabogados.com\/en\/noticias\/uber-se-considera-una-empresa-de-transportes\/","url":"https:\/\/www.abrilabogados.com\/en\/noticias\/uber-se-considera-una-empresa-de-transportes\/","name":"Uber se considera una empresa de transportes - Abril Abogados","isPartOf":{"@id":"https:\/\/www.abrilabogados.com\/en\/#website"},"datePublished":"2018-01-05T23:00:00+00:00","dateModified":"2026-04-23T20:23:54+00:00","author":{"@id":"https:\/\/www.abrilabogados.com\/en\/#\/schema\/person\/750a358f28e46d5003b31222bddd9ed8"},"breadcrumb":{"@id":"https:\/\/www.abrilabogados.com\/en\/noticias\/uber-se-considera-una-empresa-de-transportes\/#breadcrumb"},"inLanguage":"en-US","potentialAction":[{"@type":"ReadAction","target":["https:\/\/www.abrilabogados.com\/en\/noticias\/uber-se-considera-una-empresa-de-transportes\/"]}]},{"@type":"BreadcrumbList","@id":"https:\/\/www.abrilabogados.com\/en\/noticias\/uber-se-considera-una-empresa-de-transportes\/#breadcrumb","itemListElement":[{"@type":"ListItem","position":1,"name":"Abril Abogados News","item":"\/en\/noticias\/"},{"@type":"ListItem","position":2,"name":"Uber se considera una empresa de transportes"}]},{"@type":"WebSite","@id":"https:\/\/www.abrilabogados.com\/en\/#website","url":"https:\/\/www.abrilabogados.com\/en\/","name":"Abril Abogados","description":"","potentialAction":[{"@type":"SearchAction","target":{"@type":"EntryPoint","urlTemplate":"https:\/\/www.abrilabogados.com\/en\/?s={search_term_string}"},"query-input":{"@type":"PropertyValueSpecification","valueRequired":true,"valueName":"search_term_string"}}],"inLanguage":"en-US"},{"@type":"Person","@id":"https:\/\/www.abrilabogados.com\/en\/#\/schema\/person\/750a358f28e46d5003b31222bddd9ed8","name":"admin","image":{"@type":"ImageObject","inLanguage":"en-US","@id":"https:\/\/www.abrilabogados.com\/en\/#\/schema\/person\/image\/","url":"https:\/\/secure.gravatar.com\/avatar\/52d6bc19e862502e6ff2f700f23c607b54491a2d4a05fc0f2a79b8077f4bc25c?s=96&d=mm&r=g","contentUrl":"https:\/\/secure.gravatar.com\/avatar\/52d6bc19e862502e6ff2f700f23c607b54491a2d4a05fc0f2a79b8077f4bc25c?s=96&d=mm&r=g","caption":"admin"},"sameAs":["https:\/\/www.abrilabogados.com"],"url":"https:\/\/www.abrilabogados.com\/en\/noticias\/author\/charly_wpadmin\/"}]}},"_links":{"self":[{"href":"https:\/\/www.abrilabogados.com\/en\/wp-json\/wp\/v2\/posts\/1320","targetHints":{"allow":["GET"]}}],"collection":[{"href":"https:\/\/www.abrilabogados.com\/en\/wp-json\/wp\/v2\/posts"}],"about":[{"href":"https:\/\/www.abrilabogados.com\/en\/wp-json\/wp\/v2\/types\/post"}],"author":[{"embeddable":true,"href":"https:\/\/www.abrilabogados.com\/en\/wp-json\/wp\/v2\/users\/1"}],"replies":[{"embeddable":true,"href":"https:\/\/www.abrilabogados.com\/en\/wp-json\/wp\/v2\/comments?post=1320"}],"version-history":[{"count":1,"href":"https:\/\/www.abrilabogados.com\/en\/wp-json\/wp\/v2\/posts\/1320\/revisions"}],"predecessor-version":[{"id":3888,"href":"https:\/\/www.abrilabogados.com\/en\/wp-json\/wp\/v2\/posts\/1320\/revisions\/3888"}],"wp:attachment":[{"href":"https:\/\/www.abrilabogados.com\/en\/wp-json\/wp\/v2\/media?parent=1320"}],"wp:term":[{"taxonomy":"category","embeddable":true,"href":"https:\/\/www.abrilabogados.com\/en\/wp-json\/wp\/v2\/categories?post=1320"},{"taxonomy":"post_tag","embeddable":true,"href":"https:\/\/www.abrilabogados.com\/en\/wp-json\/wp\/v2\/tags?post=1320"},{"taxonomy":"sector_noticias","embeddable":true,"href":"https:\/\/www.abrilabogados.com\/en\/wp-json\/wp\/v2\/sector_noticias?post=1320"}],"curies":[{"name":"wp","href":"https:\/\/api.w.org\/{rel}","templated":true}]}}