{"id":1322,"date":"2018-01-03T00:00:00","date_gmt":"2018-01-02T23:00:00","guid":{"rendered":"https:\/\/www.abrilabogados.com\/avances-en-la-aplicacion-del-nuevo-reglamento-general-de-proteccion-de-datos\/"},"modified":"2026-04-23T22:23:55","modified_gmt":"2026-04-23T20:23:55","slug":"avances-en-la-aplicacion-del-nuevo-reglamento-general-de-proteccion-de-datos","status":"publish","type":"post","link":"https:\/\/www.abrilabogados.com\/en\/noticias\/avances-en-la-aplicacion-del-nuevo-reglamento-general-de-proteccion-de-datos\/","title":{"rendered":"Avances en la aplicaci\u00f3n del nuevo Reglamento General de Protecci\u00f3n de Datos"},"content":{"rendered":"<p>El nuevo Reglamento General de Protecci\u00f3n de Datos, de aplicaci\u00f3n a partir de <u>mayo de 2018<\/u>, esta suponiendo un gran esfuerzo a las empresas y organismos p\u00fablicos<!--more-->, as\u00ed como a los despachos y otras empresas dedicadas a prestar servicios de protecci\u00f3n de datos.<\/p>\n<p>En Abril Abogados, hemos comenzado a ejecutar los planes de adecuaci\u00f3n al nuevo reglamento a nuestros clientes.<\/p>\n<p>La\u00a0 participaci\u00f3n activa de la empresa en la adaptaci\u00f3n al nuevo reglamento es imprescindible. Principios\u00a0 como el de la responsabilidad proactiva provocan que la empresa, a trav\u00e9s de la creaci\u00f3n de un comit\u00e9 de protecci\u00f3n de datos, deba abordar la implementaci\u00f3n de las novedades del Reglamento\u00a0 de una manera efectiva.<\/p>\n<p>Otras novedades, como la obligaci\u00f3n de hacer cursos de formaci\u00f3n o de verificar que los encargados del tratamiento de sus datos son empresas que cumplen con el Reglamento, son algunos ejemplos de esta necesaria participaci\u00f3n proactiva.<\/p>\n<p>A pesar de que existen incertidumbres que esperamos sean resueltas en la nueva LOPD, la implementaci\u00f3n de reglamento debe de realizarse cuanto antes, dado que las sanciones son muy elevadas y la adaptaci\u00f3n al reglamento es compleja.<\/p>\n<p>Si quieres disponer de una peque\u00f1a gu\u00eda gratuita de nuestros servicios para la elaboraci\u00f3n del plan de adecuaci\u00f3n al Reglamento, contacta\u00a0con nosotros\u00a0<a href=\"\/consultas\/\">aqu\u00ed<\/a><\/p>\n","protected":false},"excerpt":{"rendered":"<p>El nuevo Reglamento General de Protecci\u00f3n de Datos, de aplicaci\u00f3n a partir de mayo de 2018, esta suponiendo un gran esfuerzo a las empresas y organismos p\u00fablicos<\/p>\n","protected":false},"author":1,"featured_media":0,"comment_status":"closed","ping_status":"open","sticky":false,"template":"","format":"standard","meta":{"_acf_changed":false,"footnotes":""},"categories":[12],"tags":[],"sector_noticias":[],"class_list":{"0":"post-1322","1":"post","2":"type-post","3":"status-publish","4":"format-standard","6":"category-noticias"},"acf":[],"yoast_head":"<!-- This site is optimized with the Yoast SEO plugin v26.4 - https:\/\/yoast.com\/wordpress\/plugins\/seo\/ -->\n<title>Avances en la aplicaci\u00f3n del nuevo Reglamento General de Protecci\u00f3n de Datos - Abril Abogados<\/title>\n<meta name=\"robots\" content=\"index, follow, max-snippet:-1, max-image-preview:large, max-video-preview:-1\" \/>\n<link rel=\"canonical\" href=\"https:\/\/www.abrilabogados.com\/en\/noticias\/avances-en-la-aplicacion-del-nuevo-reglamento-general-de-proteccion-de-datos\/\" \/>\n<meta property=\"og:locale\" content=\"en_US\" \/>\n<meta property=\"og:type\" content=\"article\" \/>\n<meta property=\"og:title\" content=\"Avances en la aplicaci\u00f3n del nuevo Reglamento General de Protecci\u00f3n de Datos - Abril Abogados\" \/>\n<meta property=\"og:description\" content=\"El nuevo Reglamento General de Protecci\u00f3n de Datos, de aplicaci\u00f3n a partir de mayo de 2018, esta suponiendo un gran esfuerzo a las empresas y organismos p\u00fablicos\" \/>\n<meta property=\"og:url\" content=\"https:\/\/www.abrilabogados.com\/en\/noticias\/avances-en-la-aplicacion-del-nuevo-reglamento-general-de-proteccion-de-datos\/\" \/>\n<meta property=\"og:site_name\" content=\"Abril Abogados\" \/>\n<meta property=\"article:published_time\" content=\"2018-01-02T23:00:00+00:00\" \/>\n<meta property=\"article:modified_time\" content=\"2026-04-23T20:23:55+00:00\" \/>\n<meta name=\"author\" content=\"admin\" \/>\n<meta name=\"twitter:card\" content=\"summary_large_image\" \/>\n<meta name=\"twitter:label1\" content=\"Written by\" \/>\n\t<meta name=\"twitter:data1\" content=\"admin\" \/>\n\t<meta name=\"twitter:label2\" content=\"Est. reading time\" \/>\n\t<meta name=\"twitter:data2\" content=\"1 minute\" \/>\n<script type=\"application\/ld+json\" class=\"yoast-schema-graph\">{\"@context\":\"https:\/\/schema.org\",\"@graph\":[{\"@type\":\"WebPage\",\"@id\":\"https:\/\/www.abrilabogados.com\/en\/noticias\/avances-en-la-aplicacion-del-nuevo-reglamento-general-de-proteccion-de-datos\/\",\"url\":\"https:\/\/www.abrilabogados.com\/en\/noticias\/avances-en-la-aplicacion-del-nuevo-reglamento-general-de-proteccion-de-datos\/\",\"name\":\"Avances en la aplicaci\u00f3n del nuevo Reglamento General de Protecci\u00f3n de Datos - Abril Abogados\",\"isPartOf\":{\"@id\":\"https:\/\/www.abrilabogados.com\/en\/#website\"},\"datePublished\":\"2018-01-02T23:00:00+00:00\",\"dateModified\":\"2026-04-23T20:23:55+00:00\",\"author\":{\"@id\":\"https:\/\/www.abrilabogados.com\/en\/#\/schema\/person\/750a358f28e46d5003b31222bddd9ed8\"},\"breadcrumb\":{\"@id\":\"https:\/\/www.abrilabogados.com\/en\/noticias\/avances-en-la-aplicacion-del-nuevo-reglamento-general-de-proteccion-de-datos\/#breadcrumb\"},\"inLanguage\":\"en-US\",\"potentialAction\":[{\"@type\":\"ReadAction\",\"target\":[\"https:\/\/www.abrilabogados.com\/en\/noticias\/avances-en-la-aplicacion-del-nuevo-reglamento-general-de-proteccion-de-datos\/\"]}]},{\"@type\":\"BreadcrumbList\",\"@id\":\"https:\/\/www.abrilabogados.com\/en\/noticias\/avances-en-la-aplicacion-del-nuevo-reglamento-general-de-proteccion-de-datos\/#breadcrumb\",\"itemListElement\":[{\"@type\":\"ListItem\",\"position\":1,\"name\":\"Abril Abogados News\",\"item\":\"\/en\/noticias\/\"},{\"@type\":\"ListItem\",\"position\":2,\"name\":\"Avances en la aplicaci\u00f3n del nuevo Reglamento General de Protecci\u00f3n de Datos\"}]},{\"@type\":\"WebSite\",\"@id\":\"https:\/\/www.abrilabogados.com\/en\/#website\",\"url\":\"https:\/\/www.abrilabogados.com\/en\/\",\"name\":\"Abril Abogados\",\"description\":\"\",\"potentialAction\":[{\"@type\":\"SearchAction\",\"target\":{\"@type\":\"EntryPoint\",\"urlTemplate\":\"https:\/\/www.abrilabogados.com\/en\/?s={search_term_string}\"},\"query-input\":{\"@type\":\"PropertyValueSpecification\",\"valueRequired\":true,\"valueName\":\"search_term_string\"}}],\"inLanguage\":\"en-US\"},{\"@type\":\"Person\",\"@id\":\"https:\/\/www.abrilabogados.com\/en\/#\/schema\/person\/750a358f28e46d5003b31222bddd9ed8\",\"name\":\"admin\",\"image\":{\"@type\":\"ImageObject\",\"inLanguage\":\"en-US\",\"@id\":\"https:\/\/www.abrilabogados.com\/en\/#\/schema\/person\/image\/\",\"url\":\"https:\/\/secure.gravatar.com\/avatar\/52d6bc19e862502e6ff2f700f23c607b54491a2d4a05fc0f2a79b8077f4bc25c?s=96&d=mm&r=g\",\"contentUrl\":\"https:\/\/secure.gravatar.com\/avatar\/52d6bc19e862502e6ff2f700f23c607b54491a2d4a05fc0f2a79b8077f4bc25c?s=96&d=mm&r=g\",\"caption\":\"admin\"},\"sameAs\":[\"https:\/\/www.abrilabogados.com\"],\"url\":\"https:\/\/www.abrilabogados.com\/en\/noticias\/author\/charly_wpadmin\/\"}]}<\/script>\n<!-- \/ Yoast SEO plugin. -->","yoast_head_json":{"title":"Avances en la aplicaci\u00f3n del nuevo Reglamento General de Protecci\u00f3n de Datos - Abril Abogados","robots":{"index":"index","follow":"follow","max-snippet":"max-snippet:-1","max-image-preview":"max-image-preview:large","max-video-preview":"max-video-preview:-1"},"canonical":"https:\/\/www.abrilabogados.com\/en\/noticias\/avances-en-la-aplicacion-del-nuevo-reglamento-general-de-proteccion-de-datos\/","og_locale":"en_US","og_type":"article","og_title":"Avances en la aplicaci\u00f3n del nuevo Reglamento General de Protecci\u00f3n de Datos - Abril Abogados","og_description":"El nuevo Reglamento General de Protecci\u00f3n de Datos, de aplicaci\u00f3n a partir de mayo de 2018, esta suponiendo un gran esfuerzo a las empresas y organismos p\u00fablicos","og_url":"https:\/\/www.abrilabogados.com\/en\/noticias\/avances-en-la-aplicacion-del-nuevo-reglamento-general-de-proteccion-de-datos\/","og_site_name":"Abril Abogados","article_published_time":"2018-01-02T23:00:00+00:00","article_modified_time":"2026-04-23T20:23:55+00:00","author":"admin","twitter_card":"summary_large_image","twitter_misc":{"Written by":"admin","Est. reading time":"1 minute"},"schema":{"@context":"https:\/\/schema.org","@graph":[{"@type":"WebPage","@id":"https:\/\/www.abrilabogados.com\/en\/noticias\/avances-en-la-aplicacion-del-nuevo-reglamento-general-de-proteccion-de-datos\/","url":"https:\/\/www.abrilabogados.com\/en\/noticias\/avances-en-la-aplicacion-del-nuevo-reglamento-general-de-proteccion-de-datos\/","name":"Avances en la aplicaci\u00f3n del nuevo Reglamento General de Protecci\u00f3n de Datos - Abril Abogados","isPartOf":{"@id":"https:\/\/www.abrilabogados.com\/en\/#website"},"datePublished":"2018-01-02T23:00:00+00:00","dateModified":"2026-04-23T20:23:55+00:00","author":{"@id":"https:\/\/www.abrilabogados.com\/en\/#\/schema\/person\/750a358f28e46d5003b31222bddd9ed8"},"breadcrumb":{"@id":"https:\/\/www.abrilabogados.com\/en\/noticias\/avances-en-la-aplicacion-del-nuevo-reglamento-general-de-proteccion-de-datos\/#breadcrumb"},"inLanguage":"en-US","potentialAction":[{"@type":"ReadAction","target":["https:\/\/www.abrilabogados.com\/en\/noticias\/avances-en-la-aplicacion-del-nuevo-reglamento-general-de-proteccion-de-datos\/"]}]},{"@type":"BreadcrumbList","@id":"https:\/\/www.abrilabogados.com\/en\/noticias\/avances-en-la-aplicacion-del-nuevo-reglamento-general-de-proteccion-de-datos\/#breadcrumb","itemListElement":[{"@type":"ListItem","position":1,"name":"Abril Abogados News","item":"\/en\/noticias\/"},{"@type":"ListItem","position":2,"name":"Avances en la aplicaci\u00f3n del nuevo Reglamento General de Protecci\u00f3n de Datos"}]},{"@type":"WebSite","@id":"https:\/\/www.abrilabogados.com\/en\/#website","url":"https:\/\/www.abrilabogados.com\/en\/","name":"Abril Abogados","description":"","potentialAction":[{"@type":"SearchAction","target":{"@type":"EntryPoint","urlTemplate":"https:\/\/www.abrilabogados.com\/en\/?s={search_term_string}"},"query-input":{"@type":"PropertyValueSpecification","valueRequired":true,"valueName":"search_term_string"}}],"inLanguage":"en-US"},{"@type":"Person","@id":"https:\/\/www.abrilabogados.com\/en\/#\/schema\/person\/750a358f28e46d5003b31222bddd9ed8","name":"admin","image":{"@type":"ImageObject","inLanguage":"en-US","@id":"https:\/\/www.abrilabogados.com\/en\/#\/schema\/person\/image\/","url":"https:\/\/secure.gravatar.com\/avatar\/52d6bc19e862502e6ff2f700f23c607b54491a2d4a05fc0f2a79b8077f4bc25c?s=96&d=mm&r=g","contentUrl":"https:\/\/secure.gravatar.com\/avatar\/52d6bc19e862502e6ff2f700f23c607b54491a2d4a05fc0f2a79b8077f4bc25c?s=96&d=mm&r=g","caption":"admin"},"sameAs":["https:\/\/www.abrilabogados.com"],"url":"https:\/\/www.abrilabogados.com\/en\/noticias\/author\/charly_wpadmin\/"}]}},"_links":{"self":[{"href":"https:\/\/www.abrilabogados.com\/en\/wp-json\/wp\/v2\/posts\/1322","targetHints":{"allow":["GET"]}}],"collection":[{"href":"https:\/\/www.abrilabogados.com\/en\/wp-json\/wp\/v2\/posts"}],"about":[{"href":"https:\/\/www.abrilabogados.com\/en\/wp-json\/wp\/v2\/types\/post"}],"author":[{"embeddable":true,"href":"https:\/\/www.abrilabogados.com\/en\/wp-json\/wp\/v2\/users\/1"}],"replies":[{"embeddable":true,"href":"https:\/\/www.abrilabogados.com\/en\/wp-json\/wp\/v2\/comments?post=1322"}],"version-history":[{"count":1,"href":"https:\/\/www.abrilabogados.com\/en\/wp-json\/wp\/v2\/posts\/1322\/revisions"}],"predecessor-version":[{"id":3889,"href":"https:\/\/www.abrilabogados.com\/en\/wp-json\/wp\/v2\/posts\/1322\/revisions\/3889"}],"wp:attachment":[{"href":"https:\/\/www.abrilabogados.com\/en\/wp-json\/wp\/v2\/media?parent=1322"}],"wp:term":[{"taxonomy":"category","embeddable":true,"href":"https:\/\/www.abrilabogados.com\/en\/wp-json\/wp\/v2\/categories?post=1322"},{"taxonomy":"post_tag","embeddable":true,"href":"https:\/\/www.abrilabogados.com\/en\/wp-json\/wp\/v2\/tags?post=1322"},{"taxonomy":"sector_noticias","embeddable":true,"href":"https:\/\/www.abrilabogados.com\/en\/wp-json\/wp\/v2\/sector_noticias?post=1322"}],"curies":[{"name":"wp","href":"https:\/\/api.w.org\/{rel}","templated":true}]}}