{"id":1328,"date":"2019-03-20T00:00:00","date_gmt":"2019-03-19T23:00:00","guid":{"rendered":"https:\/\/www.abrilabogados.com\/canada-acaba-de-adherirse-a-tres-tratados-de-la-ompi\/"},"modified":"2026-04-23T22:23:56","modified_gmt":"2026-04-23T20:23:56","slug":"canada-acaba-de-adherirse-a-tres-tratados-de-la-ompi","status":"publish","type":"post","link":"https:\/\/www.abrilabogados.com\/en\/noticias\/canada-acaba-de-adherirse-a-tres-tratados-de-la-ompi\/","title":{"rendered":"Canad\u00e1 acaba de adherirse a tres tratados de la OMPI"},"content":{"rendered":"<p>Canad\u00e1 acaba de adherirse a tres tratados de la OMPI\u00a0que promueven la utilizaci\u00f3n de las marcas en todo el mundo. Se trata del Protocolo de Madrid, el Arreglo de Niza y el Tratado de Singapur.<\/p>\n<p><!--more--><\/p>\n<p>Al incorporarse al Sistema de Madrid para el registro internacional de marcas, el Canad\u00e1 pas\u00f3 a ser el miembro n\u00famero 104 del Sistema de Madrid que ahora abarca a 120 pa\u00edses. El protocolo \u00a0entrar\u00e1 en vigor para Canad\u00e1 tres meses despu\u00e9s de la fecha oficial de adhesi\u00f3n.<\/p>\n<p>A partir del 17 de junio de 2019, los titulares canadienses de marcas podr\u00e1n comenzar a utilizar el Sistema de Madrid para proteger sus marcas en los 120 territorios de los otros 103 miembros del Sistema, y los titulares extranjeros podr\u00e1n solicitar la protecci\u00f3n en Canad\u00e1 mediante el Sistema de Madrid.<\/p>\n<p>Tambi\u00e9n empezar\u00e1n a aplicarse, el Arreglo de Niza relativo a la Clasificaci\u00f3n Internacional de Productos y Servicios para el Registro de las Marcas, y el Tratado de Singapur armoniza los procedimientos administrativos de registro de marcas entre sus miembros.<\/p>\n","protected":false},"excerpt":{"rendered":"<p>Canad\u00e1 acaba de adherirse a tres tratados de la OMPI\u00a0que promueven la utilizaci\u00f3n de las marcas en todo el mundo. Se trata del Protocolo de Madrid, el Arreglo de Niza&#8230;<\/p>\n","protected":false},"author":1,"featured_media":0,"comment_status":"closed","ping_status":"open","sticky":false,"template":"","format":"standard","meta":{"_acf_changed":false,"footnotes":""},"categories":[12],"tags":[],"sector_noticias":[],"class_list":{"0":"post-1328","1":"post","2":"type-post","3":"status-publish","4":"format-standard","6":"category-noticias"},"acf":[],"yoast_head":"<!-- This site is optimized with the Yoast SEO plugin v26.4 - https:\/\/yoast.com\/wordpress\/plugins\/seo\/ -->\n<title>Canad\u00e1 acaba de adherirse a tres tratados de la OMPI - Abril Abogados<\/title>\n<meta name=\"robots\" content=\"index, follow, max-snippet:-1, max-image-preview:large, max-video-preview:-1\" \/>\n<link rel=\"canonical\" href=\"https:\/\/www.abrilabogados.com\/en\/noticias\/canada-acaba-de-adherirse-a-tres-tratados-de-la-ompi\/\" \/>\n<meta property=\"og:locale\" content=\"en_US\" \/>\n<meta property=\"og:type\" content=\"article\" \/>\n<meta property=\"og:title\" content=\"Canad\u00e1 acaba de adherirse a tres tratados de la OMPI - Abril Abogados\" \/>\n<meta property=\"og:description\" content=\"Canad\u00e1 acaba de adherirse a tres tratados de la OMPI\u00a0que promueven la utilizaci\u00f3n de las marcas en todo el mundo. Se trata del Protocolo de Madrid, el Arreglo de Niza...\" \/>\n<meta property=\"og:url\" content=\"https:\/\/www.abrilabogados.com\/en\/noticias\/canada-acaba-de-adherirse-a-tres-tratados-de-la-ompi\/\" \/>\n<meta property=\"og:site_name\" content=\"Abril Abogados\" \/>\n<meta property=\"article:published_time\" content=\"2019-03-19T23:00:00+00:00\" \/>\n<meta property=\"article:modified_time\" content=\"2026-04-23T20:23:56+00:00\" \/>\n<meta name=\"author\" content=\"admin\" \/>\n<meta name=\"twitter:card\" content=\"summary_large_image\" \/>\n<meta name=\"twitter:label1\" content=\"Written by\" \/>\n\t<meta name=\"twitter:data1\" content=\"admin\" \/>\n\t<meta name=\"twitter:label2\" content=\"Est. reading time\" \/>\n\t<meta name=\"twitter:data2\" content=\"1 minute\" \/>\n<script type=\"application\/ld+json\" class=\"yoast-schema-graph\">{\"@context\":\"https:\/\/schema.org\",\"@graph\":[{\"@type\":\"WebPage\",\"@id\":\"https:\/\/www.abrilabogados.com\/en\/noticias\/canada-acaba-de-adherirse-a-tres-tratados-de-la-ompi\/\",\"url\":\"https:\/\/www.abrilabogados.com\/en\/noticias\/canada-acaba-de-adherirse-a-tres-tratados-de-la-ompi\/\",\"name\":\"Canad\u00e1 acaba de adherirse a tres tratados de la OMPI - Abril Abogados\",\"isPartOf\":{\"@id\":\"https:\/\/www.abrilabogados.com\/en\/#website\"},\"datePublished\":\"2019-03-19T23:00:00+00:00\",\"dateModified\":\"2026-04-23T20:23:56+00:00\",\"author\":{\"@id\":\"https:\/\/www.abrilabogados.com\/en\/#\/schema\/person\/750a358f28e46d5003b31222bddd9ed8\"},\"breadcrumb\":{\"@id\":\"https:\/\/www.abrilabogados.com\/en\/noticias\/canada-acaba-de-adherirse-a-tres-tratados-de-la-ompi\/#breadcrumb\"},\"inLanguage\":\"en-US\",\"potentialAction\":[{\"@type\":\"ReadAction\",\"target\":[\"https:\/\/www.abrilabogados.com\/en\/noticias\/canada-acaba-de-adherirse-a-tres-tratados-de-la-ompi\/\"]}]},{\"@type\":\"BreadcrumbList\",\"@id\":\"https:\/\/www.abrilabogados.com\/en\/noticias\/canada-acaba-de-adherirse-a-tres-tratados-de-la-ompi\/#breadcrumb\",\"itemListElement\":[{\"@type\":\"ListItem\",\"position\":1,\"name\":\"Abril Abogados News\",\"item\":\"\/en\/noticias\/\"},{\"@type\":\"ListItem\",\"position\":2,\"name\":\"Canad\u00e1 acaba de adherirse a tres tratados de la OMPI\"}]},{\"@type\":\"WebSite\",\"@id\":\"https:\/\/www.abrilabogados.com\/en\/#website\",\"url\":\"https:\/\/www.abrilabogados.com\/en\/\",\"name\":\"Abril Abogados\",\"description\":\"\",\"potentialAction\":[{\"@type\":\"SearchAction\",\"target\":{\"@type\":\"EntryPoint\",\"urlTemplate\":\"https:\/\/www.abrilabogados.com\/en\/?s={search_term_string}\"},\"query-input\":{\"@type\":\"PropertyValueSpecification\",\"valueRequired\":true,\"valueName\":\"search_term_string\"}}],\"inLanguage\":\"en-US\"},{\"@type\":\"Person\",\"@id\":\"https:\/\/www.abrilabogados.com\/en\/#\/schema\/person\/750a358f28e46d5003b31222bddd9ed8\",\"name\":\"admin\",\"image\":{\"@type\":\"ImageObject\",\"inLanguage\":\"en-US\",\"@id\":\"https:\/\/www.abrilabogados.com\/en\/#\/schema\/person\/image\/\",\"url\":\"https:\/\/secure.gravatar.com\/avatar\/52d6bc19e862502e6ff2f700f23c607b54491a2d4a05fc0f2a79b8077f4bc25c?s=96&d=mm&r=g\",\"contentUrl\":\"https:\/\/secure.gravatar.com\/avatar\/52d6bc19e862502e6ff2f700f23c607b54491a2d4a05fc0f2a79b8077f4bc25c?s=96&d=mm&r=g\",\"caption\":\"admin\"},\"sameAs\":[\"https:\/\/www.abrilabogados.com\"],\"url\":\"https:\/\/www.abrilabogados.com\/en\/noticias\/author\/charly_wpadmin\/\"}]}<\/script>\n<!-- \/ Yoast SEO plugin. -->","yoast_head_json":{"title":"Canad\u00e1 acaba de adherirse a tres tratados de la OMPI - Abril Abogados","robots":{"index":"index","follow":"follow","max-snippet":"max-snippet:-1","max-image-preview":"max-image-preview:large","max-video-preview":"max-video-preview:-1"},"canonical":"https:\/\/www.abrilabogados.com\/en\/noticias\/canada-acaba-de-adherirse-a-tres-tratados-de-la-ompi\/","og_locale":"en_US","og_type":"article","og_title":"Canad\u00e1 acaba de adherirse a tres tratados de la OMPI - Abril Abogados","og_description":"Canad\u00e1 acaba de adherirse a tres tratados de la OMPI\u00a0que promueven la utilizaci\u00f3n de las marcas en todo el mundo. Se trata del Protocolo de Madrid, el Arreglo de Niza...","og_url":"https:\/\/www.abrilabogados.com\/en\/noticias\/canada-acaba-de-adherirse-a-tres-tratados-de-la-ompi\/","og_site_name":"Abril Abogados","article_published_time":"2019-03-19T23:00:00+00:00","article_modified_time":"2026-04-23T20:23:56+00:00","author":"admin","twitter_card":"summary_large_image","twitter_misc":{"Written by":"admin","Est. reading time":"1 minute"},"schema":{"@context":"https:\/\/schema.org","@graph":[{"@type":"WebPage","@id":"https:\/\/www.abrilabogados.com\/en\/noticias\/canada-acaba-de-adherirse-a-tres-tratados-de-la-ompi\/","url":"https:\/\/www.abrilabogados.com\/en\/noticias\/canada-acaba-de-adherirse-a-tres-tratados-de-la-ompi\/","name":"Canad\u00e1 acaba de adherirse a tres tratados de la OMPI - Abril Abogados","isPartOf":{"@id":"https:\/\/www.abrilabogados.com\/en\/#website"},"datePublished":"2019-03-19T23:00:00+00:00","dateModified":"2026-04-23T20:23:56+00:00","author":{"@id":"https:\/\/www.abrilabogados.com\/en\/#\/schema\/person\/750a358f28e46d5003b31222bddd9ed8"},"breadcrumb":{"@id":"https:\/\/www.abrilabogados.com\/en\/noticias\/canada-acaba-de-adherirse-a-tres-tratados-de-la-ompi\/#breadcrumb"},"inLanguage":"en-US","potentialAction":[{"@type":"ReadAction","target":["https:\/\/www.abrilabogados.com\/en\/noticias\/canada-acaba-de-adherirse-a-tres-tratados-de-la-ompi\/"]}]},{"@type":"BreadcrumbList","@id":"https:\/\/www.abrilabogados.com\/en\/noticias\/canada-acaba-de-adherirse-a-tres-tratados-de-la-ompi\/#breadcrumb","itemListElement":[{"@type":"ListItem","position":1,"name":"Abril Abogados News","item":"\/en\/noticias\/"},{"@type":"ListItem","position":2,"name":"Canad\u00e1 acaba de adherirse a tres tratados de la OMPI"}]},{"@type":"WebSite","@id":"https:\/\/www.abrilabogados.com\/en\/#website","url":"https:\/\/www.abrilabogados.com\/en\/","name":"Abril Abogados","description":"","potentialAction":[{"@type":"SearchAction","target":{"@type":"EntryPoint","urlTemplate":"https:\/\/www.abrilabogados.com\/en\/?s={search_term_string}"},"query-input":{"@type":"PropertyValueSpecification","valueRequired":true,"valueName":"search_term_string"}}],"inLanguage":"en-US"},{"@type":"Person","@id":"https:\/\/www.abrilabogados.com\/en\/#\/schema\/person\/750a358f28e46d5003b31222bddd9ed8","name":"admin","image":{"@type":"ImageObject","inLanguage":"en-US","@id":"https:\/\/www.abrilabogados.com\/en\/#\/schema\/person\/image\/","url":"https:\/\/secure.gravatar.com\/avatar\/52d6bc19e862502e6ff2f700f23c607b54491a2d4a05fc0f2a79b8077f4bc25c?s=96&d=mm&r=g","contentUrl":"https:\/\/secure.gravatar.com\/avatar\/52d6bc19e862502e6ff2f700f23c607b54491a2d4a05fc0f2a79b8077f4bc25c?s=96&d=mm&r=g","caption":"admin"},"sameAs":["https:\/\/www.abrilabogados.com"],"url":"https:\/\/www.abrilabogados.com\/en\/noticias\/author\/charly_wpadmin\/"}]}},"_links":{"self":[{"href":"https:\/\/www.abrilabogados.com\/en\/wp-json\/wp\/v2\/posts\/1328","targetHints":{"allow":["GET"]}}],"collection":[{"href":"https:\/\/www.abrilabogados.com\/en\/wp-json\/wp\/v2\/posts"}],"about":[{"href":"https:\/\/www.abrilabogados.com\/en\/wp-json\/wp\/v2\/types\/post"}],"author":[{"embeddable":true,"href":"https:\/\/www.abrilabogados.com\/en\/wp-json\/wp\/v2\/users\/1"}],"replies":[{"embeddable":true,"href":"https:\/\/www.abrilabogados.com\/en\/wp-json\/wp\/v2\/comments?post=1328"}],"version-history":[{"count":1,"href":"https:\/\/www.abrilabogados.com\/en\/wp-json\/wp\/v2\/posts\/1328\/revisions"}],"predecessor-version":[{"id":3892,"href":"https:\/\/www.abrilabogados.com\/en\/wp-json\/wp\/v2\/posts\/1328\/revisions\/3892"}],"wp:attachment":[{"href":"https:\/\/www.abrilabogados.com\/en\/wp-json\/wp\/v2\/media?parent=1328"}],"wp:term":[{"taxonomy":"category","embeddable":true,"href":"https:\/\/www.abrilabogados.com\/en\/wp-json\/wp\/v2\/categories?post=1328"},{"taxonomy":"post_tag","embeddable":true,"href":"https:\/\/www.abrilabogados.com\/en\/wp-json\/wp\/v2\/tags?post=1328"},{"taxonomy":"sector_noticias","embeddable":true,"href":"https:\/\/www.abrilabogados.com\/en\/wp-json\/wp\/v2\/sector_noticias?post=1328"}],"curies":[{"name":"wp","href":"https:\/\/api.w.org\/{rel}","templated":true}]}}