{"id":1338,"date":"2019-05-13T00:00:00","date_gmt":"2019-05-12T22:00:00","guid":{"rendered":"https:\/\/www.abrilabogados.com\/seguridad-en-la-nube-y-proteccion-de-datos\/"},"modified":"2026-04-23T22:24:06","modified_gmt":"2026-04-23T20:24:06","slug":"seguridad-en-la-nube-y-proteccion-de-datos","status":"publish","type":"post","link":"https:\/\/www.abrilabogados.com\/en\/noticias\/seguridad-en-la-nube-y-proteccion-de-datos\/","title":{"rendered":"Seguridad en la nube y Protecci\u00f3n de Datos, curso de Ignacio Temi\u00f1o"},"content":{"rendered":"<p style=\"text-align: justify;\">El socio de Abril Abogados, Ignacio Temi\u00f1o Ceniceros, impartir\u00e1 en el ICAM el pr\u00f3ximo 28 de mayo el curso &#8220;Seguridad en la nube y Protecci\u00f3n de Datos&#8221;.<\/p>\n<p><!--more--><\/p>\n<p style=\"text-align: justify;\">Entre otros temas, se debatir\u00e1n los problemas jur\u00eddicos que un responsable de tratamiento puede encontrarse al contratar un servicio de almacenamiento en la nube\u00a0y qu\u00e9 par\u00e1metros deben tenerse en cuenta a la hora de elegir un proveedor.<\/p>\n<p style=\"text-align: justify;\">No ser\u00e1 la \u00fanica sesi\u00f3n que se realizar\u00e1 sobre este curso por parte de nuestros profesionales, as\u00ed que habr\u00e1 que estar atentos a nuevas fechas.<\/p>\n<p style=\"text-align: justify;\">M\u00e1s informaci\u00f3n e inscripciones al curso <span style=\"color: #c72828;\"><a style=\"color: #c72828;\" href=\"https:\/\/formacion.icam.es\/\">aqu\u00ed<\/a><\/span>.<\/p>\n","protected":false},"excerpt":{"rendered":"<p>El socio de Abril Abogados, Ignacio Temi\u00f1o Ceniceros, impartir\u00e1 en el ICAM el pr\u00f3ximo 28 de mayo el curso &#8220;Seguridad en la nube y Protecci\u00f3n de Datos&#8221;.<\/p>\n","protected":false},"author":1,"featured_media":0,"comment_status":"closed","ping_status":"open","sticky":false,"template":"","format":"standard","meta":{"_acf_changed":false,"footnotes":""},"categories":[12],"tags":[],"sector_noticias":[],"class_list":{"0":"post-1338","1":"post","2":"type-post","3":"status-publish","4":"format-standard","6":"category-noticias"},"acf":[],"yoast_head":"<!-- This site is optimized with the Yoast SEO plugin v26.4 - https:\/\/yoast.com\/wordpress\/plugins\/seo\/ -->\n<title>Seguridad en la nube y Protecci\u00f3n de Datos, curso de Ignacio Temi\u00f1o - Abril Abogados<\/title>\n<meta name=\"robots\" content=\"index, follow, max-snippet:-1, max-image-preview:large, max-video-preview:-1\" \/>\n<link rel=\"canonical\" href=\"https:\/\/www.abrilabogados.com\/en\/noticias\/seguridad-en-la-nube-y-proteccion-de-datos\/\" \/>\n<meta property=\"og:locale\" content=\"en_US\" \/>\n<meta property=\"og:type\" content=\"article\" \/>\n<meta property=\"og:title\" content=\"Seguridad en la nube y Protecci\u00f3n de Datos, curso de Ignacio Temi\u00f1o - Abril Abogados\" \/>\n<meta property=\"og:description\" content=\"El socio de Abril Abogados, Ignacio Temi\u00f1o Ceniceros, impartir\u00e1 en el ICAM el pr\u00f3ximo 28 de mayo el curso &#8220;Seguridad en la nube y Protecci\u00f3n de Datos&#8221;.\" \/>\n<meta property=\"og:url\" content=\"https:\/\/www.abrilabogados.com\/en\/noticias\/seguridad-en-la-nube-y-proteccion-de-datos\/\" \/>\n<meta property=\"og:site_name\" content=\"Abril Abogados\" \/>\n<meta property=\"article:published_time\" content=\"2019-05-12T22:00:00+00:00\" \/>\n<meta property=\"article:modified_time\" content=\"2026-04-23T20:24:06+00:00\" \/>\n<meta name=\"author\" content=\"admin\" \/>\n<meta name=\"twitter:card\" content=\"summary_large_image\" \/>\n<meta name=\"twitter:label1\" content=\"Written by\" \/>\n\t<meta name=\"twitter:data1\" content=\"admin\" \/>\n\t<meta name=\"twitter:label2\" content=\"Est. reading time\" \/>\n\t<meta name=\"twitter:data2\" content=\"1 minute\" \/>\n<script type=\"application\/ld+json\" class=\"yoast-schema-graph\">{\"@context\":\"https:\/\/schema.org\",\"@graph\":[{\"@type\":\"WebPage\",\"@id\":\"https:\/\/www.abrilabogados.com\/en\/noticias\/seguridad-en-la-nube-y-proteccion-de-datos\/\",\"url\":\"https:\/\/www.abrilabogados.com\/en\/noticias\/seguridad-en-la-nube-y-proteccion-de-datos\/\",\"name\":\"Seguridad en la nube y Protecci\u00f3n de Datos, curso de Ignacio Temi\u00f1o - Abril Abogados\",\"isPartOf\":{\"@id\":\"https:\/\/www.abrilabogados.com\/en\/#website\"},\"datePublished\":\"2019-05-12T22:00:00+00:00\",\"dateModified\":\"2026-04-23T20:24:06+00:00\",\"author\":{\"@id\":\"https:\/\/www.abrilabogados.com\/en\/#\/schema\/person\/750a358f28e46d5003b31222bddd9ed8\"},\"breadcrumb\":{\"@id\":\"https:\/\/www.abrilabogados.com\/en\/noticias\/seguridad-en-la-nube-y-proteccion-de-datos\/#breadcrumb\"},\"inLanguage\":\"en-US\",\"potentialAction\":[{\"@type\":\"ReadAction\",\"target\":[\"https:\/\/www.abrilabogados.com\/en\/noticias\/seguridad-en-la-nube-y-proteccion-de-datos\/\"]}]},{\"@type\":\"BreadcrumbList\",\"@id\":\"https:\/\/www.abrilabogados.com\/en\/noticias\/seguridad-en-la-nube-y-proteccion-de-datos\/#breadcrumb\",\"itemListElement\":[{\"@type\":\"ListItem\",\"position\":1,\"name\":\"Abril Abogados News\",\"item\":\"\/en\/noticias\/\"},{\"@type\":\"ListItem\",\"position\":2,\"name\":\"Seguridad en la nube y Protecci\u00f3n de Datos, curso de Ignacio Temi\u00f1o\"}]},{\"@type\":\"WebSite\",\"@id\":\"https:\/\/www.abrilabogados.com\/en\/#website\",\"url\":\"https:\/\/www.abrilabogados.com\/en\/\",\"name\":\"Abril Abogados\",\"description\":\"\",\"potentialAction\":[{\"@type\":\"SearchAction\",\"target\":{\"@type\":\"EntryPoint\",\"urlTemplate\":\"https:\/\/www.abrilabogados.com\/en\/?s={search_term_string}\"},\"query-input\":{\"@type\":\"PropertyValueSpecification\",\"valueRequired\":true,\"valueName\":\"search_term_string\"}}],\"inLanguage\":\"en-US\"},{\"@type\":\"Person\",\"@id\":\"https:\/\/www.abrilabogados.com\/en\/#\/schema\/person\/750a358f28e46d5003b31222bddd9ed8\",\"name\":\"admin\",\"image\":{\"@type\":\"ImageObject\",\"inLanguage\":\"en-US\",\"@id\":\"https:\/\/www.abrilabogados.com\/en\/#\/schema\/person\/image\/\",\"url\":\"https:\/\/secure.gravatar.com\/avatar\/52d6bc19e862502e6ff2f700f23c607b54491a2d4a05fc0f2a79b8077f4bc25c?s=96&d=mm&r=g\",\"contentUrl\":\"https:\/\/secure.gravatar.com\/avatar\/52d6bc19e862502e6ff2f700f23c607b54491a2d4a05fc0f2a79b8077f4bc25c?s=96&d=mm&r=g\",\"caption\":\"admin\"},\"sameAs\":[\"https:\/\/www.abrilabogados.com\"],\"url\":\"https:\/\/www.abrilabogados.com\/en\/noticias\/author\/charly_wpadmin\/\"}]}<\/script>\n<!-- \/ Yoast SEO plugin. -->","yoast_head_json":{"title":"Seguridad en la nube y Protecci\u00f3n de Datos, curso de Ignacio Temi\u00f1o - Abril Abogados","robots":{"index":"index","follow":"follow","max-snippet":"max-snippet:-1","max-image-preview":"max-image-preview:large","max-video-preview":"max-video-preview:-1"},"canonical":"https:\/\/www.abrilabogados.com\/en\/noticias\/seguridad-en-la-nube-y-proteccion-de-datos\/","og_locale":"en_US","og_type":"article","og_title":"Seguridad en la nube y Protecci\u00f3n de Datos, curso de Ignacio Temi\u00f1o - Abril Abogados","og_description":"El socio de Abril Abogados, Ignacio Temi\u00f1o Ceniceros, impartir\u00e1 en el ICAM el pr\u00f3ximo 28 de mayo el curso &#8220;Seguridad en la nube y Protecci\u00f3n de Datos&#8221;.","og_url":"https:\/\/www.abrilabogados.com\/en\/noticias\/seguridad-en-la-nube-y-proteccion-de-datos\/","og_site_name":"Abril Abogados","article_published_time":"2019-05-12T22:00:00+00:00","article_modified_time":"2026-04-23T20:24:06+00:00","author":"admin","twitter_card":"summary_large_image","twitter_misc":{"Written by":"admin","Est. reading time":"1 minute"},"schema":{"@context":"https:\/\/schema.org","@graph":[{"@type":"WebPage","@id":"https:\/\/www.abrilabogados.com\/en\/noticias\/seguridad-en-la-nube-y-proteccion-de-datos\/","url":"https:\/\/www.abrilabogados.com\/en\/noticias\/seguridad-en-la-nube-y-proteccion-de-datos\/","name":"Seguridad en la nube y Protecci\u00f3n de Datos, curso de Ignacio Temi\u00f1o - Abril Abogados","isPartOf":{"@id":"https:\/\/www.abrilabogados.com\/en\/#website"},"datePublished":"2019-05-12T22:00:00+00:00","dateModified":"2026-04-23T20:24:06+00:00","author":{"@id":"https:\/\/www.abrilabogados.com\/en\/#\/schema\/person\/750a358f28e46d5003b31222bddd9ed8"},"breadcrumb":{"@id":"https:\/\/www.abrilabogados.com\/en\/noticias\/seguridad-en-la-nube-y-proteccion-de-datos\/#breadcrumb"},"inLanguage":"en-US","potentialAction":[{"@type":"ReadAction","target":["https:\/\/www.abrilabogados.com\/en\/noticias\/seguridad-en-la-nube-y-proteccion-de-datos\/"]}]},{"@type":"BreadcrumbList","@id":"https:\/\/www.abrilabogados.com\/en\/noticias\/seguridad-en-la-nube-y-proteccion-de-datos\/#breadcrumb","itemListElement":[{"@type":"ListItem","position":1,"name":"Abril Abogados News","item":"\/en\/noticias\/"},{"@type":"ListItem","position":2,"name":"Seguridad en la nube y Protecci\u00f3n de Datos, curso de Ignacio Temi\u00f1o"}]},{"@type":"WebSite","@id":"https:\/\/www.abrilabogados.com\/en\/#website","url":"https:\/\/www.abrilabogados.com\/en\/","name":"Abril Abogados","description":"","potentialAction":[{"@type":"SearchAction","target":{"@type":"EntryPoint","urlTemplate":"https:\/\/www.abrilabogados.com\/en\/?s={search_term_string}"},"query-input":{"@type":"PropertyValueSpecification","valueRequired":true,"valueName":"search_term_string"}}],"inLanguage":"en-US"},{"@type":"Person","@id":"https:\/\/www.abrilabogados.com\/en\/#\/schema\/person\/750a358f28e46d5003b31222bddd9ed8","name":"admin","image":{"@type":"ImageObject","inLanguage":"en-US","@id":"https:\/\/www.abrilabogados.com\/en\/#\/schema\/person\/image\/","url":"https:\/\/secure.gravatar.com\/avatar\/52d6bc19e862502e6ff2f700f23c607b54491a2d4a05fc0f2a79b8077f4bc25c?s=96&d=mm&r=g","contentUrl":"https:\/\/secure.gravatar.com\/avatar\/52d6bc19e862502e6ff2f700f23c607b54491a2d4a05fc0f2a79b8077f4bc25c?s=96&d=mm&r=g","caption":"admin"},"sameAs":["https:\/\/www.abrilabogados.com"],"url":"https:\/\/www.abrilabogados.com\/en\/noticias\/author\/charly_wpadmin\/"}]}},"_links":{"self":[{"href":"https:\/\/www.abrilabogados.com\/en\/wp-json\/wp\/v2\/posts\/1338","targetHints":{"allow":["GET"]}}],"collection":[{"href":"https:\/\/www.abrilabogados.com\/en\/wp-json\/wp\/v2\/posts"}],"about":[{"href":"https:\/\/www.abrilabogados.com\/en\/wp-json\/wp\/v2\/types\/post"}],"author":[{"embeddable":true,"href":"https:\/\/www.abrilabogados.com\/en\/wp-json\/wp\/v2\/users\/1"}],"replies":[{"embeddable":true,"href":"https:\/\/www.abrilabogados.com\/en\/wp-json\/wp\/v2\/comments?post=1338"}],"version-history":[{"count":1,"href":"https:\/\/www.abrilabogados.com\/en\/wp-json\/wp\/v2\/posts\/1338\/revisions"}],"predecessor-version":[{"id":3897,"href":"https:\/\/www.abrilabogados.com\/en\/wp-json\/wp\/v2\/posts\/1338\/revisions\/3897"}],"wp:attachment":[{"href":"https:\/\/www.abrilabogados.com\/en\/wp-json\/wp\/v2\/media?parent=1338"}],"wp:term":[{"taxonomy":"category","embeddable":true,"href":"https:\/\/www.abrilabogados.com\/en\/wp-json\/wp\/v2\/categories?post=1338"},{"taxonomy":"post_tag","embeddable":true,"href":"https:\/\/www.abrilabogados.com\/en\/wp-json\/wp\/v2\/tags?post=1338"},{"taxonomy":"sector_noticias","embeddable":true,"href":"https:\/\/www.abrilabogados.com\/en\/wp-json\/wp\/v2\/sector_noticias?post=1338"}],"curies":[{"name":"wp","href":"https:\/\/api.w.org\/{rel}","templated":true}]}}