{"id":1348,"date":"2019-06-20T00:00:00","date_gmt":"2019-06-19T22:00:00","guid":{"rendered":"https:\/\/www.abrilabogados.com\/curso-de-seguridad-en-la-nube-y-proteccion-de-datos\/"},"modified":"2026-04-23T22:24:17","modified_gmt":"2026-04-23T20:24:17","slug":"curso-de-seguridad-en-la-nube-y-proteccion-de-datos","status":"publish","type":"post","link":"https:\/\/www.abrilabogados.com\/en\/noticias\/curso-de-seguridad-en-la-nube-y-proteccion-de-datos\/","title":{"rendered":"Curso de Seguridad en la Nube y Protecci\u00f3n de Datos"},"content":{"rendered":"<p style=\"text-align: justify;\">Abril Abogados organiza y participa, en colaboraci\u00f3n con el Centro de Estudios del Ilustre Colegio de Abogados de Madrid, en el curso &#8220;Seguridad en la Nube y Protecci\u00f3n de Datos&#8221;, que tendr\u00e1 lugar el pr\u00f3ximo viernes 21 de junio, de 13:00 a 15:00.<\/p>\n<p><!--more--><\/p>\n<p style=\"text-align: justify;\">Ignacio Temi\u00f1o Ceniceros, Socio de Abril Abogados, junto con Alejandra Messeguer y Sof\u00eda Ya\u00f1ez,\u00a0Abogadas del Departamento de Nuevas Tecnolog\u00edas de Abril Abogados, impartir\u00e1n \u00e9ste curso\u00a0en el que se analizar\u00e1n los problemas jur\u00eddicos que un responsable de tratamiento puede encontrarse al contratar un servicio de almacenamiento en la nube (falta de confidencialidad, seguridad, fuga o p\u00e9rdida de control de sus datos) y qu\u00e9 par\u00e1metros deben tenerse en cuenta a la hora de elegir un proveedor y evitar las mencionadas amenazas (cumplimiento normativo, ubicaci\u00f3n de los centros de datos, procesos de recuperaci\u00f3n de datos y otras medidas de seguridad.<\/p>\n<p style=\"text-align: justify;\">Este curso ya se imparti\u00f3 el pasado mes de mayo con una gran acogida por parte de los usuarios que asistieron al mismo. As\u00ed que esperamos que para esta nueva edici\u00f3n el resultado sea como m\u00ednimo el mismo. Os esperamos.<\/p>\n<p>M\u00e1s informaci\u00f3n e inscripciones <a href=\"https:\/\/formacion.icam.es\/\">aqu\u00ed<\/a>.<\/p>\n","protected":false},"excerpt":{"rendered":"<p>Abril Abogados organiza y participa, en colaboraci\u00f3n con el Centro de Estudios del Ilustre Colegio de Abogados de Madrid, en el curso &#8220;Seguridad en la Nube y Protecci\u00f3n de Datos&#8221;,&#8230;<\/p>\n","protected":false},"author":1,"featured_media":0,"comment_status":"closed","ping_status":"open","sticky":false,"template":"","format":"standard","meta":{"_acf_changed":false,"footnotes":""},"categories":[12],"tags":[],"sector_noticias":[],"class_list":{"0":"post-1348","1":"post","2":"type-post","3":"status-publish","4":"format-standard","6":"category-noticias"},"acf":[],"yoast_head":"<!-- This site is optimized with the Yoast SEO plugin v26.4 - https:\/\/yoast.com\/wordpress\/plugins\/seo\/ -->\n<title>Curso de Seguridad en la Nube y Protecci\u00f3n de Datos - Abril Abogados<\/title>\n<meta name=\"robots\" content=\"index, follow, max-snippet:-1, max-image-preview:large, max-video-preview:-1\" \/>\n<link rel=\"canonical\" href=\"https:\/\/www.abrilabogados.com\/en\/noticias\/curso-de-seguridad-en-la-nube-y-proteccion-de-datos\/\" \/>\n<meta property=\"og:locale\" content=\"en_US\" \/>\n<meta property=\"og:type\" content=\"article\" \/>\n<meta property=\"og:title\" content=\"Curso de Seguridad en la Nube y Protecci\u00f3n de Datos - Abril Abogados\" \/>\n<meta property=\"og:description\" content=\"Abril Abogados organiza y participa, en colaboraci\u00f3n con el Centro de Estudios del Ilustre Colegio de Abogados de Madrid, en el curso &#8220;Seguridad en la Nube y Protecci\u00f3n de Datos&#8221;,...\" \/>\n<meta property=\"og:url\" content=\"https:\/\/www.abrilabogados.com\/en\/noticias\/curso-de-seguridad-en-la-nube-y-proteccion-de-datos\/\" \/>\n<meta property=\"og:site_name\" content=\"Abril Abogados\" \/>\n<meta property=\"article:published_time\" content=\"2019-06-19T22:00:00+00:00\" \/>\n<meta property=\"article:modified_time\" content=\"2026-04-23T20:24:17+00:00\" \/>\n<meta name=\"author\" content=\"admin\" \/>\n<meta name=\"twitter:card\" content=\"summary_large_image\" \/>\n<meta name=\"twitter:label1\" content=\"Written by\" \/>\n\t<meta name=\"twitter:data1\" content=\"admin\" \/>\n\t<meta name=\"twitter:label2\" content=\"Est. reading time\" \/>\n\t<meta name=\"twitter:data2\" content=\"1 minute\" \/>\n<script type=\"application\/ld+json\" class=\"yoast-schema-graph\">{\"@context\":\"https:\/\/schema.org\",\"@graph\":[{\"@type\":\"WebPage\",\"@id\":\"https:\/\/www.abrilabogados.com\/en\/noticias\/curso-de-seguridad-en-la-nube-y-proteccion-de-datos\/\",\"url\":\"https:\/\/www.abrilabogados.com\/en\/noticias\/curso-de-seguridad-en-la-nube-y-proteccion-de-datos\/\",\"name\":\"Curso de Seguridad en la Nube y Protecci\u00f3n de Datos - Abril Abogados\",\"isPartOf\":{\"@id\":\"https:\/\/www.abrilabogados.com\/en\/#website\"},\"datePublished\":\"2019-06-19T22:00:00+00:00\",\"dateModified\":\"2026-04-23T20:24:17+00:00\",\"author\":{\"@id\":\"https:\/\/www.abrilabogados.com\/en\/#\/schema\/person\/750a358f28e46d5003b31222bddd9ed8\"},\"breadcrumb\":{\"@id\":\"https:\/\/www.abrilabogados.com\/en\/noticias\/curso-de-seguridad-en-la-nube-y-proteccion-de-datos\/#breadcrumb\"},\"inLanguage\":\"en-US\",\"potentialAction\":[{\"@type\":\"ReadAction\",\"target\":[\"https:\/\/www.abrilabogados.com\/en\/noticias\/curso-de-seguridad-en-la-nube-y-proteccion-de-datos\/\"]}]},{\"@type\":\"BreadcrumbList\",\"@id\":\"https:\/\/www.abrilabogados.com\/en\/noticias\/curso-de-seguridad-en-la-nube-y-proteccion-de-datos\/#breadcrumb\",\"itemListElement\":[{\"@type\":\"ListItem\",\"position\":1,\"name\":\"Abril Abogados News\",\"item\":\"\/en\/noticias\/\"},{\"@type\":\"ListItem\",\"position\":2,\"name\":\"Curso de Seguridad en la Nube y Protecci\u00f3n de Datos\"}]},{\"@type\":\"WebSite\",\"@id\":\"https:\/\/www.abrilabogados.com\/en\/#website\",\"url\":\"https:\/\/www.abrilabogados.com\/en\/\",\"name\":\"Abril Abogados\",\"description\":\"\",\"potentialAction\":[{\"@type\":\"SearchAction\",\"target\":{\"@type\":\"EntryPoint\",\"urlTemplate\":\"https:\/\/www.abrilabogados.com\/en\/?s={search_term_string}\"},\"query-input\":{\"@type\":\"PropertyValueSpecification\",\"valueRequired\":true,\"valueName\":\"search_term_string\"}}],\"inLanguage\":\"en-US\"},{\"@type\":\"Person\",\"@id\":\"https:\/\/www.abrilabogados.com\/en\/#\/schema\/person\/750a358f28e46d5003b31222bddd9ed8\",\"name\":\"admin\",\"image\":{\"@type\":\"ImageObject\",\"inLanguage\":\"en-US\",\"@id\":\"https:\/\/www.abrilabogados.com\/en\/#\/schema\/person\/image\/\",\"url\":\"https:\/\/secure.gravatar.com\/avatar\/52d6bc19e862502e6ff2f700f23c607b54491a2d4a05fc0f2a79b8077f4bc25c?s=96&d=mm&r=g\",\"contentUrl\":\"https:\/\/secure.gravatar.com\/avatar\/52d6bc19e862502e6ff2f700f23c607b54491a2d4a05fc0f2a79b8077f4bc25c?s=96&d=mm&r=g\",\"caption\":\"admin\"},\"sameAs\":[\"https:\/\/www.abrilabogados.com\"],\"url\":\"https:\/\/www.abrilabogados.com\/en\/noticias\/author\/charly_wpadmin\/\"}]}<\/script>\n<!-- \/ Yoast SEO plugin. -->","yoast_head_json":{"title":"Curso de Seguridad en la Nube y Protecci\u00f3n de Datos - Abril Abogados","robots":{"index":"index","follow":"follow","max-snippet":"max-snippet:-1","max-image-preview":"max-image-preview:large","max-video-preview":"max-video-preview:-1"},"canonical":"https:\/\/www.abrilabogados.com\/en\/noticias\/curso-de-seguridad-en-la-nube-y-proteccion-de-datos\/","og_locale":"en_US","og_type":"article","og_title":"Curso de Seguridad en la Nube y Protecci\u00f3n de Datos - Abril Abogados","og_description":"Abril Abogados organiza y participa, en colaboraci\u00f3n con el Centro de Estudios del Ilustre Colegio de Abogados de Madrid, en el curso &#8220;Seguridad en la Nube y Protecci\u00f3n de Datos&#8221;,...","og_url":"https:\/\/www.abrilabogados.com\/en\/noticias\/curso-de-seguridad-en-la-nube-y-proteccion-de-datos\/","og_site_name":"Abril Abogados","article_published_time":"2019-06-19T22:00:00+00:00","article_modified_time":"2026-04-23T20:24:17+00:00","author":"admin","twitter_card":"summary_large_image","twitter_misc":{"Written by":"admin","Est. reading time":"1 minute"},"schema":{"@context":"https:\/\/schema.org","@graph":[{"@type":"WebPage","@id":"https:\/\/www.abrilabogados.com\/en\/noticias\/curso-de-seguridad-en-la-nube-y-proteccion-de-datos\/","url":"https:\/\/www.abrilabogados.com\/en\/noticias\/curso-de-seguridad-en-la-nube-y-proteccion-de-datos\/","name":"Curso de Seguridad en la Nube y Protecci\u00f3n de Datos - Abril Abogados","isPartOf":{"@id":"https:\/\/www.abrilabogados.com\/en\/#website"},"datePublished":"2019-06-19T22:00:00+00:00","dateModified":"2026-04-23T20:24:17+00:00","author":{"@id":"https:\/\/www.abrilabogados.com\/en\/#\/schema\/person\/750a358f28e46d5003b31222bddd9ed8"},"breadcrumb":{"@id":"https:\/\/www.abrilabogados.com\/en\/noticias\/curso-de-seguridad-en-la-nube-y-proteccion-de-datos\/#breadcrumb"},"inLanguage":"en-US","potentialAction":[{"@type":"ReadAction","target":["https:\/\/www.abrilabogados.com\/en\/noticias\/curso-de-seguridad-en-la-nube-y-proteccion-de-datos\/"]}]},{"@type":"BreadcrumbList","@id":"https:\/\/www.abrilabogados.com\/en\/noticias\/curso-de-seguridad-en-la-nube-y-proteccion-de-datos\/#breadcrumb","itemListElement":[{"@type":"ListItem","position":1,"name":"Abril Abogados News","item":"\/en\/noticias\/"},{"@type":"ListItem","position":2,"name":"Curso de Seguridad en la Nube y Protecci\u00f3n de Datos"}]},{"@type":"WebSite","@id":"https:\/\/www.abrilabogados.com\/en\/#website","url":"https:\/\/www.abrilabogados.com\/en\/","name":"Abril Abogados","description":"","potentialAction":[{"@type":"SearchAction","target":{"@type":"EntryPoint","urlTemplate":"https:\/\/www.abrilabogados.com\/en\/?s={search_term_string}"},"query-input":{"@type":"PropertyValueSpecification","valueRequired":true,"valueName":"search_term_string"}}],"inLanguage":"en-US"},{"@type":"Person","@id":"https:\/\/www.abrilabogados.com\/en\/#\/schema\/person\/750a358f28e46d5003b31222bddd9ed8","name":"admin","image":{"@type":"ImageObject","inLanguage":"en-US","@id":"https:\/\/www.abrilabogados.com\/en\/#\/schema\/person\/image\/","url":"https:\/\/secure.gravatar.com\/avatar\/52d6bc19e862502e6ff2f700f23c607b54491a2d4a05fc0f2a79b8077f4bc25c?s=96&d=mm&r=g","contentUrl":"https:\/\/secure.gravatar.com\/avatar\/52d6bc19e862502e6ff2f700f23c607b54491a2d4a05fc0f2a79b8077f4bc25c?s=96&d=mm&r=g","caption":"admin"},"sameAs":["https:\/\/www.abrilabogados.com"],"url":"https:\/\/www.abrilabogados.com\/en\/noticias\/author\/charly_wpadmin\/"}]}},"_links":{"self":[{"href":"https:\/\/www.abrilabogados.com\/en\/wp-json\/wp\/v2\/posts\/1348","targetHints":{"allow":["GET"]}}],"collection":[{"href":"https:\/\/www.abrilabogados.com\/en\/wp-json\/wp\/v2\/posts"}],"about":[{"href":"https:\/\/www.abrilabogados.com\/en\/wp-json\/wp\/v2\/types\/post"}],"author":[{"embeddable":true,"href":"https:\/\/www.abrilabogados.com\/en\/wp-json\/wp\/v2\/users\/1"}],"replies":[{"embeddable":true,"href":"https:\/\/www.abrilabogados.com\/en\/wp-json\/wp\/v2\/comments?post=1348"}],"version-history":[{"count":1,"href":"https:\/\/www.abrilabogados.com\/en\/wp-json\/wp\/v2\/posts\/1348\/revisions"}],"predecessor-version":[{"id":3901,"href":"https:\/\/www.abrilabogados.com\/en\/wp-json\/wp\/v2\/posts\/1348\/revisions\/3901"}],"wp:attachment":[{"href":"https:\/\/www.abrilabogados.com\/en\/wp-json\/wp\/v2\/media?parent=1348"}],"wp:term":[{"taxonomy":"category","embeddable":true,"href":"https:\/\/www.abrilabogados.com\/en\/wp-json\/wp\/v2\/categories?post=1348"},{"taxonomy":"post_tag","embeddable":true,"href":"https:\/\/www.abrilabogados.com\/en\/wp-json\/wp\/v2\/tags?post=1348"},{"taxonomy":"sector_noticias","embeddable":true,"href":"https:\/\/www.abrilabogados.com\/en\/wp-json\/wp\/v2\/sector_noticias?post=1348"}],"curies":[{"name":"wp","href":"https:\/\/api.w.org\/{rel}","templated":true}]}}