{"id":1353,"date":"2019-09-10T00:00:00","date_gmt":"2019-09-09T22:00:00","guid":{"rendered":"https:\/\/www.abrilabogados.com\/la-aepd-publica-el-listado-de-tratamientos-de-datos-personales-en-los-que-no-es-obligatoria-la-realizacion-de-una-evaluacion-de-impacto\/"},"modified":"2026-04-23T22:24:21","modified_gmt":"2026-04-23T20:24:21","slug":"la-aepd-publica-el-listado-de-tratamientos-de-datos-personales-en-los-que-no-es-obligatoria-la-realizacion-de-una-evaluacion-de-impacto","status":"publish","type":"post","link":"https:\/\/www.abrilabogados.com\/noticias\/la-aepd-publica-el-listado-de-tratamientos-de-datos-personales-en-los-que-no-es-obligatoria-la-realizacion-de-una-evaluacion-de-impacto\/","title":{"rendered":"La AEPD publica el listado de tratamientos de datos personales en los que no es obligatoria la realizaci\u00f3n de una evaluaci\u00f3n de impacto."},"content":{"rendered":"<p>El art\u00edculo 35.1 del Reglamento General de Protecci\u00f3n de Datos (RGPD) recoge que las organizaciones que traten datos est\u00e1n obligadas a realizar una evaluaci\u00f3n de impacto antes de efectuar dichos tratamientos cuando sea probable que, en funci\u00f3n de su naturaleza, alcance, contexto o fines, entra\u00f1en un alto riesgo para los derechos y libertades de las personas.<\/p>\n<p><!--more--><\/p>\n<p>La Agencia Espa\u00f1ola de Protecci\u00f3n de Datos (AEPD) ha publicado el listado de tratamientos de datos personales en los que no es obligatoria la realizaci\u00f3n de una evaluaci\u00f3n de impacto, dando as\u00ed cumplimiento a lo dispuesto en el apartado 5 del mismo precepto legal, seg\u00fan el cual las autoridades de control podr\u00e1n publicar la lista de los tipos de tratamiento que no requieren una evaluaci\u00f3n de impacto. Puede consultar el listado en el siguiente enlace: <a href=\"https:\/\/www.aepd.es\/media\/guias\/ListasDPIA-35.5l.pdf\">https:\/\/www.aepd.es\/media\/guias\/ListasDPIA-35.5l.pdf<\/a><\/p>\n<p>Adem\u00e1s, tal y como exige el RGPD, la AEPD ha comunicado dicho listado al Comit\u00e9 Europeo de Protecci\u00f3n de Datos.<\/p>\n<p>Con anterioridad, la AEPD hab\u00eda publicado otra lista con aquellos tratamientos en los que s\u00ed es obligatorio llevar a cabo una evaluaci\u00f3n de impacto. Puede consultar el listado en el siguiente enlace: <a href=\"https:\/\/www.aepd.es\/media\/criterios\/listas-dpia-es-35-4.pdf\">https:\/\/www.aepd.es\/media\/criterios\/listas-dpia-es-35-4.pdf<\/a><\/p>\n","protected":false},"excerpt":{"rendered":"<p>El art\u00edculo 35.1 del Reglamento General de Protecci\u00f3n de Datos (RGPD) recoge que las organizaciones que traten datos est\u00e1n obligadas a realizar una evaluaci\u00f3n de impacto antes de efectuar dichos&#8230;<\/p>\n","protected":false},"author":1,"featured_media":0,"comment_status":"closed","ping_status":"open","sticky":false,"template":"","format":"standard","meta":{"_acf_changed":false,"footnotes":""},"categories":[12],"tags":[],"sector_noticias":[],"class_list":{"0":"post-1353","1":"post","2":"type-post","3":"status-publish","4":"format-standard","6":"category-noticias"},"acf":[],"yoast_head":"<!-- This site is optimized with the Yoast SEO plugin v27.5 - https:\/\/yoast.com\/product\/yoast-seo-wordpress\/ -->\n<title>La AEPD publica el listado de tratamientos de datos personales en los que no es obligatoria la realizaci\u00f3n de una evaluaci\u00f3n de impacto. - Abril Abogados<\/title>\n<meta name=\"robots\" content=\"index, follow, max-snippet:-1, max-image-preview:large, max-video-preview:-1\" \/>\n<link rel=\"canonical\" href=\"https:\/\/www.abrilabogados.com\/en\/noticias\/la-aepd-publica-el-listado-de-tratamientos-de-datos-personales-en-los-que-no-es-obligatoria-la-realizacion-de-una-evaluacion-de-impacto\/\" \/>\n<meta property=\"og:locale\" content=\"en_US\" \/>\n<meta property=\"og:type\" content=\"article\" \/>\n<meta property=\"og:title\" content=\"La AEPD publica el listado de tratamientos de datos personales en los que no es obligatoria la realizaci\u00f3n de una evaluaci\u00f3n de impacto. - Abril Abogados\" \/>\n<meta property=\"og:description\" content=\"El art\u00edculo 35.1 del Reglamento General de Protecci\u00f3n de Datos (RGPD) recoge que las organizaciones que traten datos est\u00e1n obligadas a realizar una evaluaci\u00f3n de impacto antes de efectuar dichos...\" \/>\n<meta property=\"og:url\" content=\"https:\/\/www.abrilabogados.com\/noticias\/la-aepd-publica-el-listado-de-tratamientos-de-datos-personales-en-los-que-no-es-obligatoria-la-realizacion-de-una-evaluacion-de-impacto\/\" \/>\n<meta property=\"og:site_name\" content=\"Abril Abogados\" \/>\n<meta property=\"article:published_time\" content=\"2019-09-09T22:00:00+00:00\" \/>\n<meta property=\"article:modified_time\" content=\"2026-04-23T20:24:21+00:00\" \/>\n<meta name=\"author\" content=\"admin\" \/>\n<meta name=\"twitter:card\" content=\"summary_large_image\" \/>\n<meta name=\"twitter:label1\" content=\"Written by\" \/>\n\t<meta name=\"twitter:data1\" content=\"admin\" \/>\n\t<meta name=\"twitter:label2\" content=\"Est. reading time\" \/>\n\t<meta name=\"twitter:data2\" content=\"1 minute\" \/>\n<script type=\"application\/ld+json\" class=\"yoast-schema-graph\">{\"@context\":\"https:\\\/\\\/schema.org\",\"@graph\":[{\"@type\":\"Article\",\"@id\":\"https:\\\/\\\/www.abrilabogados.com\\\/noticias\\\/la-aepd-publica-el-listado-de-tratamientos-de-datos-personales-en-los-que-no-es-obligatoria-la-realizacion-de-una-evaluacion-de-impacto\\\/#article\",\"isPartOf\":{\"@id\":\"https:\\\/\\\/www.abrilabogados.com\\\/noticias\\\/la-aepd-publica-el-listado-de-tratamientos-de-datos-personales-en-los-que-no-es-obligatoria-la-realizacion-de-una-evaluacion-de-impacto\\\/\"},\"author\":{\"name\":\"admin\",\"@id\":\"https:\\\/\\\/www.abrilabogados.com\\\/en\\\/#\\\/schema\\\/person\\\/750a358f28e46d5003b31222bddd9ed8\"},\"headline\":\"La AEPD publica el listado de tratamientos de datos personales en los que no es obligatoria la realizaci\u00f3n de una evaluaci\u00f3n de impacto.\",\"datePublished\":\"2019-09-09T22:00:00+00:00\",\"dateModified\":\"2026-04-23T20:24:21+00:00\",\"mainEntityOfPage\":{\"@id\":\"https:\\\/\\\/www.abrilabogados.com\\\/noticias\\\/la-aepd-publica-el-listado-de-tratamientos-de-datos-personales-en-los-que-no-es-obligatoria-la-realizacion-de-una-evaluacion-de-impacto\\\/\"},\"wordCount\":241,\"articleSection\":[\"noticias\"],\"inLanguage\":\"en-US\"},{\"@type\":\"WebPage\",\"@id\":\"https:\\\/\\\/www.abrilabogados.com\\\/noticias\\\/la-aepd-publica-el-listado-de-tratamientos-de-datos-personales-en-los-que-no-es-obligatoria-la-realizacion-de-una-evaluacion-de-impacto\\\/\",\"url\":\"https:\\\/\\\/www.abrilabogados.com\\\/noticias\\\/la-aepd-publica-el-listado-de-tratamientos-de-datos-personales-en-los-que-no-es-obligatoria-la-realizacion-de-una-evaluacion-de-impacto\\\/\",\"name\":\"La AEPD publica el listado de tratamientos de datos personales en los que no es obligatoria la realizaci\u00f3n de una evaluaci\u00f3n de impacto. - Abril Abogados\",\"isPartOf\":{\"@id\":\"https:\\\/\\\/www.abrilabogados.com\\\/en\\\/#website\"},\"datePublished\":\"2019-09-09T22:00:00+00:00\",\"dateModified\":\"2026-04-23T20:24:21+00:00\",\"author\":{\"@id\":\"https:\\\/\\\/www.abrilabogados.com\\\/en\\\/#\\\/schema\\\/person\\\/750a358f28e46d5003b31222bddd9ed8\"},\"breadcrumb\":{\"@id\":\"https:\\\/\\\/www.abrilabogados.com\\\/noticias\\\/la-aepd-publica-el-listado-de-tratamientos-de-datos-personales-en-los-que-no-es-obligatoria-la-realizacion-de-una-evaluacion-de-impacto\\\/#breadcrumb\"},\"inLanguage\":\"en-US\",\"potentialAction\":[{\"@type\":\"ReadAction\",\"target\":[\"https:\\\/\\\/www.abrilabogados.com\\\/noticias\\\/la-aepd-publica-el-listado-de-tratamientos-de-datos-personales-en-los-que-no-es-obligatoria-la-realizacion-de-una-evaluacion-de-impacto\\\/\"]}]},{\"@type\":\"BreadcrumbList\",\"@id\":\"https:\\\/\\\/www.abrilabogados.com\\\/noticias\\\/la-aepd-publica-el-listado-de-tratamientos-de-datos-personales-en-los-que-no-es-obligatoria-la-realizacion-de-una-evaluacion-de-impacto\\\/#breadcrumb\",\"itemListElement\":[{\"@type\":\"ListItem\",\"position\":1,\"name\":\"Abril Abogados News\",\"item\":\"\\\/en\\\/noticias\\\/\"},{\"@type\":\"ListItem\",\"position\":2,\"name\":\"La AEPD publica el listado de tratamientos de datos personales en los que no es obligatoria la realizaci\u00f3n de una evaluaci\u00f3n de impacto.\"}]},{\"@type\":\"WebSite\",\"@id\":\"https:\\\/\\\/www.abrilabogados.com\\\/en\\\/#website\",\"url\":\"https:\\\/\\\/www.abrilabogados.com\\\/en\\\/\",\"name\":\"Abril Abogados\",\"description\":\"\",\"potentialAction\":[{\"@type\":\"SearchAction\",\"target\":{\"@type\":\"EntryPoint\",\"urlTemplate\":\"https:\\\/\\\/www.abrilabogados.com\\\/en\\\/?s={search_term_string}\"},\"query-input\":{\"@type\":\"PropertyValueSpecification\",\"valueRequired\":true,\"valueName\":\"search_term_string\"}}],\"inLanguage\":\"en-US\"},{\"@type\":\"Person\",\"@id\":\"https:\\\/\\\/www.abrilabogados.com\\\/en\\\/#\\\/schema\\\/person\\\/750a358f28e46d5003b31222bddd9ed8\",\"name\":\"admin\",\"image\":{\"@type\":\"ImageObject\",\"inLanguage\":\"en-US\",\"@id\":\"https:\\\/\\\/secure.gravatar.com\\\/avatar\\\/52d6bc19e862502e6ff2f700f23c607b54491a2d4a05fc0f2a79b8077f4bc25c?s=96&d=mm&r=g\",\"url\":\"https:\\\/\\\/secure.gravatar.com\\\/avatar\\\/52d6bc19e862502e6ff2f700f23c607b54491a2d4a05fc0f2a79b8077f4bc25c?s=96&d=mm&r=g\",\"contentUrl\":\"https:\\\/\\\/secure.gravatar.com\\\/avatar\\\/52d6bc19e862502e6ff2f700f23c607b54491a2d4a05fc0f2a79b8077f4bc25c?s=96&d=mm&r=g\",\"caption\":\"admin\"},\"sameAs\":[\"https:\\\/\\\/www.abrilabogados.com\"]}]}<\/script>\n<!-- \/ Yoast SEO plugin. -->","yoast_head_json":{"title":"La AEPD publica el listado de tratamientos de datos personales en los que no es obligatoria la realizaci\u00f3n de una evaluaci\u00f3n de impacto. - Abril Abogados","robots":{"index":"index","follow":"follow","max-snippet":"max-snippet:-1","max-image-preview":"max-image-preview:large","max-video-preview":"max-video-preview:-1"},"canonical":"https:\/\/www.abrilabogados.com\/en\/noticias\/la-aepd-publica-el-listado-de-tratamientos-de-datos-personales-en-los-que-no-es-obligatoria-la-realizacion-de-una-evaluacion-de-impacto\/","og_locale":"en_US","og_type":"article","og_title":"La AEPD publica el listado de tratamientos de datos personales en los que no es obligatoria la realizaci\u00f3n de una evaluaci\u00f3n de impacto. - Abril Abogados","og_description":"El art\u00edculo 35.1 del Reglamento General de Protecci\u00f3n de Datos (RGPD) recoge que las organizaciones que traten datos est\u00e1n obligadas a realizar una evaluaci\u00f3n de impacto antes de efectuar dichos...","og_url":"https:\/\/www.abrilabogados.com\/noticias\/la-aepd-publica-el-listado-de-tratamientos-de-datos-personales-en-los-que-no-es-obligatoria-la-realizacion-de-una-evaluacion-de-impacto\/","og_site_name":"Abril Abogados","article_published_time":"2019-09-09T22:00:00+00:00","article_modified_time":"2026-04-23T20:24:21+00:00","author":"admin","twitter_card":"summary_large_image","twitter_misc":{"Written by":"admin","Est. reading time":"1 minute"},"schema":{"@context":"https:\/\/schema.org","@graph":[{"@type":"Article","@id":"https:\/\/www.abrilabogados.com\/noticias\/la-aepd-publica-el-listado-de-tratamientos-de-datos-personales-en-los-que-no-es-obligatoria-la-realizacion-de-una-evaluacion-de-impacto\/#article","isPartOf":{"@id":"https:\/\/www.abrilabogados.com\/noticias\/la-aepd-publica-el-listado-de-tratamientos-de-datos-personales-en-los-que-no-es-obligatoria-la-realizacion-de-una-evaluacion-de-impacto\/"},"author":{"name":"admin","@id":"https:\/\/www.abrilabogados.com\/en\/#\/schema\/person\/750a358f28e46d5003b31222bddd9ed8"},"headline":"La AEPD publica el listado de tratamientos de datos personales en los que no es obligatoria la realizaci\u00f3n de una evaluaci\u00f3n de impacto.","datePublished":"2019-09-09T22:00:00+00:00","dateModified":"2026-04-23T20:24:21+00:00","mainEntityOfPage":{"@id":"https:\/\/www.abrilabogados.com\/noticias\/la-aepd-publica-el-listado-de-tratamientos-de-datos-personales-en-los-que-no-es-obligatoria-la-realizacion-de-una-evaluacion-de-impacto\/"},"wordCount":241,"articleSection":["noticias"],"inLanguage":"en-US"},{"@type":"WebPage","@id":"https:\/\/www.abrilabogados.com\/noticias\/la-aepd-publica-el-listado-de-tratamientos-de-datos-personales-en-los-que-no-es-obligatoria-la-realizacion-de-una-evaluacion-de-impacto\/","url":"https:\/\/www.abrilabogados.com\/noticias\/la-aepd-publica-el-listado-de-tratamientos-de-datos-personales-en-los-que-no-es-obligatoria-la-realizacion-de-una-evaluacion-de-impacto\/","name":"La AEPD publica el listado de tratamientos de datos personales en los que no es obligatoria la realizaci\u00f3n de una evaluaci\u00f3n de impacto. - Abril Abogados","isPartOf":{"@id":"https:\/\/www.abrilabogados.com\/en\/#website"},"datePublished":"2019-09-09T22:00:00+00:00","dateModified":"2026-04-23T20:24:21+00:00","author":{"@id":"https:\/\/www.abrilabogados.com\/en\/#\/schema\/person\/750a358f28e46d5003b31222bddd9ed8"},"breadcrumb":{"@id":"https:\/\/www.abrilabogados.com\/noticias\/la-aepd-publica-el-listado-de-tratamientos-de-datos-personales-en-los-que-no-es-obligatoria-la-realizacion-de-una-evaluacion-de-impacto\/#breadcrumb"},"inLanguage":"en-US","potentialAction":[{"@type":"ReadAction","target":["https:\/\/www.abrilabogados.com\/noticias\/la-aepd-publica-el-listado-de-tratamientos-de-datos-personales-en-los-que-no-es-obligatoria-la-realizacion-de-una-evaluacion-de-impacto\/"]}]},{"@type":"BreadcrumbList","@id":"https:\/\/www.abrilabogados.com\/noticias\/la-aepd-publica-el-listado-de-tratamientos-de-datos-personales-en-los-que-no-es-obligatoria-la-realizacion-de-una-evaluacion-de-impacto\/#breadcrumb","itemListElement":[{"@type":"ListItem","position":1,"name":"Abril Abogados News","item":"\/en\/noticias\/"},{"@type":"ListItem","position":2,"name":"La AEPD publica el listado de tratamientos de datos personales en los que no es obligatoria la realizaci\u00f3n de una evaluaci\u00f3n de impacto."}]},{"@type":"WebSite","@id":"https:\/\/www.abrilabogados.com\/en\/#website","url":"https:\/\/www.abrilabogados.com\/en\/","name":"Abril Abogados","description":"","potentialAction":[{"@type":"SearchAction","target":{"@type":"EntryPoint","urlTemplate":"https:\/\/www.abrilabogados.com\/en\/?s={search_term_string}"},"query-input":{"@type":"PropertyValueSpecification","valueRequired":true,"valueName":"search_term_string"}}],"inLanguage":"en-US"},{"@type":"Person","@id":"https:\/\/www.abrilabogados.com\/en\/#\/schema\/person\/750a358f28e46d5003b31222bddd9ed8","name":"admin","image":{"@type":"ImageObject","inLanguage":"en-US","@id":"https:\/\/secure.gravatar.com\/avatar\/52d6bc19e862502e6ff2f700f23c607b54491a2d4a05fc0f2a79b8077f4bc25c?s=96&d=mm&r=g","url":"https:\/\/secure.gravatar.com\/avatar\/52d6bc19e862502e6ff2f700f23c607b54491a2d4a05fc0f2a79b8077f4bc25c?s=96&d=mm&r=g","contentUrl":"https:\/\/secure.gravatar.com\/avatar\/52d6bc19e862502e6ff2f700f23c607b54491a2d4a05fc0f2a79b8077f4bc25c?s=96&d=mm&r=g","caption":"admin"},"sameAs":["https:\/\/www.abrilabogados.com"]}]}},"_links":{"self":[{"href":"https:\/\/www.abrilabogados.com\/en\/wp-json\/wp\/v2\/posts\/1353","targetHints":{"allow":["GET"]}}],"collection":[{"href":"https:\/\/www.abrilabogados.com\/en\/wp-json\/wp\/v2\/posts"}],"about":[{"href":"https:\/\/www.abrilabogados.com\/en\/wp-json\/wp\/v2\/types\/post"}],"author":[{"embeddable":true,"href":"https:\/\/www.abrilabogados.com\/en\/wp-json\/wp\/v2\/users\/1"}],"replies":[{"embeddable":true,"href":"https:\/\/www.abrilabogados.com\/en\/wp-json\/wp\/v2\/comments?post=1353"}],"version-history":[{"count":1,"href":"https:\/\/www.abrilabogados.com\/en\/wp-json\/wp\/v2\/posts\/1353\/revisions"}],"predecessor-version":[{"id":3903,"href":"https:\/\/www.abrilabogados.com\/en\/wp-json\/wp\/v2\/posts\/1353\/revisions\/3903"}],"wp:attachment":[{"href":"https:\/\/www.abrilabogados.com\/en\/wp-json\/wp\/v2\/media?parent=1353"}],"wp:term":[{"taxonomy":"category","embeddable":true,"href":"https:\/\/www.abrilabogados.com\/en\/wp-json\/wp\/v2\/categories?post=1353"},{"taxonomy":"post_tag","embeddable":true,"href":"https:\/\/www.abrilabogados.com\/en\/wp-json\/wp\/v2\/tags?post=1353"},{"taxonomy":"sector_noticias","embeddable":true,"href":"https:\/\/www.abrilabogados.com\/en\/wp-json\/wp\/v2\/sector_noticias?post=1353"}],"curies":[{"name":"wp","href":"https:\/\/api.w.org\/{rel}","templated":true}]}}