{"id":1364,"date":"2019-10-04T00:00:00","date_gmt":"2019-10-03T22:00:00","guid":{"rendered":"https:\/\/www.abrilabogados.com\/2280-2\/"},"modified":"2026-04-23T22:24:31","modified_gmt":"2026-04-23T20:24:31","slug":"2280-2","status":"publish","type":"post","link":"https:\/\/www.abrilabogados.com\/en\/noticias\/2280-2\/","title":{"rendered":"Brasil y el Protocolo de Madrid"},"content":{"rendered":"<p style=\"text-align: justify;\">El pasado 2 de julio de 2019 el Gobierno de la Rep\u00fablica Federativa del Brasil deposit\u00f3 el instrumento de adhesion al Protocolo de Madrid, que entra en vigor el 2 de octubre de 2019. La incorporaci\u00f3n de Brasil es fruto de muchos a\u00f1os de negociaciones, que han dado finalmente un resultado positivo. Asimismo, se espera que este hecho atraiga a otros pa\u00edses del continente americano. En la actualidad, ya forman parte de este Convenio los siguientes pa\u00edses: Colombia, adem\u00e1s de Estados Unidos, Canad\u00e1, M\u00e9xico, y diversos estados insulares.<\/p>\n<p style=\"text-align: justify;\"><!--more-->Por su parte, el 27 de septiembre de 2019 el gobierno de Malasia deposit\u00f3 el instrumento de adhesion al Protocolo de Madrid, que entrar\u00e1 en vigor el 27 de diciembre de 2019. Con la adhesion de Brasil y Malasia, el n\u00famero de los miembros del sistema de Madrid asciende a 106. Estos miembros representan m\u00e1s del 80% del comercio mundial, y se ampliar\u00e1 a medida que aumente el n\u00famero de miembros.<\/p>\n<p style=\"text-align: justify;\">La adhesion de estos \u00faltimos pa\u00edses pone de relieve la importancia del sistema de Madrid como una v\u00eda fundamental para la protecci\u00f3n de marcas a nivel internacional, ofreciendo una soluci\u00f3n pr\u00e1ctica y eficaz desde el punto de vista econ\u00f3mico para \u00a0registrar y gestionar marcas en todo el mundo. Basta con presentar una \u00fanica solicitud y abonar un solo conjunto de tasas en la oficina Internacional de la OMPI para solicitar protecci\u00f3n en hasta 122 pa\u00edses.<\/p>\n<p style=\"text-align: justify;\">Los datos estad\u00edsticos relativos al n\u00famero de solicitudes internacionales corroboran la importancia de este sistema:<\/p>\n<table class=\" aligncenter\" style=\"height: 306px;\" width=\"565\">\n<tbody>\n<tr style=\"height: 55px;\">\n<td style=\"width: 365.6px; height: 55px;\">\n<p style=\"padding-left: 30px; text-align: center;\">\n<\/td>\n<td style=\"width: 49.6px; height: 55px;\"><strong>2017<\/strong><\/td>\n<td style=\"width: 64px; height: 55px;\"><strong>2018<\/strong><\/td>\n<td style=\"width: 60px; height: 55px;\"><strong>2019<\/strong><\/td>\n<\/tr>\n<tr style=\"height: 21px;\">\n<td style=\"width: 365.6px; height: 21px;\">Solicitudes EUIPO como oficina de origen<\/td>\n<td style=\"width: 49.6px; height: 21px;\">8.571<\/td>\n<td style=\"width: 64px; height: 21px;\">9.262<\/td>\n<td style=\"width: 60px; height: 21px;\">5.608<\/td>\n<\/tr>\n<tr style=\"height: 55px;\">\n<td style=\"width: 365.6px; height: 55px;\">Solicitudes OEPM como oficina de origen<\/td>\n<td style=\"width: 49.6px; height: 55px;\">629<\/td>\n<td style=\"width: 64px; height: 55px;\">627<\/td>\n<td style=\"width: 60px; height: 55px;\">342<\/td>\n<\/tr>\n<tr style=\"height: 55px;\">\n<td style=\"width: 365.6px; height: 55px;\">Designaci\u00f3n de la UE en solicitudes\/ampliaciones<\/td>\n<td style=\"width: 49.6px; height: 55px;\">24.589<\/td>\n<td style=\"width: 64px; height: 55px;\">25.568<\/td>\n<td style=\"width: 60px; height: 55px;\">20.892<\/td>\n<\/tr>\n<tr style=\"height: 55px;\">\n<td style=\"width: 365.6px; height: 55px;\">Designaci\u00f3n ES en solicitudes\/ampliaciones<\/td>\n<td style=\"width: 49.6px; height: 55px;\">3.275<\/td>\n<td style=\"width: 64px; height: 55px;\">3.214<\/td>\n<td style=\"width: 60px; height: 55px;\">2.625<\/td>\n<\/tr>\n<\/tbody>\n<\/table>\n<p>&nbsp;<\/p>\n<p style=\"text-align: justify;\">\n","protected":false},"excerpt":{"rendered":"<p>El pasado 2 de julio de 2019 el Gobierno de la Rep\u00fablica Federativa del Brasil deposit\u00f3 el instrumento de adhesion al Protocolo de Madrid, que entra en vigor el 2&#8230;<\/p>\n","protected":false},"author":1,"featured_media":0,"comment_status":"closed","ping_status":"open","sticky":false,"template":"","format":"standard","meta":{"_acf_changed":false,"footnotes":""},"categories":[12],"tags":[],"sector_noticias":[],"class_list":{"0":"post-1364","1":"post","2":"type-post","3":"status-publish","4":"format-standard","6":"category-noticias"},"acf":[],"yoast_head":"<!-- This site is optimized with the Yoast SEO plugin v26.4 - https:\/\/yoast.com\/wordpress\/plugins\/seo\/ -->\n<title>Brasil y el Protocolo de Madrid - Abril Abogados<\/title>\n<meta name=\"robots\" content=\"index, follow, max-snippet:-1, max-image-preview:large, max-video-preview:-1\" \/>\n<link rel=\"canonical\" href=\"https:\/\/www.abrilabogados.com\/en\/noticias\/2280-2\/\" \/>\n<meta property=\"og:locale\" content=\"en_US\" \/>\n<meta property=\"og:type\" content=\"article\" \/>\n<meta property=\"og:title\" content=\"Brasil y el Protocolo de Madrid - Abril Abogados\" \/>\n<meta property=\"og:description\" content=\"El pasado 2 de julio de 2019 el Gobierno de la Rep\u00fablica Federativa del Brasil deposit\u00f3 el instrumento de adhesion al Protocolo de Madrid, que entra en vigor el 2...\" \/>\n<meta property=\"og:url\" content=\"https:\/\/www.abrilabogados.com\/en\/noticias\/2280-2\/\" \/>\n<meta property=\"og:site_name\" content=\"Abril Abogados\" \/>\n<meta property=\"article:published_time\" content=\"2019-10-03T22:00:00+00:00\" \/>\n<meta property=\"article:modified_time\" content=\"2026-04-23T20:24:31+00:00\" \/>\n<meta name=\"author\" content=\"admin\" \/>\n<meta name=\"twitter:card\" content=\"summary_large_image\" \/>\n<meta name=\"twitter:label1\" content=\"Written by\" \/>\n\t<meta name=\"twitter:data1\" content=\"admin\" \/>\n\t<meta name=\"twitter:label2\" content=\"Est. reading time\" \/>\n\t<meta name=\"twitter:data2\" content=\"1 minute\" \/>\n<script type=\"application\/ld+json\" class=\"yoast-schema-graph\">{\"@context\":\"https:\/\/schema.org\",\"@graph\":[{\"@type\":\"WebPage\",\"@id\":\"https:\/\/www.abrilabogados.com\/en\/noticias\/2280-2\/\",\"url\":\"https:\/\/www.abrilabogados.com\/en\/noticias\/2280-2\/\",\"name\":\"Brasil y el Protocolo de Madrid - Abril Abogados\",\"isPartOf\":{\"@id\":\"https:\/\/www.abrilabogados.com\/en\/#website\"},\"datePublished\":\"2019-10-03T22:00:00+00:00\",\"dateModified\":\"2026-04-23T20:24:31+00:00\",\"author\":{\"@id\":\"https:\/\/www.abrilabogados.com\/en\/#\/schema\/person\/750a358f28e46d5003b31222bddd9ed8\"},\"breadcrumb\":{\"@id\":\"https:\/\/www.abrilabogados.com\/en\/noticias\/2280-2\/#breadcrumb\"},\"inLanguage\":\"en-US\",\"potentialAction\":[{\"@type\":\"ReadAction\",\"target\":[\"https:\/\/www.abrilabogados.com\/en\/noticias\/2280-2\/\"]}]},{\"@type\":\"BreadcrumbList\",\"@id\":\"https:\/\/www.abrilabogados.com\/en\/noticias\/2280-2\/#breadcrumb\",\"itemListElement\":[{\"@type\":\"ListItem\",\"position\":1,\"name\":\"Abril Abogados News\",\"item\":\"\/en\/noticias\/\"},{\"@type\":\"ListItem\",\"position\":2,\"name\":\"Brasil y el Protocolo de Madrid\"}]},{\"@type\":\"WebSite\",\"@id\":\"https:\/\/www.abrilabogados.com\/en\/#website\",\"url\":\"https:\/\/www.abrilabogados.com\/en\/\",\"name\":\"Abril Abogados\",\"description\":\"\",\"potentialAction\":[{\"@type\":\"SearchAction\",\"target\":{\"@type\":\"EntryPoint\",\"urlTemplate\":\"https:\/\/www.abrilabogados.com\/en\/?s={search_term_string}\"},\"query-input\":{\"@type\":\"PropertyValueSpecification\",\"valueRequired\":true,\"valueName\":\"search_term_string\"}}],\"inLanguage\":\"en-US\"},{\"@type\":\"Person\",\"@id\":\"https:\/\/www.abrilabogados.com\/en\/#\/schema\/person\/750a358f28e46d5003b31222bddd9ed8\",\"name\":\"admin\",\"image\":{\"@type\":\"ImageObject\",\"inLanguage\":\"en-US\",\"@id\":\"https:\/\/www.abrilabogados.com\/en\/#\/schema\/person\/image\/\",\"url\":\"https:\/\/secure.gravatar.com\/avatar\/52d6bc19e862502e6ff2f700f23c607b54491a2d4a05fc0f2a79b8077f4bc25c?s=96&d=mm&r=g\",\"contentUrl\":\"https:\/\/secure.gravatar.com\/avatar\/52d6bc19e862502e6ff2f700f23c607b54491a2d4a05fc0f2a79b8077f4bc25c?s=96&d=mm&r=g\",\"caption\":\"admin\"},\"sameAs\":[\"https:\/\/www.abrilabogados.com\"],\"url\":\"https:\/\/www.abrilabogados.com\/en\/noticias\/author\/charly_wpadmin\/\"}]}<\/script>\n<!-- \/ Yoast SEO plugin. -->","yoast_head_json":{"title":"Brasil y el Protocolo de Madrid - Abril Abogados","robots":{"index":"index","follow":"follow","max-snippet":"max-snippet:-1","max-image-preview":"max-image-preview:large","max-video-preview":"max-video-preview:-1"},"canonical":"https:\/\/www.abrilabogados.com\/en\/noticias\/2280-2\/","og_locale":"en_US","og_type":"article","og_title":"Brasil y el Protocolo de Madrid - Abril Abogados","og_description":"El pasado 2 de julio de 2019 el Gobierno de la Rep\u00fablica Federativa del Brasil deposit\u00f3 el instrumento de adhesion al Protocolo de Madrid, que entra en vigor el 2...","og_url":"https:\/\/www.abrilabogados.com\/en\/noticias\/2280-2\/","og_site_name":"Abril Abogados","article_published_time":"2019-10-03T22:00:00+00:00","article_modified_time":"2026-04-23T20:24:31+00:00","author":"admin","twitter_card":"summary_large_image","twitter_misc":{"Written by":"admin","Est. reading time":"1 minute"},"schema":{"@context":"https:\/\/schema.org","@graph":[{"@type":"WebPage","@id":"https:\/\/www.abrilabogados.com\/en\/noticias\/2280-2\/","url":"https:\/\/www.abrilabogados.com\/en\/noticias\/2280-2\/","name":"Brasil y el Protocolo de Madrid - Abril Abogados","isPartOf":{"@id":"https:\/\/www.abrilabogados.com\/en\/#website"},"datePublished":"2019-10-03T22:00:00+00:00","dateModified":"2026-04-23T20:24:31+00:00","author":{"@id":"https:\/\/www.abrilabogados.com\/en\/#\/schema\/person\/750a358f28e46d5003b31222bddd9ed8"},"breadcrumb":{"@id":"https:\/\/www.abrilabogados.com\/en\/noticias\/2280-2\/#breadcrumb"},"inLanguage":"en-US","potentialAction":[{"@type":"ReadAction","target":["https:\/\/www.abrilabogados.com\/en\/noticias\/2280-2\/"]}]},{"@type":"BreadcrumbList","@id":"https:\/\/www.abrilabogados.com\/en\/noticias\/2280-2\/#breadcrumb","itemListElement":[{"@type":"ListItem","position":1,"name":"Abril Abogados News","item":"\/en\/noticias\/"},{"@type":"ListItem","position":2,"name":"Brasil y el Protocolo de Madrid"}]},{"@type":"WebSite","@id":"https:\/\/www.abrilabogados.com\/en\/#website","url":"https:\/\/www.abrilabogados.com\/en\/","name":"Abril Abogados","description":"","potentialAction":[{"@type":"SearchAction","target":{"@type":"EntryPoint","urlTemplate":"https:\/\/www.abrilabogados.com\/en\/?s={search_term_string}"},"query-input":{"@type":"PropertyValueSpecification","valueRequired":true,"valueName":"search_term_string"}}],"inLanguage":"en-US"},{"@type":"Person","@id":"https:\/\/www.abrilabogados.com\/en\/#\/schema\/person\/750a358f28e46d5003b31222bddd9ed8","name":"admin","image":{"@type":"ImageObject","inLanguage":"en-US","@id":"https:\/\/www.abrilabogados.com\/en\/#\/schema\/person\/image\/","url":"https:\/\/secure.gravatar.com\/avatar\/52d6bc19e862502e6ff2f700f23c607b54491a2d4a05fc0f2a79b8077f4bc25c?s=96&d=mm&r=g","contentUrl":"https:\/\/secure.gravatar.com\/avatar\/52d6bc19e862502e6ff2f700f23c607b54491a2d4a05fc0f2a79b8077f4bc25c?s=96&d=mm&r=g","caption":"admin"},"sameAs":["https:\/\/www.abrilabogados.com"],"url":"https:\/\/www.abrilabogados.com\/en\/noticias\/author\/charly_wpadmin\/"}]}},"_links":{"self":[{"href":"https:\/\/www.abrilabogados.com\/en\/wp-json\/wp\/v2\/posts\/1364","targetHints":{"allow":["GET"]}}],"collection":[{"href":"https:\/\/www.abrilabogados.com\/en\/wp-json\/wp\/v2\/posts"}],"about":[{"href":"https:\/\/www.abrilabogados.com\/en\/wp-json\/wp\/v2\/types\/post"}],"author":[{"embeddable":true,"href":"https:\/\/www.abrilabogados.com\/en\/wp-json\/wp\/v2\/users\/1"}],"replies":[{"embeddable":true,"href":"https:\/\/www.abrilabogados.com\/en\/wp-json\/wp\/v2\/comments?post=1364"}],"version-history":[{"count":1,"href":"https:\/\/www.abrilabogados.com\/en\/wp-json\/wp\/v2\/posts\/1364\/revisions"}],"predecessor-version":[{"id":3908,"href":"https:\/\/www.abrilabogados.com\/en\/wp-json\/wp\/v2\/posts\/1364\/revisions\/3908"}],"wp:attachment":[{"href":"https:\/\/www.abrilabogados.com\/en\/wp-json\/wp\/v2\/media?parent=1364"}],"wp:term":[{"taxonomy":"category","embeddable":true,"href":"https:\/\/www.abrilabogados.com\/en\/wp-json\/wp\/v2\/categories?post=1364"},{"taxonomy":"post_tag","embeddable":true,"href":"https:\/\/www.abrilabogados.com\/en\/wp-json\/wp\/v2\/tags?post=1364"},{"taxonomy":"sector_noticias","embeddable":true,"href":"https:\/\/www.abrilabogados.com\/en\/wp-json\/wp\/v2\/sector_noticias?post=1364"}],"curies":[{"name":"wp","href":"https:\/\/api.w.org\/{rel}","templated":true}]}}