{"id":1371,"date":"2019-11-10T00:00:00","date_gmt":"2019-11-09T23:00:00","guid":{"rendered":"https:\/\/www.abrilabogados.com\/que-se-debe-hacer-para-registrar-una-marca-comercial\/"},"modified":"2026-04-23T22:24:34","modified_gmt":"2026-04-23T20:24:34","slug":"que-se-debe-hacer-para-registrar-una-marca-comercial","status":"publish","type":"post","link":"https:\/\/www.abrilabogados.com\/en\/noticias\/que-se-debe-hacer-para-registrar-una-marca-comercial\/","title":{"rendered":"\u00bfQu\u00e9 se debe hacer para registrar una marca comercial?"},"content":{"rendered":"[vc_row][vc_column][vc_empty_space][\/vc_column][\/vc_row][vc_row][vc_column width=&#8221;2\/3&#8243;][vc_column_text]En pleno 2019, cada vez son m\u00e1s las personas con esp\u00edritu emprendedor que deciden montar un negocio y hacerse un hueco en el mercado. Pero levantar una marca no es tarea f\u00e1cil, y hay que gestionar de forma eficiente muchos elementos para que todo fluya de la mejor manera.<!--more--><\/p>\n<p><strong>Lo primero que hay que hacer a la hora de lanzar un proyecto es pensar bien el nombre que se le va a dar<\/strong>. Para ello, hay que tener en cuenta muchos aspectos, desde que sea f\u00e1cil de pronunciar, hasta que tenga fuerza y pueda abocar una idea del negocio.<\/p>\n<p>El nombre de una marca no es asunto balad\u00ed. De hecho, si el negocio empieza a funcionar y a tener un reconocimiento, muchos competidores querr\u00e1n llamarse de forma igual o parecida. Por eso, <strong>es importante registrar bien la marca para que nadie nos la quite y sea exclusiva de nuestra empresa.<\/strong><\/p>\n<p>El tr\u00e1mite para registrar la marca no es especialmente complicado. De hecho, hoy en d\u00eda se puede realizar de forma telem\u00e1tica sin tener que acudir a ning\u00fan lugar a hacer papeleos. L\u00f3gicamente, <strong>es importante revisar que no haya ninguna empresa que se llame igual que la que queremos sacar adelante,<\/strong> ya que, en ese caso, la solicitud para oficializar el nombre ser\u00eda rechazada. Adem\u00e1s, es tambi\u00e9n conveniente saber bien las leyes que se rigen en el registro de marcas, debido a que son cambiantes y pueden obstaculizar el proceso.<\/p>\n<h2>Las novedades en la Ley de Marcas en 2019 en Espa\u00f1a<\/h2>\n<p>Como se ha comentado en p\u00e1rrafos anteriores, La Ley de Marcas no es est\u00e1tica y va evolucionando a medida que se van cambiando las reglas del juego. En Espa\u00f1a, en enero de 2019, entr\u00f3 en vigor una nueva Ley de Marcas que favorece la convivencia de marcas nacionales y de la Uni\u00f3n Europea.<\/p>\n<p>Las principales novedades a destacar, en este sentido, son las siguientes:<\/p>\n<ul>\n<li><strong>Competencia de la OEPM para declarar la nulidad o caducidad de una marca: <\/strong>La OEPM tendr\u00e1 competencia directa en ese \u00e1mbito, siendo la encargada de anular una marca en caso de que fuera necesario.<\/li>\n<li><strong>Eliminaci\u00f3n del requisito de representaci\u00f3n gr\u00e1fica en el concepto de marca: <\/strong>A partir de ahora, nuevas formas de registrar una marca, como la olfativa, ser\u00e1n consideradas. Antes solo se consideraban si ten\u00edan una representaci\u00f3n gr\u00e1fica.<\/li>\n<li><strong>Si un tercero se opone a la solicitud, el solicitante podr\u00e1 exigir una prueba de uso efectivo a su oponente.<\/strong> La marca, adem\u00e1s, deber\u00e1 llevar registrada al menos 5 a\u00f1os.<\/li>\n<li>Se contempla el <strong>derecho de intervenci\u00f3n como defensa ante las acciones de violaci\u00f3n de marca. <\/strong>Esto ocurrir\u00eda cuando se estuviera utilizando una marca registrada posterior.<\/li>\n<li><strong>El registro de una marca no confiere inmunidad a su titular frente a una acci\u00f3n de violaci\u00f3n<\/strong>.<\/li>\n<\/ul>\n[\/vc_column_text][\/vc_column][vc_column width=&#8221;1\/3&#8243;][vc_custom_heading text=&#8221;Abril Informa&#8221; font_container=&#8221;tag:h2|text_align:left|color:%23b30000&#8243; use_theme_fonts=&#8221;yes&#8221;][vc_empty_space height=&#8221;20px&#8221;][vc_basic_grid post_type=&#8221;post&#8221; max_items=&#8221;2&#8243; element_width=&#8221;12&#8243; item=&#8221;606&#8243; grid_id=&#8221;vc_gid:1580719166212-aa852e97-e446-9&#8243; taxonomies=&#8221;8&#8243;][\/vc_column][\/vc_row]\n","protected":false},"excerpt":{"rendered":"<p>[vc_row][vc_column][vc_empty_space][\/vc_column][\/vc_row][vc_row][vc_column width=&#8221;2\/3&#8243;][vc_column_text]En pleno 2019, cada vez son m\u00e1s las personas con esp\u00edritu emprendedor que deciden montar un negocio y hacerse un hueco en el mercado. Pero levantar una marca no&#8230;<\/p>\n","protected":false},"author":1,"featured_media":0,"comment_status":"closed","ping_status":"open","sticky":false,"template":"","format":"standard","meta":{"_acf_changed":false,"footnotes":""},"categories":[10],"tags":[],"sector_noticias":[],"class_list":{"0":"post-1371","1":"post","2":"type-post","3":"status-publish","4":"format-standard","6":"category-articulos-prensa"},"acf":[],"yoast_head":"<!-- This site is optimized with the Yoast SEO plugin v26.4 - https:\/\/yoast.com\/wordpress\/plugins\/seo\/ -->\n<title>\u00bfQu\u00e9 se debe hacer para registrar una marca comercial? - Abril Abogados<\/title>\n<meta name=\"robots\" content=\"index, follow, max-snippet:-1, max-image-preview:large, max-video-preview:-1\" \/>\n<link rel=\"canonical\" href=\"https:\/\/www.abrilabogados.com\/en\/noticias\/que-se-debe-hacer-para-registrar-una-marca-comercial\/\" \/>\n<meta property=\"og:locale\" content=\"en_US\" \/>\n<meta property=\"og:type\" content=\"article\" \/>\n<meta property=\"og:title\" content=\"\u00bfQu\u00e9 se debe hacer para registrar una marca comercial? - Abril Abogados\" \/>\n<meta property=\"og:description\" content=\"[vc_row][vc_column][vc_empty_space][\/vc_column][\/vc_row][vc_row][vc_column width=&#8221;2\/3&#8243;][vc_column_text]En pleno 2019, cada vez son m\u00e1s las personas con esp\u00edritu emprendedor que deciden montar un negocio y hacerse un hueco en el mercado. Pero levantar una marca no...\" \/>\n<meta property=\"og:url\" content=\"https:\/\/www.abrilabogados.com\/en\/noticias\/que-se-debe-hacer-para-registrar-una-marca-comercial\/\" \/>\n<meta property=\"og:site_name\" content=\"Abril Abogados\" \/>\n<meta property=\"article:published_time\" content=\"2019-11-09T23:00:00+00:00\" \/>\n<meta property=\"article:modified_time\" content=\"2026-04-23T20:24:34+00:00\" \/>\n<meta name=\"author\" content=\"admin\" \/>\n<meta name=\"twitter:card\" content=\"summary_large_image\" \/>\n<meta name=\"twitter:label1\" content=\"Written by\" \/>\n\t<meta name=\"twitter:data1\" content=\"admin\" \/>\n\t<meta name=\"twitter:label2\" content=\"Est. reading time\" \/>\n\t<meta name=\"twitter:data2\" content=\"3 minutes\" \/>\n<script type=\"application\/ld+json\" class=\"yoast-schema-graph\">{\"@context\":\"https:\/\/schema.org\",\"@graph\":[{\"@type\":\"WebPage\",\"@id\":\"https:\/\/www.abrilabogados.com\/en\/noticias\/que-se-debe-hacer-para-registrar-una-marca-comercial\/\",\"url\":\"https:\/\/www.abrilabogados.com\/en\/noticias\/que-se-debe-hacer-para-registrar-una-marca-comercial\/\",\"name\":\"\u00bfQu\u00e9 se debe hacer para registrar una marca comercial? - Abril Abogados\",\"isPartOf\":{\"@id\":\"https:\/\/www.abrilabogados.com\/en\/#website\"},\"datePublished\":\"2019-11-09T23:00:00+00:00\",\"dateModified\":\"2026-04-23T20:24:34+00:00\",\"author\":{\"@id\":\"https:\/\/www.abrilabogados.com\/en\/#\/schema\/person\/750a358f28e46d5003b31222bddd9ed8\"},\"breadcrumb\":{\"@id\":\"https:\/\/www.abrilabogados.com\/en\/noticias\/que-se-debe-hacer-para-registrar-una-marca-comercial\/#breadcrumb\"},\"inLanguage\":\"en-US\",\"potentialAction\":[{\"@type\":\"ReadAction\",\"target\":[\"https:\/\/www.abrilabogados.com\/en\/noticias\/que-se-debe-hacer-para-registrar-una-marca-comercial\/\"]}]},{\"@type\":\"BreadcrumbList\",\"@id\":\"https:\/\/www.abrilabogados.com\/en\/noticias\/que-se-debe-hacer-para-registrar-una-marca-comercial\/#breadcrumb\",\"itemListElement\":[{\"@type\":\"ListItem\",\"position\":1,\"name\":\"Abril Abogados News\",\"item\":\"\/en\/noticias\/\"},{\"@type\":\"ListItem\",\"position\":2,\"name\":\"\u00bfQu\u00e9 se debe hacer para registrar una marca comercial?\"}]},{\"@type\":\"WebSite\",\"@id\":\"https:\/\/www.abrilabogados.com\/en\/#website\",\"url\":\"https:\/\/www.abrilabogados.com\/en\/\",\"name\":\"Abril Abogados\",\"description\":\"\",\"potentialAction\":[{\"@type\":\"SearchAction\",\"target\":{\"@type\":\"EntryPoint\",\"urlTemplate\":\"https:\/\/www.abrilabogados.com\/en\/?s={search_term_string}\"},\"query-input\":{\"@type\":\"PropertyValueSpecification\",\"valueRequired\":true,\"valueName\":\"search_term_string\"}}],\"inLanguage\":\"en-US\"},{\"@type\":\"Person\",\"@id\":\"https:\/\/www.abrilabogados.com\/en\/#\/schema\/person\/750a358f28e46d5003b31222bddd9ed8\",\"name\":\"admin\",\"image\":{\"@type\":\"ImageObject\",\"inLanguage\":\"en-US\",\"@id\":\"https:\/\/www.abrilabogados.com\/en\/#\/schema\/person\/image\/\",\"url\":\"https:\/\/secure.gravatar.com\/avatar\/52d6bc19e862502e6ff2f700f23c607b54491a2d4a05fc0f2a79b8077f4bc25c?s=96&d=mm&r=g\",\"contentUrl\":\"https:\/\/secure.gravatar.com\/avatar\/52d6bc19e862502e6ff2f700f23c607b54491a2d4a05fc0f2a79b8077f4bc25c?s=96&d=mm&r=g\",\"caption\":\"admin\"},\"sameAs\":[\"https:\/\/www.abrilabogados.com\"],\"url\":\"https:\/\/www.abrilabogados.com\/en\/noticias\/author\/charly_wpadmin\/\"}]}<\/script>\n<!-- \/ Yoast SEO plugin. -->","yoast_head_json":{"title":"\u00bfQu\u00e9 se debe hacer para registrar una marca comercial? - Abril Abogados","robots":{"index":"index","follow":"follow","max-snippet":"max-snippet:-1","max-image-preview":"max-image-preview:large","max-video-preview":"max-video-preview:-1"},"canonical":"https:\/\/www.abrilabogados.com\/en\/noticias\/que-se-debe-hacer-para-registrar-una-marca-comercial\/","og_locale":"en_US","og_type":"article","og_title":"\u00bfQu\u00e9 se debe hacer para registrar una marca comercial? - Abril Abogados","og_description":"[vc_row][vc_column][vc_empty_space][\/vc_column][\/vc_row][vc_row][vc_column width=&#8221;2\/3&#8243;][vc_column_text]En pleno 2019, cada vez son m\u00e1s las personas con esp\u00edritu emprendedor que deciden montar un negocio y hacerse un hueco en el mercado. Pero levantar una marca no...","og_url":"https:\/\/www.abrilabogados.com\/en\/noticias\/que-se-debe-hacer-para-registrar-una-marca-comercial\/","og_site_name":"Abril Abogados","article_published_time":"2019-11-09T23:00:00+00:00","article_modified_time":"2026-04-23T20:24:34+00:00","author":"admin","twitter_card":"summary_large_image","twitter_misc":{"Written by":"admin","Est. reading time":"3 minutes"},"schema":{"@context":"https:\/\/schema.org","@graph":[{"@type":"WebPage","@id":"https:\/\/www.abrilabogados.com\/en\/noticias\/que-se-debe-hacer-para-registrar-una-marca-comercial\/","url":"https:\/\/www.abrilabogados.com\/en\/noticias\/que-se-debe-hacer-para-registrar-una-marca-comercial\/","name":"\u00bfQu\u00e9 se debe hacer para registrar una marca comercial? - Abril Abogados","isPartOf":{"@id":"https:\/\/www.abrilabogados.com\/en\/#website"},"datePublished":"2019-11-09T23:00:00+00:00","dateModified":"2026-04-23T20:24:34+00:00","author":{"@id":"https:\/\/www.abrilabogados.com\/en\/#\/schema\/person\/750a358f28e46d5003b31222bddd9ed8"},"breadcrumb":{"@id":"https:\/\/www.abrilabogados.com\/en\/noticias\/que-se-debe-hacer-para-registrar-una-marca-comercial\/#breadcrumb"},"inLanguage":"en-US","potentialAction":[{"@type":"ReadAction","target":["https:\/\/www.abrilabogados.com\/en\/noticias\/que-se-debe-hacer-para-registrar-una-marca-comercial\/"]}]},{"@type":"BreadcrumbList","@id":"https:\/\/www.abrilabogados.com\/en\/noticias\/que-se-debe-hacer-para-registrar-una-marca-comercial\/#breadcrumb","itemListElement":[{"@type":"ListItem","position":1,"name":"Abril Abogados News","item":"\/en\/noticias\/"},{"@type":"ListItem","position":2,"name":"\u00bfQu\u00e9 se debe hacer para registrar una marca comercial?"}]},{"@type":"WebSite","@id":"https:\/\/www.abrilabogados.com\/en\/#website","url":"https:\/\/www.abrilabogados.com\/en\/","name":"Abril Abogados","description":"","potentialAction":[{"@type":"SearchAction","target":{"@type":"EntryPoint","urlTemplate":"https:\/\/www.abrilabogados.com\/en\/?s={search_term_string}"},"query-input":{"@type":"PropertyValueSpecification","valueRequired":true,"valueName":"search_term_string"}}],"inLanguage":"en-US"},{"@type":"Person","@id":"https:\/\/www.abrilabogados.com\/en\/#\/schema\/person\/750a358f28e46d5003b31222bddd9ed8","name":"admin","image":{"@type":"ImageObject","inLanguage":"en-US","@id":"https:\/\/www.abrilabogados.com\/en\/#\/schema\/person\/image\/","url":"https:\/\/secure.gravatar.com\/avatar\/52d6bc19e862502e6ff2f700f23c607b54491a2d4a05fc0f2a79b8077f4bc25c?s=96&d=mm&r=g","contentUrl":"https:\/\/secure.gravatar.com\/avatar\/52d6bc19e862502e6ff2f700f23c607b54491a2d4a05fc0f2a79b8077f4bc25c?s=96&d=mm&r=g","caption":"admin"},"sameAs":["https:\/\/www.abrilabogados.com"],"url":"https:\/\/www.abrilabogados.com\/en\/noticias\/author\/charly_wpadmin\/"}]}},"_links":{"self":[{"href":"https:\/\/www.abrilabogados.com\/en\/wp-json\/wp\/v2\/posts\/1371","targetHints":{"allow":["GET"]}}],"collection":[{"href":"https:\/\/www.abrilabogados.com\/en\/wp-json\/wp\/v2\/posts"}],"about":[{"href":"https:\/\/www.abrilabogados.com\/en\/wp-json\/wp\/v2\/types\/post"}],"author":[{"embeddable":true,"href":"https:\/\/www.abrilabogados.com\/en\/wp-json\/wp\/v2\/users\/1"}],"replies":[{"embeddable":true,"href":"https:\/\/www.abrilabogados.com\/en\/wp-json\/wp\/v2\/comments?post=1371"}],"version-history":[{"count":1,"href":"https:\/\/www.abrilabogados.com\/en\/wp-json\/wp\/v2\/posts\/1371\/revisions"}],"predecessor-version":[{"id":3912,"href":"https:\/\/www.abrilabogados.com\/en\/wp-json\/wp\/v2\/posts\/1371\/revisions\/3912"}],"wp:attachment":[{"href":"https:\/\/www.abrilabogados.com\/en\/wp-json\/wp\/v2\/media?parent=1371"}],"wp:term":[{"taxonomy":"category","embeddable":true,"href":"https:\/\/www.abrilabogados.com\/en\/wp-json\/wp\/v2\/categories?post=1371"},{"taxonomy":"post_tag","embeddable":true,"href":"https:\/\/www.abrilabogados.com\/en\/wp-json\/wp\/v2\/tags?post=1371"},{"taxonomy":"sector_noticias","embeddable":true,"href":"https:\/\/www.abrilabogados.com\/en\/wp-json\/wp\/v2\/sector_noticias?post=1371"}],"curies":[{"name":"wp","href":"https:\/\/api.w.org\/{rel}","templated":true}]}}