{"id":1373,"date":"2019-11-12T00:00:00","date_gmt":"2019-11-11T23:00:00","guid":{"rendered":"https:\/\/www.abrilabogados.com\/aspectos-a-tener-en-cuenta-con-la-nueva-ley-de-derechos-de-autor\/"},"modified":"2026-04-23T22:24:35","modified_gmt":"2026-04-23T20:24:35","slug":"aspectos-a-tener-en-cuenta-con-la-nueva-ley-de-derechos-de-autor","status":"publish","type":"post","link":"https:\/\/www.abrilabogados.com\/en\/noticias\/aspectos-a-tener-en-cuenta-con-la-nueva-ley-de-derechos-de-autor\/","title":{"rendered":"Aspectos a tener en cuenta con la nueva ley de derechos de autor"},"content":{"rendered":"[vc_row][vc_column][vc_empty_space][\/vc_column][\/vc_row][vc_row][vc_column width=&#8221;2\/3&#8243;][vc_column_text]La era de internet ha tra\u00eddo un gran n\u00famero de avances tecnol\u00f3gicos y posibilidades con las que hace d\u00e9cadas era imposible siquiera so\u00f1ar. Pero no todo es oro en el mundo de internet, ya que cuenta con muchos aspectos negativos que es importante controlar si queremos hacer un buen uso de esta herramienta.<!--more--><\/p>\n<p>Uno de estos aspectos perjudiciales a los ojos de la ley (aunque no de muchos usuarios) es <strong>la pirater\u00eda, una realidad muy dif\u00edcil de controlar con la globalizaci\u00f3n de internet.<\/strong><\/p>\n<p>Hay que tener claro que los derechos de autor lo son desde el mismo momento en el que se crea una obra, de forma que, aunque no se produzca su registro, esta obra no deber\u00eda ser consumida de forma ilegal. Sin embargo, el art\u00edculo 17 de la Ley de Propiedad Intelectual, indica que \u201cCorresponde al autor el\u00a0<strong>ejercicio exclusivo de los derechos de explotaci\u00f3n de su obra<\/strong>\u00a0en cualquier forma y en especial, los derechos de reproducci\u00f3n, distribuci\u00f3n, comunicaci\u00f3n p\u00fablica y transformaci\u00f3n&#8221;.<\/p>\n<p>Esto nos habla de que ser\u00e1 el propio autor el que gestione c\u00f3mo se explotar\u00e1n cada uno de los derechos anteriormente mencionados. Eso s\u00ed, hay que tener en cuenta que hoy en d\u00eda ciertas entidades son las que administran toda esta situaci\u00f3n, siendo ellas las que van a actuar en beneficio de los artistas para garantizar un consumo justo. En la actualidad existen 8 entidades de gesti\u00f3n, muchas de ellas realmente conocidas. Estas entidades se dividen en:<\/p>\n<ul>\n<li><u>De autor:<\/u> <strong>SGAE<\/strong> (Sociedad General de Autores y Editores),\u00a0<a href=\"https:\/\/www.cedro.org\/\"><strong>CEDRO<\/strong><\/a>(Centro espa\u00f1ol de derechos reprogr\u00e1ficos), <a href=\"https:\/\/www.vegap.es\/inicio.aspx\"><strong>VEGAP<\/strong><\/a>\u00a0(Visual entidad de gesti\u00f3n de artistas pl\u00e1sticos),\u00a0<a href=\"https:\/\/www.damautor.es\/\"><strong>DAMA<\/strong><\/a>\u00a0(Derechos de autor de medios audiovisuales)<\/li>\n<li><u>De Artistas<\/u>: <a href=\"https:\/\/www.aie.es\/\"><strong>AIE<\/strong><\/a> (Artistas int\u00e9rpretes o ejecutantes, sociedad de gesti\u00f3n de Espa\u00f1a),\u00a0<a href=\"https:\/\/www.aisge.es\/\"><strong>AISGE<\/strong><\/a>(Artistas int\u00e9rpretes, sociedad de gesti\u00f3n).<\/li>\n<li><u>De Productores:<\/u> <a href=\"https:\/\/www.agedi.es\/\"><strong>AGEDI<\/strong><\/a>\u00a0(Asociaci\u00f3n de gesti\u00f3n de derechos intelectuales),\u00a0<a href=\"https:\/\/www.egeda.es\/default.aspx\"><strong>EGEDA<\/strong><\/a>\u00a0(Entidad de Gesti\u00f3n de Derechos de los productores audiovisuales).<\/li>\n<\/ul>\n<p>&nbsp;<\/p>\n<h2>El bloqueo de las p\u00e1ginas web como medida principal contra la pirater\u00eda<\/h2>\n<p>La lucha contra la pirater\u00eda es una guerra casi imposible de ganar. Sin embargo, hay peque\u00f1as batallas que s\u00ed se pueden luchar para garantizar ciertos los derechos a los artistas. Por eso, el bloqueo de p\u00e1ginas web est\u00e1 siendo cada vez m\u00e1s exhaustivo, dejando a muchos servidores piratas sin la capacidad de ofrecer contenido audiovisual.<\/p>\n<p>De hecho, los expertos en Espa\u00f1a tienen claro que <strong>la soluci\u00f3n m\u00e1s eficaz contra la pirater\u00eda es la eliminaci\u00f3n de estos sitios web<\/strong>, aunque la realidad dice que solo 10 p\u00e1ginas han sido bloqueadas en su totalidad en nuestro pa\u00eds, a diferencia de otros pa\u00edses de Europa como Portugal, donde m\u00e1s de 1.700 dominios han sido eliminados por este motivo.<\/p>\n<p>Desde las entidades defensoras de los autores, lo que se est\u00e1 demandando con energ\u00eda es la mayor rapidez y eficacia en los procesos judiciales contra la pirater\u00eda, ya que es una lacra que hace que los artistas tengan cada vez m\u00e1s dif\u00edcil vivir de sus obras.[\/vc_column_text][\/vc_column][vc_column width=&#8221;1\/3&#8243;][vc_custom_heading text=&#8221;Flash News&#8221; font_container=&#8221;tag:h2|text_align:left|color:%23b30000&#8243; use_theme_fonts=&#8221;yes&#8221;][vc_empty_space height=&#8221;20px&#8221;][vc_basic_grid post_type=&#8221;post&#8221; max_items=&#8221;2&#8243; element_width=&#8221;12&#8243; item=&#8221;606&#8243; grid_id=&#8221;vc_gid:1649154272655-8620cd10-1dc6-2&#8243; taxonomies=&#8221;8&#8243;][\/vc_column][\/vc_row]\n","protected":false},"excerpt":{"rendered":"<p>[vc_row][vc_column][vc_empty_space][\/vc_column][\/vc_row][vc_row][vc_column width=&#8221;2\/3&#8243;][vc_column_text]La era de internet ha tra\u00eddo un gran n\u00famero de avances tecnol\u00f3gicos y posibilidades con las que hace d\u00e9cadas era imposible siquiera so\u00f1ar. Pero no todo es oro en&#8230;<\/p>\n","protected":false},"author":1,"featured_media":0,"comment_status":"closed","ping_status":"open","sticky":false,"template":"","format":"standard","meta":{"_acf_changed":false,"footnotes":""},"categories":[10],"tags":[],"sector_noticias":[],"class_list":{"0":"post-1373","1":"post","2":"type-post","3":"status-publish","4":"format-standard","6":"category-articulos-prensa"},"acf":[],"yoast_head":"<!-- This site is optimized with the Yoast SEO plugin v26.4 - https:\/\/yoast.com\/wordpress\/plugins\/seo\/ -->\n<title>Aspectos a tener en cuenta con la nueva ley de derechos de autor - Abril Abogados<\/title>\n<meta name=\"robots\" content=\"index, follow, max-snippet:-1, max-image-preview:large, max-video-preview:-1\" \/>\n<link rel=\"canonical\" href=\"https:\/\/www.abrilabogados.com\/en\/noticias\/aspectos-a-tener-en-cuenta-con-la-nueva-ley-de-derechos-de-autor\/\" \/>\n<meta property=\"og:locale\" content=\"en_US\" \/>\n<meta property=\"og:type\" content=\"article\" \/>\n<meta property=\"og:title\" content=\"Aspectos a tener en cuenta con la nueva ley de derechos de autor - Abril Abogados\" \/>\n<meta property=\"og:description\" content=\"[vc_row][vc_column][vc_empty_space][\/vc_column][\/vc_row][vc_row][vc_column width=&#8221;2\/3&#8243;][vc_column_text]La era de internet ha tra\u00eddo un gran n\u00famero de avances tecnol\u00f3gicos y posibilidades con las que hace d\u00e9cadas era imposible siquiera so\u00f1ar. Pero no todo es oro en...\" \/>\n<meta property=\"og:url\" content=\"https:\/\/www.abrilabogados.com\/en\/noticias\/aspectos-a-tener-en-cuenta-con-la-nueva-ley-de-derechos-de-autor\/\" \/>\n<meta property=\"og:site_name\" content=\"Abril Abogados\" \/>\n<meta property=\"article:published_time\" content=\"2019-11-11T23:00:00+00:00\" \/>\n<meta property=\"article:modified_time\" content=\"2026-04-23T20:24:35+00:00\" \/>\n<meta name=\"author\" content=\"admin\" \/>\n<meta name=\"twitter:card\" content=\"summary_large_image\" \/>\n<meta name=\"twitter:label1\" content=\"Written by\" \/>\n\t<meta name=\"twitter:data1\" content=\"admin\" \/>\n\t<meta name=\"twitter:label2\" content=\"Est. reading time\" \/>\n\t<meta name=\"twitter:data2\" content=\"3 minutes\" \/>\n<script type=\"application\/ld+json\" class=\"yoast-schema-graph\">{\"@context\":\"https:\/\/schema.org\",\"@graph\":[{\"@type\":\"WebPage\",\"@id\":\"https:\/\/www.abrilabogados.com\/en\/noticias\/aspectos-a-tener-en-cuenta-con-la-nueva-ley-de-derechos-de-autor\/\",\"url\":\"https:\/\/www.abrilabogados.com\/en\/noticias\/aspectos-a-tener-en-cuenta-con-la-nueva-ley-de-derechos-de-autor\/\",\"name\":\"Aspectos a tener en cuenta con la nueva ley de derechos de autor - Abril Abogados\",\"isPartOf\":{\"@id\":\"https:\/\/www.abrilabogados.com\/en\/#website\"},\"datePublished\":\"2019-11-11T23:00:00+00:00\",\"dateModified\":\"2026-04-23T20:24:35+00:00\",\"author\":{\"@id\":\"https:\/\/www.abrilabogados.com\/en\/#\/schema\/person\/750a358f28e46d5003b31222bddd9ed8\"},\"breadcrumb\":{\"@id\":\"https:\/\/www.abrilabogados.com\/en\/noticias\/aspectos-a-tener-en-cuenta-con-la-nueva-ley-de-derechos-de-autor\/#breadcrumb\"},\"inLanguage\":\"en-US\",\"potentialAction\":[{\"@type\":\"ReadAction\",\"target\":[\"https:\/\/www.abrilabogados.com\/en\/noticias\/aspectos-a-tener-en-cuenta-con-la-nueva-ley-de-derechos-de-autor\/\"]}]},{\"@type\":\"BreadcrumbList\",\"@id\":\"https:\/\/www.abrilabogados.com\/en\/noticias\/aspectos-a-tener-en-cuenta-con-la-nueva-ley-de-derechos-de-autor\/#breadcrumb\",\"itemListElement\":[{\"@type\":\"ListItem\",\"position\":1,\"name\":\"Abril Abogados News\",\"item\":\"\/en\/noticias\/\"},{\"@type\":\"ListItem\",\"position\":2,\"name\":\"Aspectos a tener en cuenta con la nueva ley de derechos de autor\"}]},{\"@type\":\"WebSite\",\"@id\":\"https:\/\/www.abrilabogados.com\/en\/#website\",\"url\":\"https:\/\/www.abrilabogados.com\/en\/\",\"name\":\"Abril Abogados\",\"description\":\"\",\"potentialAction\":[{\"@type\":\"SearchAction\",\"target\":{\"@type\":\"EntryPoint\",\"urlTemplate\":\"https:\/\/www.abrilabogados.com\/en\/?s={search_term_string}\"},\"query-input\":{\"@type\":\"PropertyValueSpecification\",\"valueRequired\":true,\"valueName\":\"search_term_string\"}}],\"inLanguage\":\"en-US\"},{\"@type\":\"Person\",\"@id\":\"https:\/\/www.abrilabogados.com\/en\/#\/schema\/person\/750a358f28e46d5003b31222bddd9ed8\",\"name\":\"admin\",\"image\":{\"@type\":\"ImageObject\",\"inLanguage\":\"en-US\",\"@id\":\"https:\/\/www.abrilabogados.com\/en\/#\/schema\/person\/image\/\",\"url\":\"https:\/\/secure.gravatar.com\/avatar\/52d6bc19e862502e6ff2f700f23c607b54491a2d4a05fc0f2a79b8077f4bc25c?s=96&d=mm&r=g\",\"contentUrl\":\"https:\/\/secure.gravatar.com\/avatar\/52d6bc19e862502e6ff2f700f23c607b54491a2d4a05fc0f2a79b8077f4bc25c?s=96&d=mm&r=g\",\"caption\":\"admin\"},\"sameAs\":[\"https:\/\/www.abrilabogados.com\"],\"url\":\"https:\/\/www.abrilabogados.com\/en\/noticias\/author\/charly_wpadmin\/\"}]}<\/script>\n<!-- \/ Yoast SEO plugin. -->","yoast_head_json":{"title":"Aspectos a tener en cuenta con la nueva ley de derechos de autor - Abril Abogados","robots":{"index":"index","follow":"follow","max-snippet":"max-snippet:-1","max-image-preview":"max-image-preview:large","max-video-preview":"max-video-preview:-1"},"canonical":"https:\/\/www.abrilabogados.com\/en\/noticias\/aspectos-a-tener-en-cuenta-con-la-nueva-ley-de-derechos-de-autor\/","og_locale":"en_US","og_type":"article","og_title":"Aspectos a tener en cuenta con la nueva ley de derechos de autor - Abril Abogados","og_description":"[vc_row][vc_column][vc_empty_space][\/vc_column][\/vc_row][vc_row][vc_column width=&#8221;2\/3&#8243;][vc_column_text]La era de internet ha tra\u00eddo un gran n\u00famero de avances tecnol\u00f3gicos y posibilidades con las que hace d\u00e9cadas era imposible siquiera so\u00f1ar. Pero no todo es oro en...","og_url":"https:\/\/www.abrilabogados.com\/en\/noticias\/aspectos-a-tener-en-cuenta-con-la-nueva-ley-de-derechos-de-autor\/","og_site_name":"Abril Abogados","article_published_time":"2019-11-11T23:00:00+00:00","article_modified_time":"2026-04-23T20:24:35+00:00","author":"admin","twitter_card":"summary_large_image","twitter_misc":{"Written by":"admin","Est. reading time":"3 minutes"},"schema":{"@context":"https:\/\/schema.org","@graph":[{"@type":"WebPage","@id":"https:\/\/www.abrilabogados.com\/en\/noticias\/aspectos-a-tener-en-cuenta-con-la-nueva-ley-de-derechos-de-autor\/","url":"https:\/\/www.abrilabogados.com\/en\/noticias\/aspectos-a-tener-en-cuenta-con-la-nueva-ley-de-derechos-de-autor\/","name":"Aspectos a tener en cuenta con la nueva ley de derechos de autor - Abril Abogados","isPartOf":{"@id":"https:\/\/www.abrilabogados.com\/en\/#website"},"datePublished":"2019-11-11T23:00:00+00:00","dateModified":"2026-04-23T20:24:35+00:00","author":{"@id":"https:\/\/www.abrilabogados.com\/en\/#\/schema\/person\/750a358f28e46d5003b31222bddd9ed8"},"breadcrumb":{"@id":"https:\/\/www.abrilabogados.com\/en\/noticias\/aspectos-a-tener-en-cuenta-con-la-nueva-ley-de-derechos-de-autor\/#breadcrumb"},"inLanguage":"en-US","potentialAction":[{"@type":"ReadAction","target":["https:\/\/www.abrilabogados.com\/en\/noticias\/aspectos-a-tener-en-cuenta-con-la-nueva-ley-de-derechos-de-autor\/"]}]},{"@type":"BreadcrumbList","@id":"https:\/\/www.abrilabogados.com\/en\/noticias\/aspectos-a-tener-en-cuenta-con-la-nueva-ley-de-derechos-de-autor\/#breadcrumb","itemListElement":[{"@type":"ListItem","position":1,"name":"Abril Abogados News","item":"\/en\/noticias\/"},{"@type":"ListItem","position":2,"name":"Aspectos a tener en cuenta con la nueva ley de derechos de autor"}]},{"@type":"WebSite","@id":"https:\/\/www.abrilabogados.com\/en\/#website","url":"https:\/\/www.abrilabogados.com\/en\/","name":"Abril Abogados","description":"","potentialAction":[{"@type":"SearchAction","target":{"@type":"EntryPoint","urlTemplate":"https:\/\/www.abrilabogados.com\/en\/?s={search_term_string}"},"query-input":{"@type":"PropertyValueSpecification","valueRequired":true,"valueName":"search_term_string"}}],"inLanguage":"en-US"},{"@type":"Person","@id":"https:\/\/www.abrilabogados.com\/en\/#\/schema\/person\/750a358f28e46d5003b31222bddd9ed8","name":"admin","image":{"@type":"ImageObject","inLanguage":"en-US","@id":"https:\/\/www.abrilabogados.com\/en\/#\/schema\/person\/image\/","url":"https:\/\/secure.gravatar.com\/avatar\/52d6bc19e862502e6ff2f700f23c607b54491a2d4a05fc0f2a79b8077f4bc25c?s=96&d=mm&r=g","contentUrl":"https:\/\/secure.gravatar.com\/avatar\/52d6bc19e862502e6ff2f700f23c607b54491a2d4a05fc0f2a79b8077f4bc25c?s=96&d=mm&r=g","caption":"admin"},"sameAs":["https:\/\/www.abrilabogados.com"],"url":"https:\/\/www.abrilabogados.com\/en\/noticias\/author\/charly_wpadmin\/"}]}},"_links":{"self":[{"href":"https:\/\/www.abrilabogados.com\/en\/wp-json\/wp\/v2\/posts\/1373","targetHints":{"allow":["GET"]}}],"collection":[{"href":"https:\/\/www.abrilabogados.com\/en\/wp-json\/wp\/v2\/posts"}],"about":[{"href":"https:\/\/www.abrilabogados.com\/en\/wp-json\/wp\/v2\/types\/post"}],"author":[{"embeddable":true,"href":"https:\/\/www.abrilabogados.com\/en\/wp-json\/wp\/v2\/users\/1"}],"replies":[{"embeddable":true,"href":"https:\/\/www.abrilabogados.com\/en\/wp-json\/wp\/v2\/comments?post=1373"}],"version-history":[{"count":1,"href":"https:\/\/www.abrilabogados.com\/en\/wp-json\/wp\/v2\/posts\/1373\/revisions"}],"predecessor-version":[{"id":3913,"href":"https:\/\/www.abrilabogados.com\/en\/wp-json\/wp\/v2\/posts\/1373\/revisions\/3913"}],"wp:attachment":[{"href":"https:\/\/www.abrilabogados.com\/en\/wp-json\/wp\/v2\/media?parent=1373"}],"wp:term":[{"taxonomy":"category","embeddable":true,"href":"https:\/\/www.abrilabogados.com\/en\/wp-json\/wp\/v2\/categories?post=1373"},{"taxonomy":"post_tag","embeddable":true,"href":"https:\/\/www.abrilabogados.com\/en\/wp-json\/wp\/v2\/tags?post=1373"},{"taxonomy":"sector_noticias","embeddable":true,"href":"https:\/\/www.abrilabogados.com\/en\/wp-json\/wp\/v2\/sector_noticias?post=1373"}],"curies":[{"name":"wp","href":"https:\/\/api.w.org\/{rel}","templated":true}]}}