{"id":1379,"date":"2020-01-20T00:00:00","date_gmt":"2020-01-19T23:00:00","guid":{"rendered":"https:\/\/www.abrilabogados.com\/artistas-y-discograficas\/"},"modified":"2026-04-23T22:24:36","modified_gmt":"2026-04-23T20:24:36","slug":"artistas-y-discograficas","status":"publish","type":"post","link":"https:\/\/www.abrilabogados.com\/en\/noticias\/artistas-y-discograficas\/","title":{"rendered":"Artistas y Discogr\u00e1ficas"},"content":{"rendered":"[vc_row][vc_column][vc_empty_space][\/vc_column][\/vc_row][vc_row][vc_column width=&#8221;2\/3&#8243;][vc_row_inner][vc_column_inner width=&#8221;1\/2&#8243;][vc_single_image image=&#8221;333&#8243; img_size=&#8221;full&#8221;][\/vc_column_inner][vc_column_inner width=&#8221;1\/2&#8243;][vc_column_text]Ignacio Temi\u00f1o, socio de Abril Abogados, habla para Expansi\u00f3n sobre las batallas legales entre los artistas y sus discogr\u00e1ficas.<\/p>\n<p><!--more--><\/p>\n<p>Link a la noticia completa <a href=\"https:\/\/www.expansion.com\/juridico\/actualidad-tendencias\/2020\/01\/16\/5e1f57d3e5fdeaac348b4611.html\">aqu\u00ed<\/a>.[\/vc_column_text][\/vc_column_inner][\/vc_row_inner][\/vc_column][vc_column width=&#8221;1\/3&#8243;][vc_custom_heading text=&#8221;Abril Informa&#8221; font_container=&#8221;tag:h2|text_align:left|color:%23b30000&#8243; use_theme_fonts=&#8221;yes&#8221;][vc_empty_space height=&#8221;20px&#8221;][vc_basic_grid post_type=&#8221;post&#8221; max_items=&#8221;2&#8243; element_width=&#8221;12&#8243; item=&#8221;606&#8243; grid_id=&#8221;vc_gid:1580718179505-b7432955-9c50-4&#8243; taxonomies=&#8221;8&#8243;][\/vc_column][\/vc_row]\n","protected":false},"excerpt":{"rendered":"<p>[vc_row][vc_column][vc_empty_space][\/vc_column][\/vc_row][vc_row][vc_column width=&#8221;2\/3&#8243;][vc_row_inner][vc_column_inner width=&#8221;1\/2&#8243;][vc_single_image image=&#8221;333&#8243; img_size=&#8221;full&#8221;][\/vc_column_inner][vc_column_inner width=&#8221;1\/2&#8243;][vc_column_text]Ignacio Temi\u00f1o, socio de Abril Abogados, habla para Expansi\u00f3n sobre las batallas legales entre los artistas y sus discogr\u00e1ficas.<\/p>\n","protected":false},"author":1,"featured_media":0,"comment_status":"closed","ping_status":"open","sticky":false,"template":"","format":"standard","meta":{"_acf_changed":false,"footnotes":""},"categories":[10],"tags":[],"sector_noticias":[],"class_list":{"0":"post-1379","1":"post","2":"type-post","3":"status-publish","4":"format-standard","6":"category-articulos-prensa"},"acf":[],"yoast_head":"<!-- This site is optimized with the Yoast SEO plugin v26.4 - https:\/\/yoast.com\/wordpress\/plugins\/seo\/ -->\n<title>Artistas y Discogr\u00e1ficas - Abril Abogados<\/title>\n<meta name=\"robots\" content=\"index, follow, max-snippet:-1, max-image-preview:large, max-video-preview:-1\" \/>\n<link rel=\"canonical\" href=\"https:\/\/www.abrilabogados.com\/en\/noticias\/artistas-y-discograficas\/\" \/>\n<meta property=\"og:locale\" content=\"en_US\" \/>\n<meta property=\"og:type\" content=\"article\" \/>\n<meta property=\"og:title\" content=\"Artistas y Discogr\u00e1ficas - Abril Abogados\" \/>\n<meta property=\"og:description\" content=\"[vc_row][vc_column][vc_empty_space][\/vc_column][\/vc_row][vc_row][vc_column width=&#8221;2\/3&#8243;][vc_row_inner][vc_column_inner width=&#8221;1\/2&#8243;][vc_single_image image=&#8221;333&#8243; img_size=&#8221;full&#8221;][\/vc_column_inner][vc_column_inner width=&#8221;1\/2&#8243;][vc_column_text]Ignacio Temi\u00f1o, socio de Abril Abogados, habla para Expansi\u00f3n sobre las batallas legales entre los artistas y sus discogr\u00e1ficas.\" \/>\n<meta property=\"og:url\" content=\"https:\/\/www.abrilabogados.com\/en\/noticias\/artistas-y-discograficas\/\" \/>\n<meta property=\"og:site_name\" content=\"Abril Abogados\" \/>\n<meta property=\"article:published_time\" content=\"2020-01-19T23:00:00+00:00\" \/>\n<meta property=\"article:modified_time\" content=\"2026-04-23T20:24:36+00:00\" \/>\n<meta name=\"author\" content=\"admin\" \/>\n<meta name=\"twitter:card\" content=\"summary_large_image\" \/>\n<meta name=\"twitter:label1\" content=\"Written by\" \/>\n\t<meta name=\"twitter:data1\" content=\"admin\" \/>\n\t<meta name=\"twitter:label2\" content=\"Est. reading time\" \/>\n\t<meta name=\"twitter:data2\" content=\"1 minute\" \/>\n<script type=\"application\/ld+json\" class=\"yoast-schema-graph\">{\"@context\":\"https:\/\/schema.org\",\"@graph\":[{\"@type\":\"WebPage\",\"@id\":\"https:\/\/www.abrilabogados.com\/en\/noticias\/artistas-y-discograficas\/\",\"url\":\"https:\/\/www.abrilabogados.com\/en\/noticias\/artistas-y-discograficas\/\",\"name\":\"Artistas y Discogr\u00e1ficas - Abril Abogados\",\"isPartOf\":{\"@id\":\"https:\/\/www.abrilabogados.com\/en\/#website\"},\"datePublished\":\"2020-01-19T23:00:00+00:00\",\"dateModified\":\"2026-04-23T20:24:36+00:00\",\"author\":{\"@id\":\"https:\/\/www.abrilabogados.com\/en\/#\/schema\/person\/750a358f28e46d5003b31222bddd9ed8\"},\"breadcrumb\":{\"@id\":\"https:\/\/www.abrilabogados.com\/en\/noticias\/artistas-y-discograficas\/#breadcrumb\"},\"inLanguage\":\"en-US\",\"potentialAction\":[{\"@type\":\"ReadAction\",\"target\":[\"https:\/\/www.abrilabogados.com\/en\/noticias\/artistas-y-discograficas\/\"]}]},{\"@type\":\"BreadcrumbList\",\"@id\":\"https:\/\/www.abrilabogados.com\/en\/noticias\/artistas-y-discograficas\/#breadcrumb\",\"itemListElement\":[{\"@type\":\"ListItem\",\"position\":1,\"name\":\"Abril Abogados News\",\"item\":\"\/en\/noticias\/\"},{\"@type\":\"ListItem\",\"position\":2,\"name\":\"Artistas y Discogr\u00e1ficas\"}]},{\"@type\":\"WebSite\",\"@id\":\"https:\/\/www.abrilabogados.com\/en\/#website\",\"url\":\"https:\/\/www.abrilabogados.com\/en\/\",\"name\":\"Abril Abogados\",\"description\":\"\",\"potentialAction\":[{\"@type\":\"SearchAction\",\"target\":{\"@type\":\"EntryPoint\",\"urlTemplate\":\"https:\/\/www.abrilabogados.com\/en\/?s={search_term_string}\"},\"query-input\":{\"@type\":\"PropertyValueSpecification\",\"valueRequired\":true,\"valueName\":\"search_term_string\"}}],\"inLanguage\":\"en-US\"},{\"@type\":\"Person\",\"@id\":\"https:\/\/www.abrilabogados.com\/en\/#\/schema\/person\/750a358f28e46d5003b31222bddd9ed8\",\"name\":\"admin\",\"image\":{\"@type\":\"ImageObject\",\"inLanguage\":\"en-US\",\"@id\":\"https:\/\/www.abrilabogados.com\/en\/#\/schema\/person\/image\/\",\"url\":\"https:\/\/secure.gravatar.com\/avatar\/52d6bc19e862502e6ff2f700f23c607b54491a2d4a05fc0f2a79b8077f4bc25c?s=96&d=mm&r=g\",\"contentUrl\":\"https:\/\/secure.gravatar.com\/avatar\/52d6bc19e862502e6ff2f700f23c607b54491a2d4a05fc0f2a79b8077f4bc25c?s=96&d=mm&r=g\",\"caption\":\"admin\"},\"sameAs\":[\"https:\/\/www.abrilabogados.com\"],\"url\":\"https:\/\/www.abrilabogados.com\/en\/noticias\/author\/charly_wpadmin\/\"}]}<\/script>\n<!-- \/ Yoast SEO plugin. -->","yoast_head_json":{"title":"Artistas y Discogr\u00e1ficas - Abril Abogados","robots":{"index":"index","follow":"follow","max-snippet":"max-snippet:-1","max-image-preview":"max-image-preview:large","max-video-preview":"max-video-preview:-1"},"canonical":"https:\/\/www.abrilabogados.com\/en\/noticias\/artistas-y-discograficas\/","og_locale":"en_US","og_type":"article","og_title":"Artistas y Discogr\u00e1ficas - Abril Abogados","og_description":"[vc_row][vc_column][vc_empty_space][\/vc_column][\/vc_row][vc_row][vc_column width=&#8221;2\/3&#8243;][vc_row_inner][vc_column_inner width=&#8221;1\/2&#8243;][vc_single_image image=&#8221;333&#8243; img_size=&#8221;full&#8221;][\/vc_column_inner][vc_column_inner width=&#8221;1\/2&#8243;][vc_column_text]Ignacio Temi\u00f1o, socio de Abril Abogados, habla para Expansi\u00f3n sobre las batallas legales entre los artistas y sus discogr\u00e1ficas.","og_url":"https:\/\/www.abrilabogados.com\/en\/noticias\/artistas-y-discograficas\/","og_site_name":"Abril Abogados","article_published_time":"2020-01-19T23:00:00+00:00","article_modified_time":"2026-04-23T20:24:36+00:00","author":"admin","twitter_card":"summary_large_image","twitter_misc":{"Written by":"admin","Est. reading time":"1 minute"},"schema":{"@context":"https:\/\/schema.org","@graph":[{"@type":"WebPage","@id":"https:\/\/www.abrilabogados.com\/en\/noticias\/artistas-y-discograficas\/","url":"https:\/\/www.abrilabogados.com\/en\/noticias\/artistas-y-discograficas\/","name":"Artistas y Discogr\u00e1ficas - Abril Abogados","isPartOf":{"@id":"https:\/\/www.abrilabogados.com\/en\/#website"},"datePublished":"2020-01-19T23:00:00+00:00","dateModified":"2026-04-23T20:24:36+00:00","author":{"@id":"https:\/\/www.abrilabogados.com\/en\/#\/schema\/person\/750a358f28e46d5003b31222bddd9ed8"},"breadcrumb":{"@id":"https:\/\/www.abrilabogados.com\/en\/noticias\/artistas-y-discograficas\/#breadcrumb"},"inLanguage":"en-US","potentialAction":[{"@type":"ReadAction","target":["https:\/\/www.abrilabogados.com\/en\/noticias\/artistas-y-discograficas\/"]}]},{"@type":"BreadcrumbList","@id":"https:\/\/www.abrilabogados.com\/en\/noticias\/artistas-y-discograficas\/#breadcrumb","itemListElement":[{"@type":"ListItem","position":1,"name":"Abril Abogados News","item":"\/en\/noticias\/"},{"@type":"ListItem","position":2,"name":"Artistas y Discogr\u00e1ficas"}]},{"@type":"WebSite","@id":"https:\/\/www.abrilabogados.com\/en\/#website","url":"https:\/\/www.abrilabogados.com\/en\/","name":"Abril Abogados","description":"","potentialAction":[{"@type":"SearchAction","target":{"@type":"EntryPoint","urlTemplate":"https:\/\/www.abrilabogados.com\/en\/?s={search_term_string}"},"query-input":{"@type":"PropertyValueSpecification","valueRequired":true,"valueName":"search_term_string"}}],"inLanguage":"en-US"},{"@type":"Person","@id":"https:\/\/www.abrilabogados.com\/en\/#\/schema\/person\/750a358f28e46d5003b31222bddd9ed8","name":"admin","image":{"@type":"ImageObject","inLanguage":"en-US","@id":"https:\/\/www.abrilabogados.com\/en\/#\/schema\/person\/image\/","url":"https:\/\/secure.gravatar.com\/avatar\/52d6bc19e862502e6ff2f700f23c607b54491a2d4a05fc0f2a79b8077f4bc25c?s=96&d=mm&r=g","contentUrl":"https:\/\/secure.gravatar.com\/avatar\/52d6bc19e862502e6ff2f700f23c607b54491a2d4a05fc0f2a79b8077f4bc25c?s=96&d=mm&r=g","caption":"admin"},"sameAs":["https:\/\/www.abrilabogados.com"],"url":"https:\/\/www.abrilabogados.com\/en\/noticias\/author\/charly_wpadmin\/"}]}},"_links":{"self":[{"href":"https:\/\/www.abrilabogados.com\/en\/wp-json\/wp\/v2\/posts\/1379","targetHints":{"allow":["GET"]}}],"collection":[{"href":"https:\/\/www.abrilabogados.com\/en\/wp-json\/wp\/v2\/posts"}],"about":[{"href":"https:\/\/www.abrilabogados.com\/en\/wp-json\/wp\/v2\/types\/post"}],"author":[{"embeddable":true,"href":"https:\/\/www.abrilabogados.com\/en\/wp-json\/wp\/v2\/users\/1"}],"replies":[{"embeddable":true,"href":"https:\/\/www.abrilabogados.com\/en\/wp-json\/wp\/v2\/comments?post=1379"}],"version-history":[{"count":1,"href":"https:\/\/www.abrilabogados.com\/en\/wp-json\/wp\/v2\/posts\/1379\/revisions"}],"predecessor-version":[{"id":3916,"href":"https:\/\/www.abrilabogados.com\/en\/wp-json\/wp\/v2\/posts\/1379\/revisions\/3916"}],"wp:attachment":[{"href":"https:\/\/www.abrilabogados.com\/en\/wp-json\/wp\/v2\/media?parent=1379"}],"wp:term":[{"taxonomy":"category","embeddable":true,"href":"https:\/\/www.abrilabogados.com\/en\/wp-json\/wp\/v2\/categories?post=1379"},{"taxonomy":"post_tag","embeddable":true,"href":"https:\/\/www.abrilabogados.com\/en\/wp-json\/wp\/v2\/tags?post=1379"},{"taxonomy":"sector_noticias","embeddable":true,"href":"https:\/\/www.abrilabogados.com\/en\/wp-json\/wp\/v2\/sector_noticias?post=1379"}],"curies":[{"name":"wp","href":"https:\/\/api.w.org\/{rel}","templated":true}]}}