{"id":1417,"date":"2020-09-30T00:00:00","date_gmt":"2020-09-29T22:00:00","guid":{"rendered":"https:\/\/www.abrilabogados.com\/marcas-en-tiempos-de-pandemia\/"},"modified":"2026-04-23T22:25:13","modified_gmt":"2026-04-23T20:25:13","slug":"marcas-en-tiempos-de-pandemia","status":"publish","type":"post","link":"https:\/\/www.abrilabogados.com\/en\/noticias\/marcas-en-tiempos-de-pandemia\/","title":{"rendered":"Marcas en Tiempos de Pandemia"},"content":{"rendered":"<p style=\"text-align: justify;\">La terrible enfermedad que nos est\u00e1 azotando a nivel mundial tiene tambi\u00e9n otra cara a nivel de oportunidades de negocio. En el terreno de la propiedad industrial e intelectual, lo primero que nos viene a la cabeza son los m\u00faltiples desarrollos en el campo de la investigaci\u00f3n m\u00e9dico-cient\u00edfica para la lucha, a contrarreloj, contra la pandemia: vacunas, medicamentos, tejidos inteligentes u otros elementos de protecci\u00f3n personal. Pero hay otro terreno, a veces oscuro, a veces prosaico, que tambi\u00e9n gira en torno a la enfermedad.<\/p>\n<p style=\"text-align: justify;\">En los \u00faltimos meses se han solicitado, a nivel mundial, cientos de marcas con el t\u00e9rmino COVID como elemento central; decenas m\u00e1s espec\u00edficas con COVID19; y algunas menos, pero igual de relevantes, con t\u00e9rminos y frases asociadas al momento que vivimos como PANDEMIA, RESISTIR\u00c9 (m\u00e1s de una veintena) o #YO SOY LA RESISTENCIA.<\/p>\n<p><!--more--><\/p>\n<p>Si bien es cierto que mayor\u00eda tienen un cierto componente l\u00fadico y, sin entrar a valorar el buen gusto de su titular:<img loading=\"lazy\" decoding=\"async\" class=\"wp-image-2523 alignnone\" src=\"\/wp-content\/uploads\/2020\/09\/pandemia.jpg\" alt=\"imagen pandemia\" width=\"220\" height=\"174\" \/>para un juego de mesa o la ausencia de atractivo comercial del signo distintivo elegido por mucho que est\u00e9 de moda el t\u00e9rmino:<img loading=\"lazy\" decoding=\"async\" class=\" wp-image-2522 alignnone\" src=\"\/wp-content\/uploads\/2020\/09\/pandemia-pizza.png\" alt=\"imagen pandemia pizza\" width=\"163\" height=\"163\" \/>para distinguir una pizzer\u00eda; algunas de ellas pueden ser, en la actualidad <strong>enga\u00f1osas <\/strong>y, en funci\u00f3n de las circunstancias concurrentes en cada caso,<strong> peligrosas <\/strong>si se ofertan como garant\u00eda en contra de las evidencias m\u00e9dico-cient\u00edficas.<\/p>\n<p>S\u00f3lo en Espa\u00f1a, abundan solicitudes de signos distintivos con estas caracter\u00edsticas sin que, hasta la fecha, la Oficina Espa\u00f1ola de Patentes y Marcas haya objetado lo m\u00e1s m\u00ednimo:<\/p>\n<p><img loading=\"lazy\" decoding=\"async\" class=\"aligncenter size-full wp-image-2521\" src=\"\/wp-content\/uploads\/2020\/09\/covid-free.png\" alt=\"imagen covid pandemia\" width=\"652\" height=\"218\" \/><\/p>\n<p>&nbsp;<\/p>\n<p>Recordemos que la Ley de Marcas permite, de oficio, apreciar si un signo distintivo incurre en algunas de las prohibiciones absolutas que impedir\u00edan su registro. Entre ellas, podr\u00edan encajar en determinados supuestos las letras f) y g) del art. 5:<\/p>\n<ol>\n<li><em>f) Los que sean contrarios a la Ley, al orden p\u00fablico o a las buenas costumbres.<\/em><\/li>\n<li><em>g) Los que puedan inducir al p\u00fablico a error, por ejemplo, sobre la naturaleza, la calidad o el origen geogr\u00e1fico del producto o servicio.<\/em><\/li>\n<\/ol>\n<p>Pero esta misma situaci\u00f3n se repite en otras administraciones como la EUIPO o la USPTO (oficinas de marcas de la Uni\u00f3n Europea y estadounidense, respectivamente) permitiendo el acceso al registro de marcas con id\u00e9nticas caracter\u00edsticas:<\/p>\n<p><img loading=\"lazy\" decoding=\"async\" class=\"aligncenter size-full wp-image-2520\" src=\"\/wp-content\/uploads\/2020\/09\/covid-fra.png\" alt=\"covid virus marcas\" width=\"387\" height=\"148\" \/>Ante estos hechos nos preguntamos: \u00bfDeben las autoridades intervenir de oficio ante una posible marca que, <strong>a d\u00eda de hoy<\/strong>, pudiera ser enga\u00f1osa pero no serlo dentro de unos a\u00f1os? Recordemos que una marca tiene una vigencia de 10 a\u00f1os y hasta el quinto a\u00f1o su titular no tiene obligaci\u00f3n de usarla en el mercado. \u00bfSon, por tanto, marcas \u201cvisionarias\u201d o simplemente oportunistas?<\/p>\n<p>Ciertamente, algunas llegan a abarcar todo el espectro estudiado: enga\u00f1osas, de mal gusto, con poco atractivo comercial e incluso cercanas al delito, como lo ser\u00eda la marca chilena denominada directamente <strong>COVID19<\/strong> para distinguir en clase 01: <em>Compuestos qu\u00edmicos y biol\u00f3gicos elaborados para el tratamiento del bienestar f\u00edsico, mental y social de un paciente afectado por el virus y no solamente la ausencia de la enfermedad. Incluye f\u00e1rmacos, <strong><u>remedios<\/u><\/strong>, medicamentos.<\/em><\/p>\n<p>Otras, aprovechan la gravedad del virus para convertirlo en un mensaje comercial sin ambages, como la marca estadounidense <strong>COVID<\/strong> en clase 13, para distinguir <strong>armas de fuego<\/strong>.<\/p>\n<p>Y s\u00ed, efectivamente, la marca de la Uni\u00f3n Europea\u00a0 <img loading=\"lazy\" decoding=\"async\" class=\" wp-image-2519 alignnone\" src=\"\/wp-content\/uploads\/2020\/09\/resistencia.jpg\" alt=\"marca union europea\" width=\"130\" height=\"66\" \/> est\u00e1 solicitada por D. Miguel Bos\u00e9 Domingu\u00edn (al menos as\u00ed figura en la base de datos oficial).<\/p>\n<p>&nbsp;<\/p>\n<p>&nbsp;<\/p>\n","protected":false},"excerpt":{"rendered":"<p>La terrible enfermedad que nos est\u00e1 azotando a nivel mundial tiene tambi\u00e9n otra cara a nivel de oportunidades de negocio. En el terreno de la propiedad industrial e intelectual, lo&#8230;<\/p>\n","protected":false},"author":1,"featured_media":0,"comment_status":"closed","ping_status":"open","sticky":false,"template":"","format":"standard","meta":{"_acf_changed":false,"footnotes":""},"categories":[12,9],"tags":[],"sector_noticias":[],"class_list":{"0":"post-1417","1":"post","2":"type-post","3":"status-publish","4":"format-standard","6":"category-noticias","7":"category-pildoras"},"acf":[],"yoast_head":"<!-- This site is optimized with the Yoast SEO plugin v26.4 - https:\/\/yoast.com\/wordpress\/plugins\/seo\/ -->\n<title>Marcas en Tiempos de Pandemia - Abril Abogados<\/title>\n<meta name=\"robots\" content=\"index, follow, max-snippet:-1, max-image-preview:large, max-video-preview:-1\" \/>\n<link rel=\"canonical\" href=\"https:\/\/www.abrilabogados.com\/en\/noticias\/marcas-en-tiempos-de-pandemia\/\" \/>\n<meta property=\"og:locale\" content=\"en_US\" \/>\n<meta property=\"og:type\" content=\"article\" \/>\n<meta property=\"og:title\" content=\"Marcas en Tiempos de Pandemia - Abril Abogados\" \/>\n<meta property=\"og:description\" content=\"La terrible enfermedad que nos est\u00e1 azotando a nivel mundial tiene tambi\u00e9n otra cara a nivel de oportunidades de negocio. En el terreno de la propiedad industrial e intelectual, lo...\" \/>\n<meta property=\"og:url\" content=\"https:\/\/www.abrilabogados.com\/en\/noticias\/marcas-en-tiempos-de-pandemia\/\" \/>\n<meta property=\"og:site_name\" content=\"Abril Abogados\" \/>\n<meta property=\"article:published_time\" content=\"2020-09-29T22:00:00+00:00\" \/>\n<meta property=\"article:modified_time\" content=\"2026-04-23T20:25:13+00:00\" \/>\n<meta name=\"author\" content=\"admin\" \/>\n<meta name=\"twitter:card\" content=\"summary_large_image\" \/>\n<meta name=\"twitter:label1\" content=\"Written by\" \/>\n\t<meta name=\"twitter:data1\" content=\"admin\" \/>\n\t<meta name=\"twitter:label2\" content=\"Est. reading time\" \/>\n\t<meta name=\"twitter:data2\" content=\"3 minutes\" \/>\n<script type=\"application\/ld+json\" class=\"yoast-schema-graph\">{\"@context\":\"https:\/\/schema.org\",\"@graph\":[{\"@type\":\"WebPage\",\"@id\":\"https:\/\/www.abrilabogados.com\/en\/noticias\/marcas-en-tiempos-de-pandemia\/\",\"url\":\"https:\/\/www.abrilabogados.com\/en\/noticias\/marcas-en-tiempos-de-pandemia\/\",\"name\":\"Marcas en Tiempos de Pandemia - Abril Abogados\",\"isPartOf\":{\"@id\":\"https:\/\/www.abrilabogados.com\/en\/#website\"},\"datePublished\":\"2020-09-29T22:00:00+00:00\",\"dateModified\":\"2026-04-23T20:25:13+00:00\",\"author\":{\"@id\":\"https:\/\/www.abrilabogados.com\/en\/#\/schema\/person\/750a358f28e46d5003b31222bddd9ed8\"},\"breadcrumb\":{\"@id\":\"https:\/\/www.abrilabogados.com\/en\/noticias\/marcas-en-tiempos-de-pandemia\/#breadcrumb\"},\"inLanguage\":\"en-US\",\"potentialAction\":[{\"@type\":\"ReadAction\",\"target\":[\"https:\/\/www.abrilabogados.com\/en\/noticias\/marcas-en-tiempos-de-pandemia\/\"]}]},{\"@type\":\"BreadcrumbList\",\"@id\":\"https:\/\/www.abrilabogados.com\/en\/noticias\/marcas-en-tiempos-de-pandemia\/#breadcrumb\",\"itemListElement\":[{\"@type\":\"ListItem\",\"position\":1,\"name\":\"Abril Abogados News\",\"item\":\"\/en\/noticias\/\"},{\"@type\":\"ListItem\",\"position\":2,\"name\":\"Marcas en Tiempos de Pandemia\"}]},{\"@type\":\"WebSite\",\"@id\":\"https:\/\/www.abrilabogados.com\/en\/#website\",\"url\":\"https:\/\/www.abrilabogados.com\/en\/\",\"name\":\"Abril Abogados\",\"description\":\"\",\"potentialAction\":[{\"@type\":\"SearchAction\",\"target\":{\"@type\":\"EntryPoint\",\"urlTemplate\":\"https:\/\/www.abrilabogados.com\/en\/?s={search_term_string}\"},\"query-input\":{\"@type\":\"PropertyValueSpecification\",\"valueRequired\":true,\"valueName\":\"search_term_string\"}}],\"inLanguage\":\"en-US\"},{\"@type\":\"Person\",\"@id\":\"https:\/\/www.abrilabogados.com\/en\/#\/schema\/person\/750a358f28e46d5003b31222bddd9ed8\",\"name\":\"admin\",\"image\":{\"@type\":\"ImageObject\",\"inLanguage\":\"en-US\",\"@id\":\"https:\/\/www.abrilabogados.com\/en\/#\/schema\/person\/image\/\",\"url\":\"https:\/\/secure.gravatar.com\/avatar\/52d6bc19e862502e6ff2f700f23c607b54491a2d4a05fc0f2a79b8077f4bc25c?s=96&d=mm&r=g\",\"contentUrl\":\"https:\/\/secure.gravatar.com\/avatar\/52d6bc19e862502e6ff2f700f23c607b54491a2d4a05fc0f2a79b8077f4bc25c?s=96&d=mm&r=g\",\"caption\":\"admin\"},\"sameAs\":[\"https:\/\/www.abrilabogados.com\"],\"url\":\"https:\/\/www.abrilabogados.com\/en\/noticias\/author\/charly_wpadmin\/\"}]}<\/script>\n<!-- \/ Yoast SEO plugin. -->","yoast_head_json":{"title":"Marcas en Tiempos de Pandemia - Abril Abogados","robots":{"index":"index","follow":"follow","max-snippet":"max-snippet:-1","max-image-preview":"max-image-preview:large","max-video-preview":"max-video-preview:-1"},"canonical":"https:\/\/www.abrilabogados.com\/en\/noticias\/marcas-en-tiempos-de-pandemia\/","og_locale":"en_US","og_type":"article","og_title":"Marcas en Tiempos de Pandemia - Abril Abogados","og_description":"La terrible enfermedad que nos est\u00e1 azotando a nivel mundial tiene tambi\u00e9n otra cara a nivel de oportunidades de negocio. En el terreno de la propiedad industrial e intelectual, lo...","og_url":"https:\/\/www.abrilabogados.com\/en\/noticias\/marcas-en-tiempos-de-pandemia\/","og_site_name":"Abril Abogados","article_published_time":"2020-09-29T22:00:00+00:00","article_modified_time":"2026-04-23T20:25:13+00:00","author":"admin","twitter_card":"summary_large_image","twitter_misc":{"Written by":"admin","Est. reading time":"3 minutes"},"schema":{"@context":"https:\/\/schema.org","@graph":[{"@type":"WebPage","@id":"https:\/\/www.abrilabogados.com\/en\/noticias\/marcas-en-tiempos-de-pandemia\/","url":"https:\/\/www.abrilabogados.com\/en\/noticias\/marcas-en-tiempos-de-pandemia\/","name":"Marcas en Tiempos de Pandemia - Abril Abogados","isPartOf":{"@id":"https:\/\/www.abrilabogados.com\/en\/#website"},"datePublished":"2020-09-29T22:00:00+00:00","dateModified":"2026-04-23T20:25:13+00:00","author":{"@id":"https:\/\/www.abrilabogados.com\/en\/#\/schema\/person\/750a358f28e46d5003b31222bddd9ed8"},"breadcrumb":{"@id":"https:\/\/www.abrilabogados.com\/en\/noticias\/marcas-en-tiempos-de-pandemia\/#breadcrumb"},"inLanguage":"en-US","potentialAction":[{"@type":"ReadAction","target":["https:\/\/www.abrilabogados.com\/en\/noticias\/marcas-en-tiempos-de-pandemia\/"]}]},{"@type":"BreadcrumbList","@id":"https:\/\/www.abrilabogados.com\/en\/noticias\/marcas-en-tiempos-de-pandemia\/#breadcrumb","itemListElement":[{"@type":"ListItem","position":1,"name":"Abril Abogados News","item":"\/en\/noticias\/"},{"@type":"ListItem","position":2,"name":"Marcas en Tiempos de Pandemia"}]},{"@type":"WebSite","@id":"https:\/\/www.abrilabogados.com\/en\/#website","url":"https:\/\/www.abrilabogados.com\/en\/","name":"Abril Abogados","description":"","potentialAction":[{"@type":"SearchAction","target":{"@type":"EntryPoint","urlTemplate":"https:\/\/www.abrilabogados.com\/en\/?s={search_term_string}"},"query-input":{"@type":"PropertyValueSpecification","valueRequired":true,"valueName":"search_term_string"}}],"inLanguage":"en-US"},{"@type":"Person","@id":"https:\/\/www.abrilabogados.com\/en\/#\/schema\/person\/750a358f28e46d5003b31222bddd9ed8","name":"admin","image":{"@type":"ImageObject","inLanguage":"en-US","@id":"https:\/\/www.abrilabogados.com\/en\/#\/schema\/person\/image\/","url":"https:\/\/secure.gravatar.com\/avatar\/52d6bc19e862502e6ff2f700f23c607b54491a2d4a05fc0f2a79b8077f4bc25c?s=96&d=mm&r=g","contentUrl":"https:\/\/secure.gravatar.com\/avatar\/52d6bc19e862502e6ff2f700f23c607b54491a2d4a05fc0f2a79b8077f4bc25c?s=96&d=mm&r=g","caption":"admin"},"sameAs":["https:\/\/www.abrilabogados.com"],"url":"https:\/\/www.abrilabogados.com\/en\/noticias\/author\/charly_wpadmin\/"}]}},"_links":{"self":[{"href":"https:\/\/www.abrilabogados.com\/en\/wp-json\/wp\/v2\/posts\/1417","targetHints":{"allow":["GET"]}}],"collection":[{"href":"https:\/\/www.abrilabogados.com\/en\/wp-json\/wp\/v2\/posts"}],"about":[{"href":"https:\/\/www.abrilabogados.com\/en\/wp-json\/wp\/v2\/types\/post"}],"author":[{"embeddable":true,"href":"https:\/\/www.abrilabogados.com\/en\/wp-json\/wp\/v2\/users\/1"}],"replies":[{"embeddable":true,"href":"https:\/\/www.abrilabogados.com\/en\/wp-json\/wp\/v2\/comments?post=1417"}],"version-history":[{"count":1,"href":"https:\/\/www.abrilabogados.com\/en\/wp-json\/wp\/v2\/posts\/1417\/revisions"}],"predecessor-version":[{"id":3933,"href":"https:\/\/www.abrilabogados.com\/en\/wp-json\/wp\/v2\/posts\/1417\/revisions\/3933"}],"wp:attachment":[{"href":"https:\/\/www.abrilabogados.com\/en\/wp-json\/wp\/v2\/media?parent=1417"}],"wp:term":[{"taxonomy":"category","embeddable":true,"href":"https:\/\/www.abrilabogados.com\/en\/wp-json\/wp\/v2\/categories?post=1417"},{"taxonomy":"post_tag","embeddable":true,"href":"https:\/\/www.abrilabogados.com\/en\/wp-json\/wp\/v2\/tags?post=1417"},{"taxonomy":"sector_noticias","embeddable":true,"href":"https:\/\/www.abrilabogados.com\/en\/wp-json\/wp\/v2\/sector_noticias?post=1417"}],"curies":[{"name":"wp","href":"https:\/\/api.w.org\/{rel}","templated":true}]}}