{"id":1473,"date":"2021-11-23T00:00:00","date_gmt":"2021-11-22T23:00:00","guid":{"rendered":"https:\/\/www.abrilabogados.com\/estan-tus-marcas-preparadas-para-el-metaverso\/"},"modified":"2026-04-23T22:25:59","modified_gmt":"2026-04-23T20:25:59","slug":"estan-tus-marcas-preparadas-para-el-metaverso","status":"publish","type":"post","link":"https:\/\/www.abrilabogados.com\/en\/noticias\/estan-tus-marcas-preparadas-para-el-metaverso\/","title":{"rendered":"\u00bfEst\u00e1n tus marcas preparadas para el METAVERSO?"},"content":{"rendered":"<p style=\"text-align: justify;\">El reciente anuncio de Mark Zuckerberg de que su red social m\u00e1s conocida pasar\u00e1 a denominarse META provoc\u00f3 que la mayor\u00eda de la poblaci\u00f3n escuchara por primera vez la palabra <strong><em>metaverso<\/em><\/strong>.<\/p>\n<p style=\"text-align: justify;\">Google se llen\u00f3 de consultas acerca de en qu\u00e9 consist\u00eda aquello del <em>metaverso<\/em> y, quienes ya conoc\u00edan lo que era (o lo que ser\u00e1, o lo que pretende ser) empezaron a llenar las Oficinas de propiedad industrial de todos los pa\u00edses del mundo de solicitudes de marcas compuestas por la ra\u00edz META<strong><sup>1<\/sup><\/strong>.<\/p>\n<p style=\"text-align: justify;\"><!--more--><\/p>\n<p style=\"text-align: justify;\">Lo evidente, es que todo lo que este chico toca, lo hace explotar (enti\u00e9ndase en el buen sentido). Ya es el due\u00f1o de las comunicaciones sociales en el mundo real y pretende serlo, tambi\u00e9n, en el virtual. \u00a0Eso s\u00ed, nos da entre 5 o 10 a\u00f1os para, primero aceptarlo y segundo, adaptarnos, seg\u00fan \u00e9l mismo afirm\u00f3 en el lanzamiento de esta nueva plataforma.<\/p>\n<p style=\"text-align: justify;\">Pero, \u00bfqu\u00e9 es el <strong><em>metaverso<\/em><\/strong>?<\/p>\n<p style=\"text-align: justify;\">Con origen en la novela de ciencia ficci\u00f3n <em>Snow Crash<\/em> de Neal Stephenson, este acr\u00f3nimo que proviene del griego -meta- (m\u00e1s all\u00e1) y -verso- (universo) hace referencia a \u201cuna experiencia inmersiva y multisensorial en el uso aplicado de diversos dispositivos y desarrollos tecnol\u00f3gicos en internet\u201d<strong><sup>2<\/sup><\/strong>: un concepto tan amplio y atractivo como desconocido y potencialmente ilimitado. Un universo digital paralelo donde se combina realidad virtual, realidad aumentada, 3D, y un sinf\u00edn de t\u00e9rminos tecnol\u00f3gicos todav\u00eda por inventarse donde el usuario \u201cvivir\u00e1\u201d, se comunicar\u00e1 con sus semejantes, viajar\u00e1 a pa\u00edses ex\u00f3ticos o reproducir\u00e1 la antigua Roma a su alrededor para asistir a una sesi\u00f3n del Senado y revivir un discurso de Cicer\u00f3n.<\/p>\n<p style=\"text-align: justify;\">El anuncio de Zuckerberg ha agitado a la poblaci\u00f3n, pero el metaverso ya hab\u00eda empezado a dar sus primeros pasos, m\u00e1s all\u00e1 del creador de Facebook. Hoy d\u00eda, se puede comprar o alquilar una parcela en <a href=\"http:\/\/www.decentraland.org\">Decentraland<\/a>, instalar un escenario en ella, ofrecer un concierto y comprar la entrada con la criptomoneda creada para ello: MANA<strong><sup>3<\/sup><\/strong><\/p>\n<p style=\"text-align: justify;\">Pero al igual que se puede asistir a un concierto o acudir a un museo, se podr\u00e1 entrar en una tienda virtual, comprar unas zapatillas virtuales y engalanar a nuestro yo virtual con un NFT<strong><sup>4<\/sup><\/strong> \u00fanico y exclusivo.<\/p>\n<p style=\"text-align: justify;\">\u00a0Y es aqu\u00ed donde las grandes marcas est\u00e1n empezando a posicionarse para proteger sus derechos en un universo que s\u00f3lo existe a golpe de click.<\/p>\n<p style=\"text-align: justify;\">NIKE, TOMMY HILFIGER, CAMPER\u2026entre muchos otros, empiezan a extender cautelarmente la protecci\u00f3n de sus marcas a clases como la <strong>9<\/strong> (<em>Downloadable virtual goods, namely, computer programs featuring footwear, clothing, headwear, eyewear, bags, sports bags, backpacks, sports equipment, art, toys and accessories for use online and in online virtual worlds<\/em>); la <strong>35<\/strong> <em>(<\/em><em>Retail store services in relation to virtual goods, namely, footwear, clothing, headwear, eyewear sports bags, backpacks, sports equipment, art, toys and accessories for use online; on-line retail store services in relation to virtual merchandise, namely, footwear, clothing, headwear, eyewear, bags, sports bags, backpacks, sports equipment, art, toys and accessories)<\/em> y la <strong>41<\/strong> <em>(<\/em><em>Entertainment services, namely, providing on-line, non-downloadable virtual footwear, clothing, headwear, eyewear, bags, sports bags, backpacks, sports equipment, art, toys and accessories for use in virtual environments<\/em><em>)<\/em> <strong><sup>5<\/sup><\/strong><\/p>\n<p style=\"text-align: justify;\">Todos sabemos que la regulaci\u00f3n legislativa viene dos pasos detr\u00e1s de la realidad y que a su vez, la aplicaci\u00f3n de la norma por los Tribunales, otros dos m\u00e1s tarde que la propia legislaci\u00f3n. Por ello, cuestiones tan b\u00e1sicas como lo que ocurrir\u00e1 con el <strong>principio de territorialidad<\/strong> de las marcas<strong><sup>6<\/sup><\/strong> (si todos interactuamos en un mundo virtual sin fronteras \u00bfd\u00f3nde se comete la posible infracci\u00f3n? \u00bfen qu\u00e9 pa\u00eds registro mi marca? \u00bfs\u00f3lo con una \u00fanica marca en EEUU, por ejemplo, me permite demandar a un tercero que la infrinja en el metaverso?) \u00a0el <strong>principio de especialidad<\/strong><strong><sup>7<\/sup><\/strong> (en el metaverso no hay productos y servicios, s\u00f3lo software descargable en forma de productos virtuales) o qu\u00e9 Juez ser\u00e1 competente y qu\u00e9 leyes ser\u00e1n aplicables a un acto de infracci\u00f3n de marca en el metaverso, pienso que a\u00fan tardaremos en resolverlas.<\/p>\n<p style=\"text-align: justify;\">Si los <em>smart contracts<\/em><sup>8<\/sup> son ya una realidad, \u00bfhabr\u00e1 Juzgados virtuales en el metaverso que se ocupen de dirimir controversias? \u00bfY abogados virtuales? Conf\u00edo en estar disfrutando de mi jubilaci\u00f3n cuando llegue ese momento.<\/p>\n<p style=\"text-align: justify;\"><strong>Salvador D\u00edaz<\/strong><\/p>\n<p style=\"text-align: justify;\">\u00a9noviembre de 2021<\/p>\n<hr \/>\n<p style=\"text-align: justify;\"><strong><sup>1<\/sup><\/strong> S\u00f3lo la base de datos TMView recupera m\u00e1s de 100 solicitudes de marca en los primeros quince d\u00edas del mes de noviembre en numerosos pa\u00edses. T\u00e9ngase en cuenta que esta base de datos no recoge los de la Oficina de marcas China por ejemplo.<\/p>\n<p style=\"text-align: justify;\"><strong><sup>2<\/sup><\/strong> https:\/\/es.wikipedia.org\/wiki\/Metaverso<\/p>\n<p style=\"text-align: justify;\"><strong><sup>3<\/sup><\/strong> <a href=\"https:\/\/events.decentraland.org\/\">https:\/\/events.decentraland.org\/<\/a><\/p>\n<p style=\"text-align: justify;\"><strong><sup>4<\/sup><\/strong> https:\/\/es.wikipedia.org\/wiki\/Token_no_fungible<\/p>\n<p style=\"text-align: justify;\"><strong><sup>5<\/sup><\/strong>Solicitud de marca de la UE 18586666 (bajo examen)<\/p>\n<p style=\"text-align: justify;\"><strong><sup>6<\/sup><\/strong>Las marcas despliegan sus efectos jur\u00eddicos solo en los territorios donde han sido registradas.<\/p>\n<p style=\"text-align: justify;\"><strong><sup>7<\/sup><\/strong>Por el cual se permite la convivencia de dos marcas que, aun siendo id\u00e9nticas, se destinen a productos o servicios perfectamente diferenciados.<\/p>\n<p style=\"text-align: justify;\"><strong><sup>8<\/sup><\/strong>https:\/\/es.wikipedia.org\/wiki\/Contrato_inteligente<\/p>\n","protected":false},"excerpt":{"rendered":"<p>El reciente anuncio de Mark Zuckerberg de que su red social m\u00e1s conocida pasar\u00e1 a denominarse META provoc\u00f3 que la mayor\u00eda de la poblaci\u00f3n escuchara por primera vez la palabra&#8230;<\/p>\n","protected":false},"author":1,"featured_media":0,"comment_status":"closed","ping_status":"open","sticky":false,"template":"","format":"standard","meta":{"_acf_changed":false,"footnotes":""},"categories":[10,12,9],"tags":[],"sector_noticias":[],"class_list":{"0":"post-1473","1":"post","2":"type-post","3":"status-publish","4":"format-standard","6":"category-articulos-prensa","7":"category-noticias","8":"category-pildoras"},"acf":[],"yoast_head":"<!-- This site is optimized with the Yoast SEO plugin v26.4 - https:\/\/yoast.com\/wordpress\/plugins\/seo\/ -->\n<title>\u00bfEst\u00e1n tus marcas preparadas para el METAVERSO? - Abril Abogados<\/title>\n<meta name=\"robots\" content=\"index, follow, max-snippet:-1, max-image-preview:large, max-video-preview:-1\" \/>\n<link rel=\"canonical\" href=\"https:\/\/www.abrilabogados.com\/en\/noticias\/estan-tus-marcas-preparadas-para-el-metaverso\/\" \/>\n<meta property=\"og:locale\" content=\"en_US\" \/>\n<meta property=\"og:type\" content=\"article\" \/>\n<meta property=\"og:title\" content=\"\u00bfEst\u00e1n tus marcas preparadas para el METAVERSO? - Abril Abogados\" \/>\n<meta property=\"og:description\" content=\"El reciente anuncio de Mark Zuckerberg de que su red social m\u00e1s conocida pasar\u00e1 a denominarse META provoc\u00f3 que la mayor\u00eda de la poblaci\u00f3n escuchara por primera vez la palabra...\" \/>\n<meta property=\"og:url\" content=\"https:\/\/www.abrilabogados.com\/en\/noticias\/estan-tus-marcas-preparadas-para-el-metaverso\/\" \/>\n<meta property=\"og:site_name\" content=\"Abril Abogados\" \/>\n<meta property=\"article:published_time\" content=\"2021-11-22T23:00:00+00:00\" \/>\n<meta property=\"article:modified_time\" content=\"2026-04-23T20:25:59+00:00\" \/>\n<meta name=\"author\" content=\"admin\" \/>\n<meta name=\"twitter:card\" content=\"summary_large_image\" \/>\n<meta name=\"twitter:label1\" content=\"Written by\" \/>\n\t<meta name=\"twitter:data1\" content=\"admin\" \/>\n\t<meta name=\"twitter:label2\" content=\"Est. reading time\" \/>\n\t<meta name=\"twitter:data2\" content=\"4 minutes\" \/>\n<script type=\"application\/ld+json\" class=\"yoast-schema-graph\">{\"@context\":\"https:\/\/schema.org\",\"@graph\":[{\"@type\":\"WebPage\",\"@id\":\"https:\/\/www.abrilabogados.com\/en\/noticias\/estan-tus-marcas-preparadas-para-el-metaverso\/\",\"url\":\"https:\/\/www.abrilabogados.com\/en\/noticias\/estan-tus-marcas-preparadas-para-el-metaverso\/\",\"name\":\"\u00bfEst\u00e1n tus marcas preparadas para el METAVERSO? - Abril Abogados\",\"isPartOf\":{\"@id\":\"https:\/\/www.abrilabogados.com\/en\/#website\"},\"datePublished\":\"2021-11-22T23:00:00+00:00\",\"dateModified\":\"2026-04-23T20:25:59+00:00\",\"author\":{\"@id\":\"https:\/\/www.abrilabogados.com\/en\/#\/schema\/person\/750a358f28e46d5003b31222bddd9ed8\"},\"breadcrumb\":{\"@id\":\"https:\/\/www.abrilabogados.com\/en\/noticias\/estan-tus-marcas-preparadas-para-el-metaverso\/#breadcrumb\"},\"inLanguage\":\"en-US\",\"potentialAction\":[{\"@type\":\"ReadAction\",\"target\":[\"https:\/\/www.abrilabogados.com\/en\/noticias\/estan-tus-marcas-preparadas-para-el-metaverso\/\"]}]},{\"@type\":\"BreadcrumbList\",\"@id\":\"https:\/\/www.abrilabogados.com\/en\/noticias\/estan-tus-marcas-preparadas-para-el-metaverso\/#breadcrumb\",\"itemListElement\":[{\"@type\":\"ListItem\",\"position\":1,\"name\":\"Abril Abogados News\",\"item\":\"\/en\/noticias\/\"},{\"@type\":\"ListItem\",\"position\":2,\"name\":\"\u00bfEst\u00e1n tus marcas preparadas para el METAVERSO?\"}]},{\"@type\":\"WebSite\",\"@id\":\"https:\/\/www.abrilabogados.com\/en\/#website\",\"url\":\"https:\/\/www.abrilabogados.com\/en\/\",\"name\":\"Abril Abogados\",\"description\":\"\",\"potentialAction\":[{\"@type\":\"SearchAction\",\"target\":{\"@type\":\"EntryPoint\",\"urlTemplate\":\"https:\/\/www.abrilabogados.com\/en\/?s={search_term_string}\"},\"query-input\":{\"@type\":\"PropertyValueSpecification\",\"valueRequired\":true,\"valueName\":\"search_term_string\"}}],\"inLanguage\":\"en-US\"},{\"@type\":\"Person\",\"@id\":\"https:\/\/www.abrilabogados.com\/en\/#\/schema\/person\/750a358f28e46d5003b31222bddd9ed8\",\"name\":\"admin\",\"image\":{\"@type\":\"ImageObject\",\"inLanguage\":\"en-US\",\"@id\":\"https:\/\/www.abrilabogados.com\/en\/#\/schema\/person\/image\/\",\"url\":\"https:\/\/secure.gravatar.com\/avatar\/52d6bc19e862502e6ff2f700f23c607b54491a2d4a05fc0f2a79b8077f4bc25c?s=96&d=mm&r=g\",\"contentUrl\":\"https:\/\/secure.gravatar.com\/avatar\/52d6bc19e862502e6ff2f700f23c607b54491a2d4a05fc0f2a79b8077f4bc25c?s=96&d=mm&r=g\",\"caption\":\"admin\"},\"sameAs\":[\"https:\/\/www.abrilabogados.com\"],\"url\":\"https:\/\/www.abrilabogados.com\/en\/noticias\/author\/charly_wpadmin\/\"}]}<\/script>\n<!-- \/ Yoast SEO plugin. -->","yoast_head_json":{"title":"\u00bfEst\u00e1n tus marcas preparadas para el METAVERSO? - Abril Abogados","robots":{"index":"index","follow":"follow","max-snippet":"max-snippet:-1","max-image-preview":"max-image-preview:large","max-video-preview":"max-video-preview:-1"},"canonical":"https:\/\/www.abrilabogados.com\/en\/noticias\/estan-tus-marcas-preparadas-para-el-metaverso\/","og_locale":"en_US","og_type":"article","og_title":"\u00bfEst\u00e1n tus marcas preparadas para el METAVERSO? - Abril Abogados","og_description":"El reciente anuncio de Mark Zuckerberg de que su red social m\u00e1s conocida pasar\u00e1 a denominarse META provoc\u00f3 que la mayor\u00eda de la poblaci\u00f3n escuchara por primera vez la palabra...","og_url":"https:\/\/www.abrilabogados.com\/en\/noticias\/estan-tus-marcas-preparadas-para-el-metaverso\/","og_site_name":"Abril Abogados","article_published_time":"2021-11-22T23:00:00+00:00","article_modified_time":"2026-04-23T20:25:59+00:00","author":"admin","twitter_card":"summary_large_image","twitter_misc":{"Written by":"admin","Est. reading time":"4 minutes"},"schema":{"@context":"https:\/\/schema.org","@graph":[{"@type":"WebPage","@id":"https:\/\/www.abrilabogados.com\/en\/noticias\/estan-tus-marcas-preparadas-para-el-metaverso\/","url":"https:\/\/www.abrilabogados.com\/en\/noticias\/estan-tus-marcas-preparadas-para-el-metaverso\/","name":"\u00bfEst\u00e1n tus marcas preparadas para el METAVERSO? - Abril Abogados","isPartOf":{"@id":"https:\/\/www.abrilabogados.com\/en\/#website"},"datePublished":"2021-11-22T23:00:00+00:00","dateModified":"2026-04-23T20:25:59+00:00","author":{"@id":"https:\/\/www.abrilabogados.com\/en\/#\/schema\/person\/750a358f28e46d5003b31222bddd9ed8"},"breadcrumb":{"@id":"https:\/\/www.abrilabogados.com\/en\/noticias\/estan-tus-marcas-preparadas-para-el-metaverso\/#breadcrumb"},"inLanguage":"en-US","potentialAction":[{"@type":"ReadAction","target":["https:\/\/www.abrilabogados.com\/en\/noticias\/estan-tus-marcas-preparadas-para-el-metaverso\/"]}]},{"@type":"BreadcrumbList","@id":"https:\/\/www.abrilabogados.com\/en\/noticias\/estan-tus-marcas-preparadas-para-el-metaverso\/#breadcrumb","itemListElement":[{"@type":"ListItem","position":1,"name":"Abril Abogados News","item":"\/en\/noticias\/"},{"@type":"ListItem","position":2,"name":"\u00bfEst\u00e1n tus marcas preparadas para el METAVERSO?"}]},{"@type":"WebSite","@id":"https:\/\/www.abrilabogados.com\/en\/#website","url":"https:\/\/www.abrilabogados.com\/en\/","name":"Abril Abogados","description":"","potentialAction":[{"@type":"SearchAction","target":{"@type":"EntryPoint","urlTemplate":"https:\/\/www.abrilabogados.com\/en\/?s={search_term_string}"},"query-input":{"@type":"PropertyValueSpecification","valueRequired":true,"valueName":"search_term_string"}}],"inLanguage":"en-US"},{"@type":"Person","@id":"https:\/\/www.abrilabogados.com\/en\/#\/schema\/person\/750a358f28e46d5003b31222bddd9ed8","name":"admin","image":{"@type":"ImageObject","inLanguage":"en-US","@id":"https:\/\/www.abrilabogados.com\/en\/#\/schema\/person\/image\/","url":"https:\/\/secure.gravatar.com\/avatar\/52d6bc19e862502e6ff2f700f23c607b54491a2d4a05fc0f2a79b8077f4bc25c?s=96&d=mm&r=g","contentUrl":"https:\/\/secure.gravatar.com\/avatar\/52d6bc19e862502e6ff2f700f23c607b54491a2d4a05fc0f2a79b8077f4bc25c?s=96&d=mm&r=g","caption":"admin"},"sameAs":["https:\/\/www.abrilabogados.com"],"url":"https:\/\/www.abrilabogados.com\/en\/noticias\/author\/charly_wpadmin\/"}]}},"_links":{"self":[{"href":"https:\/\/www.abrilabogados.com\/en\/wp-json\/wp\/v2\/posts\/1473","targetHints":{"allow":["GET"]}}],"collection":[{"href":"https:\/\/www.abrilabogados.com\/en\/wp-json\/wp\/v2\/posts"}],"about":[{"href":"https:\/\/www.abrilabogados.com\/en\/wp-json\/wp\/v2\/types\/post"}],"author":[{"embeddable":true,"href":"https:\/\/www.abrilabogados.com\/en\/wp-json\/wp\/v2\/users\/1"}],"replies":[{"embeddable":true,"href":"https:\/\/www.abrilabogados.com\/en\/wp-json\/wp\/v2\/comments?post=1473"}],"version-history":[{"count":1,"href":"https:\/\/www.abrilabogados.com\/en\/wp-json\/wp\/v2\/posts\/1473\/revisions"}],"predecessor-version":[{"id":3952,"href":"https:\/\/www.abrilabogados.com\/en\/wp-json\/wp\/v2\/posts\/1473\/revisions\/3952"}],"wp:attachment":[{"href":"https:\/\/www.abrilabogados.com\/en\/wp-json\/wp\/v2\/media?parent=1473"}],"wp:term":[{"taxonomy":"category","embeddable":true,"href":"https:\/\/www.abrilabogados.com\/en\/wp-json\/wp\/v2\/categories?post=1473"},{"taxonomy":"post_tag","embeddable":true,"href":"https:\/\/www.abrilabogados.com\/en\/wp-json\/wp\/v2\/tags?post=1473"},{"taxonomy":"sector_noticias","embeddable":true,"href":"https:\/\/www.abrilabogados.com\/en\/wp-json\/wp\/v2\/sector_noticias?post=1473"}],"curies":[{"name":"wp","href":"https:\/\/api.w.org\/{rel}","templated":true}]}}