{"id":1501,"date":"2022-06-27T00:00:00","date_gmt":"2022-06-26T22:00:00","guid":{"rendered":"https:\/\/www.abrilabogados.com\/el-tribunal-supremo-niega-la-condicion-de-arte-al-futbol\/"},"modified":"2026-04-23T22:28:50","modified_gmt":"2026-04-23T20:28:50","slug":"el-tribunal-supremo-niega-la-condicion-de-arte-al-futbol","status":"publish","type":"post","link":"https:\/\/www.abrilabogados.com\/en\/noticias\/el-tribunal-supremo-niega-la-condicion-de-arte-al-futbol\/","title":{"rendered":"El Tribunal Supremo niega la condici\u00f3n de arte al f\u00fatbol"},"content":{"rendered":"<p style=\"text-align: justify;\"><img loading=\"lazy\" decoding=\"async\" class=\"wp-image-3345 alignleft\" src=\"\/wp-content\/uploads\/2022\/06\/football-gb0a6a9cb5_1920.jpg\" alt=\"\" width=\"308\" height=\"206\" \/>En una reciente sentencia del Pleno del Tribunal Supremo, el alto tribunal ha confirmado que el f\u00fatbol no puede ser considerado una obra original a efectos de la Ley de Propiedad Intelectual.<\/p>\n<p style=\"text-align: justify;\">No ser\u00edan pocos los que cuando hablando de f\u00fatbol piensan en el gol del siglo de Maradona en M\u00e9xico \u201986 o la volea de Zidane en Glasgow, se refieran a ellos como obras de arte. Pues bien, el Tribunal Supremo ha declarado que no lo son, al menos a efectos de la Ley de Propiedad Intelectual (LPI).<!--more--><\/p>\n<p style=\"text-align: justify;\">Como ha declarado el TS en su sentencia 546\/2022 de 2 de junio, si bien es cierto que durante un partido pueden darse lances con un cierto valor est\u00e9tico, esto dista mucho de tratarse de una obra literaria, art\u00edstica o cient\u00edfica. Se trata por tanto de un espect\u00e1culo deportivo, no art\u00edstico, y es que si bien podemos imaginarnos muchas situaciones que nos evocan cierta belleza, la realidad del deporte es que existe una gran mayor\u00eda de jugadas en las que no se puede apreciar valor art\u00edstico alguno.<\/p>\n<p style=\"text-align: justify;\">En el asunto concreto, tres bares de Valencia hab\u00edan estado retransmitiendo partidos de la Liga de Futbol Profesional espa\u00f1ola sin licencia alguna. En primera instancia, el Juzgado de lo Penal n\u00ba7 de Valencia, conden\u00f3 al due\u00f1o de estos bares por un delito leve relativo al mercado y a los consumidores, con una multa de 720 euros. Sin embargo, La Liga recurri\u00f3 la sentencia al entender que podr\u00eda tratarse de un delito contra la Propiedad Intelectual recogido en el Art.270 del C\u00f3digo Penal. El \u2018problema\u2019 de este art\u00edculo es que el tipo exige del culpable que: \u201ccon \u00e1nimo de obtener un beneficio econ\u00f3mico directo o indirecto y en perjuicio de tercero, reproduzca, plagie, distribuya, comunique p\u00fablicamente o de cualquier otro modo explote econ\u00f3micamente, en todo o en parte, una obra o prestaci\u00f3n literaria, art\u00edstica o cient\u00edfica, o su transformaci\u00f3n, interpretaci\u00f3n o ejecuci\u00f3n art\u00edstica fijada en cualquier tipo de soporte o comunicada a trav\u00e9s de cualquier medio, sin la autorizaci\u00f3n de los titulares de los correspondientes derechos de propiedad intelectual o de sus cesionarios\u201d, es decir, el uso no autorizado debe llevarse a cabo respecto de una obra en el sentido de la Ley de Propiedad Intelectual.<\/p>\n<p style=\"text-align: justify;\">No obstante, es importante puntualizar que las emisiones de un partido de f\u00fatbol s\u00ed que encuentran protecci\u00f3n en la LPI, pero no por ser obras literarias, art\u00edsticas o cient\u00edficas, sino que se protegen las grabaciones audiovisuales que contienen el partido y las transmisiones de las entidades de radiodifusi\u00f3n. Se trata por tanto de derechos conexos recogidos en el Libro II de la LPI cuyo uso no autorizado conllevar\u00e1 una sanci\u00f3n, como en este caso en forma de delito contra el mercado y los consumidores, pero que no entran dentro del tipo del Art.270 del CP ya que la infracci\u00f3n debe producirse respecto de una obra original, por lo que no podr\u00e1n protegerse por esta v\u00eda penal.<\/p>\n<p style=\"text-align: justify;\">Con esta sentencia se confirma algo que para los entendidos en propiedad intelectual podr\u00eda resultar algo m\u00e1s bien obvio pero que sin duda era necesario delimitar. Como en muchas ocasiones ocurre con los derechos de autor, la l\u00ednea entre lo que puede llegar a ser considerado arte para la sociedad y lo que es arte a efectos legales, no siempre se encuentra en el mismo lugar. Esta sentencia va en la misma l\u00ednea con lo que ya se decidi\u00f3 por la justicia respecto a otros espect\u00e1culos deportivos como lo es la tauromaquia, cuya protecci\u00f3n por derechos de autor tambi\u00e9n fue denegada.<\/p>\n","protected":false},"excerpt":{"rendered":"<p>En una reciente sentencia del Pleno del Tribunal Supremo, el alto tribunal ha confirmado que el f\u00fatbol no puede ser considerado una obra original a efectos de la Ley de&#8230;<\/p>\n","protected":false},"author":1,"featured_media":0,"comment_status":"closed","ping_status":"open","sticky":false,"template":"","format":"standard","meta":{"_acf_changed":false,"footnotes":""},"categories":[12,9],"tags":[],"sector_noticias":[],"class_list":{"0":"post-1501","1":"post","2":"type-post","3":"status-publish","4":"format-standard","6":"category-noticias","7":"category-pildoras"},"acf":[],"yoast_head":"<!-- This site is optimized with the Yoast SEO plugin v26.4 - https:\/\/yoast.com\/wordpress\/plugins\/seo\/ -->\n<title>El Tribunal Supremo niega la condici\u00f3n de arte al f\u00fatbol - Abril Abogados<\/title>\n<meta name=\"robots\" content=\"index, follow, max-snippet:-1, max-image-preview:large, max-video-preview:-1\" \/>\n<link rel=\"canonical\" href=\"https:\/\/www.abrilabogados.com\/en\/noticias\/el-tribunal-supremo-niega-la-condicion-de-arte-al-futbol\/\" \/>\n<meta property=\"og:locale\" content=\"en_US\" \/>\n<meta property=\"og:type\" content=\"article\" \/>\n<meta property=\"og:title\" content=\"El Tribunal Supremo niega la condici\u00f3n de arte al f\u00fatbol - Abril Abogados\" \/>\n<meta property=\"og:description\" content=\"En una reciente sentencia del Pleno del Tribunal Supremo, el alto tribunal ha confirmado que el f\u00fatbol no puede ser considerado una obra original a efectos de la Ley de...\" \/>\n<meta property=\"og:url\" content=\"https:\/\/www.abrilabogados.com\/en\/noticias\/el-tribunal-supremo-niega-la-condicion-de-arte-al-futbol\/\" \/>\n<meta property=\"og:site_name\" content=\"Abril Abogados\" \/>\n<meta property=\"article:published_time\" content=\"2022-06-26T22:00:00+00:00\" \/>\n<meta property=\"article:modified_time\" content=\"2026-04-23T20:28:50+00:00\" \/>\n<meta name=\"author\" content=\"admin\" \/>\n<meta name=\"twitter:card\" content=\"summary_large_image\" \/>\n<meta name=\"twitter:label1\" content=\"Written by\" \/>\n\t<meta name=\"twitter:data1\" content=\"admin\" \/>\n\t<meta name=\"twitter:label2\" content=\"Est. reading time\" \/>\n\t<meta name=\"twitter:data2\" content=\"3 minutes\" \/>\n<script type=\"application\/ld+json\" class=\"yoast-schema-graph\">{\"@context\":\"https:\/\/schema.org\",\"@graph\":[{\"@type\":\"WebPage\",\"@id\":\"https:\/\/www.abrilabogados.com\/en\/noticias\/el-tribunal-supremo-niega-la-condicion-de-arte-al-futbol\/\",\"url\":\"https:\/\/www.abrilabogados.com\/en\/noticias\/el-tribunal-supremo-niega-la-condicion-de-arte-al-futbol\/\",\"name\":\"El Tribunal Supremo niega la condici\u00f3n de arte al f\u00fatbol - Abril Abogados\",\"isPartOf\":{\"@id\":\"https:\/\/www.abrilabogados.com\/en\/#website\"},\"datePublished\":\"2022-06-26T22:00:00+00:00\",\"dateModified\":\"2026-04-23T20:28:50+00:00\",\"author\":{\"@id\":\"https:\/\/www.abrilabogados.com\/en\/#\/schema\/person\/750a358f28e46d5003b31222bddd9ed8\"},\"breadcrumb\":{\"@id\":\"https:\/\/www.abrilabogados.com\/en\/noticias\/el-tribunal-supremo-niega-la-condicion-de-arte-al-futbol\/#breadcrumb\"},\"inLanguage\":\"en-US\",\"potentialAction\":[{\"@type\":\"ReadAction\",\"target\":[\"https:\/\/www.abrilabogados.com\/en\/noticias\/el-tribunal-supremo-niega-la-condicion-de-arte-al-futbol\/\"]}]},{\"@type\":\"BreadcrumbList\",\"@id\":\"https:\/\/www.abrilabogados.com\/en\/noticias\/el-tribunal-supremo-niega-la-condicion-de-arte-al-futbol\/#breadcrumb\",\"itemListElement\":[{\"@type\":\"ListItem\",\"position\":1,\"name\":\"Abril Abogados News\",\"item\":\"\/en\/noticias\/\"},{\"@type\":\"ListItem\",\"position\":2,\"name\":\"El Tribunal Supremo niega la condici\u00f3n de arte al f\u00fatbol\"}]},{\"@type\":\"WebSite\",\"@id\":\"https:\/\/www.abrilabogados.com\/en\/#website\",\"url\":\"https:\/\/www.abrilabogados.com\/en\/\",\"name\":\"Abril Abogados\",\"description\":\"\",\"potentialAction\":[{\"@type\":\"SearchAction\",\"target\":{\"@type\":\"EntryPoint\",\"urlTemplate\":\"https:\/\/www.abrilabogados.com\/en\/?s={search_term_string}\"},\"query-input\":{\"@type\":\"PropertyValueSpecification\",\"valueRequired\":true,\"valueName\":\"search_term_string\"}}],\"inLanguage\":\"en-US\"},{\"@type\":\"Person\",\"@id\":\"https:\/\/www.abrilabogados.com\/en\/#\/schema\/person\/750a358f28e46d5003b31222bddd9ed8\",\"name\":\"admin\",\"image\":{\"@type\":\"ImageObject\",\"inLanguage\":\"en-US\",\"@id\":\"https:\/\/www.abrilabogados.com\/en\/#\/schema\/person\/image\/\",\"url\":\"https:\/\/secure.gravatar.com\/avatar\/52d6bc19e862502e6ff2f700f23c607b54491a2d4a05fc0f2a79b8077f4bc25c?s=96&d=mm&r=g\",\"contentUrl\":\"https:\/\/secure.gravatar.com\/avatar\/52d6bc19e862502e6ff2f700f23c607b54491a2d4a05fc0f2a79b8077f4bc25c?s=96&d=mm&r=g\",\"caption\":\"admin\"},\"sameAs\":[\"https:\/\/www.abrilabogados.com\"],\"url\":\"https:\/\/www.abrilabogados.com\/en\/noticias\/author\/charly_wpadmin\/\"}]}<\/script>\n<!-- \/ Yoast SEO plugin. -->","yoast_head_json":{"title":"El Tribunal Supremo niega la condici\u00f3n de arte al f\u00fatbol - Abril Abogados","robots":{"index":"index","follow":"follow","max-snippet":"max-snippet:-1","max-image-preview":"max-image-preview:large","max-video-preview":"max-video-preview:-1"},"canonical":"https:\/\/www.abrilabogados.com\/en\/noticias\/el-tribunal-supremo-niega-la-condicion-de-arte-al-futbol\/","og_locale":"en_US","og_type":"article","og_title":"El Tribunal Supremo niega la condici\u00f3n de arte al f\u00fatbol - Abril Abogados","og_description":"En una reciente sentencia del Pleno del Tribunal Supremo, el alto tribunal ha confirmado que el f\u00fatbol no puede ser considerado una obra original a efectos de la Ley de...","og_url":"https:\/\/www.abrilabogados.com\/en\/noticias\/el-tribunal-supremo-niega-la-condicion-de-arte-al-futbol\/","og_site_name":"Abril Abogados","article_published_time":"2022-06-26T22:00:00+00:00","article_modified_time":"2026-04-23T20:28:50+00:00","author":"admin","twitter_card":"summary_large_image","twitter_misc":{"Written by":"admin","Est. reading time":"3 minutes"},"schema":{"@context":"https:\/\/schema.org","@graph":[{"@type":"WebPage","@id":"https:\/\/www.abrilabogados.com\/en\/noticias\/el-tribunal-supremo-niega-la-condicion-de-arte-al-futbol\/","url":"https:\/\/www.abrilabogados.com\/en\/noticias\/el-tribunal-supremo-niega-la-condicion-de-arte-al-futbol\/","name":"El Tribunal Supremo niega la condici\u00f3n de arte al f\u00fatbol - Abril Abogados","isPartOf":{"@id":"https:\/\/www.abrilabogados.com\/en\/#website"},"datePublished":"2022-06-26T22:00:00+00:00","dateModified":"2026-04-23T20:28:50+00:00","author":{"@id":"https:\/\/www.abrilabogados.com\/en\/#\/schema\/person\/750a358f28e46d5003b31222bddd9ed8"},"breadcrumb":{"@id":"https:\/\/www.abrilabogados.com\/en\/noticias\/el-tribunal-supremo-niega-la-condicion-de-arte-al-futbol\/#breadcrumb"},"inLanguage":"en-US","potentialAction":[{"@type":"ReadAction","target":["https:\/\/www.abrilabogados.com\/en\/noticias\/el-tribunal-supremo-niega-la-condicion-de-arte-al-futbol\/"]}]},{"@type":"BreadcrumbList","@id":"https:\/\/www.abrilabogados.com\/en\/noticias\/el-tribunal-supremo-niega-la-condicion-de-arte-al-futbol\/#breadcrumb","itemListElement":[{"@type":"ListItem","position":1,"name":"Abril Abogados News","item":"\/en\/noticias\/"},{"@type":"ListItem","position":2,"name":"El Tribunal Supremo niega la condici\u00f3n de arte al f\u00fatbol"}]},{"@type":"WebSite","@id":"https:\/\/www.abrilabogados.com\/en\/#website","url":"https:\/\/www.abrilabogados.com\/en\/","name":"Abril Abogados","description":"","potentialAction":[{"@type":"SearchAction","target":{"@type":"EntryPoint","urlTemplate":"https:\/\/www.abrilabogados.com\/en\/?s={search_term_string}"},"query-input":{"@type":"PropertyValueSpecification","valueRequired":true,"valueName":"search_term_string"}}],"inLanguage":"en-US"},{"@type":"Person","@id":"https:\/\/www.abrilabogados.com\/en\/#\/schema\/person\/750a358f28e46d5003b31222bddd9ed8","name":"admin","image":{"@type":"ImageObject","inLanguage":"en-US","@id":"https:\/\/www.abrilabogados.com\/en\/#\/schema\/person\/image\/","url":"https:\/\/secure.gravatar.com\/avatar\/52d6bc19e862502e6ff2f700f23c607b54491a2d4a05fc0f2a79b8077f4bc25c?s=96&d=mm&r=g","contentUrl":"https:\/\/secure.gravatar.com\/avatar\/52d6bc19e862502e6ff2f700f23c607b54491a2d4a05fc0f2a79b8077f4bc25c?s=96&d=mm&r=g","caption":"admin"},"sameAs":["https:\/\/www.abrilabogados.com"],"url":"https:\/\/www.abrilabogados.com\/en\/noticias\/author\/charly_wpadmin\/"}]}},"_links":{"self":[{"href":"https:\/\/www.abrilabogados.com\/en\/wp-json\/wp\/v2\/posts\/1501","targetHints":{"allow":["GET"]}}],"collection":[{"href":"https:\/\/www.abrilabogados.com\/en\/wp-json\/wp\/v2\/posts"}],"about":[{"href":"https:\/\/www.abrilabogados.com\/en\/wp-json\/wp\/v2\/types\/post"}],"author":[{"embeddable":true,"href":"https:\/\/www.abrilabogados.com\/en\/wp-json\/wp\/v2\/users\/1"}],"replies":[{"embeddable":true,"href":"https:\/\/www.abrilabogados.com\/en\/wp-json\/wp\/v2\/comments?post=1501"}],"version-history":[{"count":1,"href":"https:\/\/www.abrilabogados.com\/en\/wp-json\/wp\/v2\/posts\/1501\/revisions"}],"predecessor-version":[{"id":3962,"href":"https:\/\/www.abrilabogados.com\/en\/wp-json\/wp\/v2\/posts\/1501\/revisions\/3962"}],"wp:attachment":[{"href":"https:\/\/www.abrilabogados.com\/en\/wp-json\/wp\/v2\/media?parent=1501"}],"wp:term":[{"taxonomy":"category","embeddable":true,"href":"https:\/\/www.abrilabogados.com\/en\/wp-json\/wp\/v2\/categories?post=1501"},{"taxonomy":"post_tag","embeddable":true,"href":"https:\/\/www.abrilabogados.com\/en\/wp-json\/wp\/v2\/tags?post=1501"},{"taxonomy":"sector_noticias","embeddable":true,"href":"https:\/\/www.abrilabogados.com\/en\/wp-json\/wp\/v2\/sector_noticias?post=1501"}],"curies":[{"name":"wp","href":"https:\/\/api.w.org\/{rel}","templated":true}]}}