{"id":1513,"date":"2023-07-18T00:00:00","date_gmt":"2023-07-17T22:00:00","guid":{"rendered":"https:\/\/www.abrilabogados.com\/programa-marco-de-privacidad-de-datos-ue-eeuu\/"},"modified":"2026-04-23T22:28:59","modified_gmt":"2026-04-23T20:28:59","slug":"programa-marco-de-privacidad-de-datos-ue-eeuu","status":"publish","type":"post","link":"https:\/\/www.abrilabogados.com\/en\/noticias\/programa-marco-de-privacidad-de-datos-ue-eeuu\/","title":{"rendered":"Programa Marco de Privacidad de datos UE-EEUU"},"content":{"rendered":"<p><img loading=\"lazy\" decoding=\"async\" class=\"size-full wp-image-3769 alignleft\" src=\"https:\/\/www.abrilabogados.com\/wp-content\/uploads\/2026\/04\/Imagen1-24.png\" alt=\"\" width=\"455\" height=\"284\" \/><\/p>\n<p style=\"text-align: left;\">El pasado 10 de julio la\u00a0<strong>Comisi\u00f3n Europea adopt\u00f3 su decisi\u00f3n de adecuaci\u00f3n del Programa Marco de Privacidad de Datos UE-EE.UU.<\/strong> La decisi\u00f3n de adecuaci\u00f3n, que entr\u00f3 en vigor el mismo d\u00eda 10, concluye que Estados Unidos garantiza un nivel de protecci\u00f3n adecuado -en comparaci\u00f3n con el de la UE- de los datos personales transferidos desde la Uni\u00f3n Europea a las empresas estadounidenses que participan en el Marco de Privacidad de Datos UE-EE.UU.<\/p>\n<p style=\"text-align: left;\">\n<p style=\"text-align: left;\">Las relaciones entre empresas de la UE y de los EE.UU. en materia de protecci\u00f3n de datos llevan sufriendo un alto grado de incertidumbre sobre la manera m\u00e1s adecuada de transferir datos personales de ciudadanos europeos a empresas ubicadas en los EE.UU. y todo ello en un periodo de tiempo relativamente corto desde la entrada en vigor del Reglamento General de Protecci\u00f3n de Datos.<\/p>\n<p style=\"text-align: left;\"><!--more--><\/p>\n<p style=\"text-align: left;\">En un principio, estas relaciones ten\u00edan protecci\u00f3n bajo el llamado Privacy Shield que fue derogado por el Tribunal de Justicia de la UE (Sentencia Schrems II) al considerar que no se ofrec\u00edan garant\u00edas suficientes sobre todo por la utilizaci\u00f3n de los datos por parte de las agencias de inteligencia estadounidenses escud\u00e1ndose en motivos de seguridad nacional.<\/p>\n<p style=\"text-align: left;\">Desde entonces (a\u00f1o 2020) hasta la firma por parte del Presidente Biden de la Orden Ejecutiva para la mejora de la salvaguardia en las actividades de inteligencia de los EEUU en octubre del a\u00f1o pasado, las empresas de la UE que transfer\u00edan sus datos a empresas estadounidenses tan s\u00f3lo contaban con las llamadas Cl\u00e1usulas Contractuales Tipo, como elemento de garant\u00eda de un nivel de protecci\u00f3n de la privacidad adecuado, cl\u00e1usulas que, en no pocas ocasiones, tambi\u00e9n han resultado cuestionadas.<\/p>\n<p style=\"text-align: left;\">Este ambiente de incertidumbre, parece que culmina con el presente Acuerdo Marco que recoge las cuestiones sugeridas por la Sentencia del TJUE relativas a las nuevas obligaciones orientadas a garantizar que las agencias de inteligencia estadounidenses s\u00f3lo puedan acceder a los datos en la medida de lo necesario y proporcionado, y a establecer un mecanismo de recurso independiente e imparcial para tramitar y resolver las quejas de los europeos relativas a la recopilaci\u00f3n de sus datos con fines de seguridad nacional.<\/p>\n<p style=\"text-align: left;\">Como resultado de las decisiones de adecuaci\u00f3n, los datos personales pueden circular libremente y con seguridad desde el Espacio Econ\u00f3mico Europeo (EEE), que incluye los 27 Estados miembros de la UE, as\u00ed como Noruega, Islandia y Liechtenstein, a un tercer pa\u00eds, sin estar sujetos a ninguna otra condici\u00f3n o autorizaci\u00f3n. En otras palabras, las transferencias al tercer pa\u00eds pueden tratarse del mismo modo que las transmisiones de datos dentro de la UE.<\/p>\n<p style=\"text-align: left;\">Las empresas estadounidenses pueden certificar su participaci\u00f3n en el Programa Marco de Privacidad de Datos UE-EE.UU. comprometi\u00e9ndose a cumplir una serie detallada de obligaciones en materia de privacidad. Esto podr\u00eda incluir, por ejemplo, principios de privacidad como la limitaci\u00f3n de la finalidad, la minimizaci\u00f3n de datos y la retenci\u00f3n de datos, as\u00ed como obligaciones espec\u00edficas relativas a la seguridad de los datos y el intercambio de datos con terceros.<\/p>\n<p style=\"text-align: left;\">El Programa Marco ser\u00e1 administrado por el Departamento de Comercio de EE.UU., que tramitar\u00e1 las solicitudes de certificaci\u00f3n y supervisar\u00e1 si las empresas participantes siguen cumpliendo los requisitos de certificaci\u00f3n.<\/p>\n","protected":false},"excerpt":{"rendered":"<p>El pasado 10 de julio la\u00a0Comisi\u00f3n Europea adopt\u00f3 su decisi\u00f3n de adecuaci\u00f3n del Programa Marco de Privacidad de Datos UE-EE.UU. La decisi\u00f3n de adecuaci\u00f3n, que entr\u00f3 en vigor el mismo&#8230;<\/p>\n","protected":false},"author":1,"featured_media":0,"comment_status":"closed","ping_status":"open","sticky":false,"template":"","format":"standard","meta":{"_acf_changed":false,"footnotes":""},"categories":[12],"tags":[],"sector_noticias":[],"class_list":{"0":"post-1513","1":"post","2":"type-post","3":"status-publish","4":"format-standard","6":"category-noticias"},"acf":[],"yoast_head":"<!-- This site is optimized with the Yoast SEO plugin v26.4 - https:\/\/yoast.com\/wordpress\/plugins\/seo\/ -->\n<title>Programa Marco de Privacidad de datos UE-EEUU - Abril Abogados<\/title>\n<meta name=\"robots\" content=\"index, follow, max-snippet:-1, max-image-preview:large, max-video-preview:-1\" \/>\n<link rel=\"canonical\" href=\"https:\/\/www.abrilabogados.com\/en\/noticias\/programa-marco-de-privacidad-de-datos-ue-eeuu\/\" \/>\n<meta property=\"og:locale\" content=\"en_US\" \/>\n<meta property=\"og:type\" content=\"article\" \/>\n<meta property=\"og:title\" content=\"Programa Marco de Privacidad de datos UE-EEUU - Abril Abogados\" \/>\n<meta property=\"og:description\" content=\"El pasado 10 de julio la\u00a0Comisi\u00f3n Europea adopt\u00f3 su decisi\u00f3n de adecuaci\u00f3n del Programa Marco de Privacidad de Datos UE-EE.UU. La decisi\u00f3n de adecuaci\u00f3n, que entr\u00f3 en vigor el mismo...\" \/>\n<meta property=\"og:url\" content=\"https:\/\/www.abrilabogados.com\/en\/noticias\/programa-marco-de-privacidad-de-datos-ue-eeuu\/\" \/>\n<meta property=\"og:site_name\" content=\"Abril Abogados\" \/>\n<meta property=\"article:published_time\" content=\"2023-07-17T22:00:00+00:00\" \/>\n<meta property=\"article:modified_time\" content=\"2026-04-23T20:28:59+00:00\" \/>\n<meta property=\"og:image\" content=\"https:\/\/www.abrilabogados.com\/wp-content\/uploads\/2026\/04\/Imagen1-24.png\" \/>\n<meta name=\"author\" content=\"admin\" \/>\n<meta name=\"twitter:card\" content=\"summary_large_image\" \/>\n<meta name=\"twitter:label1\" content=\"Written by\" \/>\n\t<meta name=\"twitter:data1\" content=\"admin\" \/>\n\t<meta name=\"twitter:label2\" content=\"Est. reading time\" \/>\n\t<meta name=\"twitter:data2\" content=\"3 minutes\" \/>\n<script type=\"application\/ld+json\" class=\"yoast-schema-graph\">{\"@context\":\"https:\/\/schema.org\",\"@graph\":[{\"@type\":\"WebPage\",\"@id\":\"https:\/\/www.abrilabogados.com\/en\/noticias\/programa-marco-de-privacidad-de-datos-ue-eeuu\/\",\"url\":\"https:\/\/www.abrilabogados.com\/en\/noticias\/programa-marco-de-privacidad-de-datos-ue-eeuu\/\",\"name\":\"Programa Marco de Privacidad de datos UE-EEUU - Abril Abogados\",\"isPartOf\":{\"@id\":\"https:\/\/www.abrilabogados.com\/en\/#website\"},\"primaryImageOfPage\":{\"@id\":\"https:\/\/www.abrilabogados.com\/en\/noticias\/programa-marco-de-privacidad-de-datos-ue-eeuu\/#primaryimage\"},\"image\":{\"@id\":\"https:\/\/www.abrilabogados.com\/en\/noticias\/programa-marco-de-privacidad-de-datos-ue-eeuu\/#primaryimage\"},\"thumbnailUrl\":\"https:\/\/www.abrilabogados.com\/wp-content\/uploads\/2026\/04\/Imagen1-24.png\",\"datePublished\":\"2023-07-17T22:00:00+00:00\",\"dateModified\":\"2026-04-23T20:28:59+00:00\",\"author\":{\"@id\":\"https:\/\/www.abrilabogados.com\/en\/#\/schema\/person\/750a358f28e46d5003b31222bddd9ed8\"},\"breadcrumb\":{\"@id\":\"https:\/\/www.abrilabogados.com\/en\/noticias\/programa-marco-de-privacidad-de-datos-ue-eeuu\/#breadcrumb\"},\"inLanguage\":\"en-US\",\"potentialAction\":[{\"@type\":\"ReadAction\",\"target\":[\"https:\/\/www.abrilabogados.com\/en\/noticias\/programa-marco-de-privacidad-de-datos-ue-eeuu\/\"]}]},{\"@type\":\"ImageObject\",\"inLanguage\":\"en-US\",\"@id\":\"https:\/\/www.abrilabogados.com\/en\/noticias\/programa-marco-de-privacidad-de-datos-ue-eeuu\/#primaryimage\",\"url\":\"https:\/\/www.abrilabogados.com\/wp-content\/uploads\/2026\/04\/Imagen1-24.png\",\"contentUrl\":\"https:\/\/www.abrilabogados.com\/wp-content\/uploads\/2026\/04\/Imagen1-24.png\"},{\"@type\":\"BreadcrumbList\",\"@id\":\"https:\/\/www.abrilabogados.com\/en\/noticias\/programa-marco-de-privacidad-de-datos-ue-eeuu\/#breadcrumb\",\"itemListElement\":[{\"@type\":\"ListItem\",\"position\":1,\"name\":\"Abril Abogados News\",\"item\":\"\/en\/noticias\/\"},{\"@type\":\"ListItem\",\"position\":2,\"name\":\"Programa Marco de Privacidad de datos UE-EEUU\"}]},{\"@type\":\"WebSite\",\"@id\":\"https:\/\/www.abrilabogados.com\/en\/#website\",\"url\":\"https:\/\/www.abrilabogados.com\/en\/\",\"name\":\"Abril Abogados\",\"description\":\"\",\"potentialAction\":[{\"@type\":\"SearchAction\",\"target\":{\"@type\":\"EntryPoint\",\"urlTemplate\":\"https:\/\/www.abrilabogados.com\/en\/?s={search_term_string}\"},\"query-input\":{\"@type\":\"PropertyValueSpecification\",\"valueRequired\":true,\"valueName\":\"search_term_string\"}}],\"inLanguage\":\"en-US\"},{\"@type\":\"Person\",\"@id\":\"https:\/\/www.abrilabogados.com\/en\/#\/schema\/person\/750a358f28e46d5003b31222bddd9ed8\",\"name\":\"admin\",\"image\":{\"@type\":\"ImageObject\",\"inLanguage\":\"en-US\",\"@id\":\"https:\/\/www.abrilabogados.com\/en\/#\/schema\/person\/image\/\",\"url\":\"https:\/\/secure.gravatar.com\/avatar\/52d6bc19e862502e6ff2f700f23c607b54491a2d4a05fc0f2a79b8077f4bc25c?s=96&d=mm&r=g\",\"contentUrl\":\"https:\/\/secure.gravatar.com\/avatar\/52d6bc19e862502e6ff2f700f23c607b54491a2d4a05fc0f2a79b8077f4bc25c?s=96&d=mm&r=g\",\"caption\":\"admin\"},\"sameAs\":[\"https:\/\/www.abrilabogados.com\"],\"url\":\"https:\/\/www.abrilabogados.com\/en\/noticias\/author\/charly_wpadmin\/\"}]}<\/script>\n<!-- \/ Yoast SEO plugin. -->","yoast_head_json":{"title":"Programa Marco de Privacidad de datos UE-EEUU - Abril Abogados","robots":{"index":"index","follow":"follow","max-snippet":"max-snippet:-1","max-image-preview":"max-image-preview:large","max-video-preview":"max-video-preview:-1"},"canonical":"https:\/\/www.abrilabogados.com\/en\/noticias\/programa-marco-de-privacidad-de-datos-ue-eeuu\/","og_locale":"en_US","og_type":"article","og_title":"Programa Marco de Privacidad de datos UE-EEUU - Abril Abogados","og_description":"El pasado 10 de julio la\u00a0Comisi\u00f3n Europea adopt\u00f3 su decisi\u00f3n de adecuaci\u00f3n del Programa Marco de Privacidad de Datos UE-EE.UU. La decisi\u00f3n de adecuaci\u00f3n, que entr\u00f3 en vigor el mismo...","og_url":"https:\/\/www.abrilabogados.com\/en\/noticias\/programa-marco-de-privacidad-de-datos-ue-eeuu\/","og_site_name":"Abril Abogados","article_published_time":"2023-07-17T22:00:00+00:00","article_modified_time":"2026-04-23T20:28:59+00:00","og_image":[{"url":"https:\/\/www.abrilabogados.com\/wp-content\/uploads\/2026\/04\/Imagen1-24.png","type":"","width":"","height":""}],"author":"admin","twitter_card":"summary_large_image","twitter_misc":{"Written by":"admin","Est. reading time":"3 minutes"},"schema":{"@context":"https:\/\/schema.org","@graph":[{"@type":"WebPage","@id":"https:\/\/www.abrilabogados.com\/en\/noticias\/programa-marco-de-privacidad-de-datos-ue-eeuu\/","url":"https:\/\/www.abrilabogados.com\/en\/noticias\/programa-marco-de-privacidad-de-datos-ue-eeuu\/","name":"Programa Marco de Privacidad de datos UE-EEUU - Abril Abogados","isPartOf":{"@id":"https:\/\/www.abrilabogados.com\/en\/#website"},"primaryImageOfPage":{"@id":"https:\/\/www.abrilabogados.com\/en\/noticias\/programa-marco-de-privacidad-de-datos-ue-eeuu\/#primaryimage"},"image":{"@id":"https:\/\/www.abrilabogados.com\/en\/noticias\/programa-marco-de-privacidad-de-datos-ue-eeuu\/#primaryimage"},"thumbnailUrl":"https:\/\/www.abrilabogados.com\/wp-content\/uploads\/2026\/04\/Imagen1-24.png","datePublished":"2023-07-17T22:00:00+00:00","dateModified":"2026-04-23T20:28:59+00:00","author":{"@id":"https:\/\/www.abrilabogados.com\/en\/#\/schema\/person\/750a358f28e46d5003b31222bddd9ed8"},"breadcrumb":{"@id":"https:\/\/www.abrilabogados.com\/en\/noticias\/programa-marco-de-privacidad-de-datos-ue-eeuu\/#breadcrumb"},"inLanguage":"en-US","potentialAction":[{"@type":"ReadAction","target":["https:\/\/www.abrilabogados.com\/en\/noticias\/programa-marco-de-privacidad-de-datos-ue-eeuu\/"]}]},{"@type":"ImageObject","inLanguage":"en-US","@id":"https:\/\/www.abrilabogados.com\/en\/noticias\/programa-marco-de-privacidad-de-datos-ue-eeuu\/#primaryimage","url":"https:\/\/www.abrilabogados.com\/wp-content\/uploads\/2026\/04\/Imagen1-24.png","contentUrl":"https:\/\/www.abrilabogados.com\/wp-content\/uploads\/2026\/04\/Imagen1-24.png"},{"@type":"BreadcrumbList","@id":"https:\/\/www.abrilabogados.com\/en\/noticias\/programa-marco-de-privacidad-de-datos-ue-eeuu\/#breadcrumb","itemListElement":[{"@type":"ListItem","position":1,"name":"Abril Abogados News","item":"\/en\/noticias\/"},{"@type":"ListItem","position":2,"name":"Programa Marco de Privacidad de datos UE-EEUU"}]},{"@type":"WebSite","@id":"https:\/\/www.abrilabogados.com\/en\/#website","url":"https:\/\/www.abrilabogados.com\/en\/","name":"Abril Abogados","description":"","potentialAction":[{"@type":"SearchAction","target":{"@type":"EntryPoint","urlTemplate":"https:\/\/www.abrilabogados.com\/en\/?s={search_term_string}"},"query-input":{"@type":"PropertyValueSpecification","valueRequired":true,"valueName":"search_term_string"}}],"inLanguage":"en-US"},{"@type":"Person","@id":"https:\/\/www.abrilabogados.com\/en\/#\/schema\/person\/750a358f28e46d5003b31222bddd9ed8","name":"admin","image":{"@type":"ImageObject","inLanguage":"en-US","@id":"https:\/\/www.abrilabogados.com\/en\/#\/schema\/person\/image\/","url":"https:\/\/secure.gravatar.com\/avatar\/52d6bc19e862502e6ff2f700f23c607b54491a2d4a05fc0f2a79b8077f4bc25c?s=96&d=mm&r=g","contentUrl":"https:\/\/secure.gravatar.com\/avatar\/52d6bc19e862502e6ff2f700f23c607b54491a2d4a05fc0f2a79b8077f4bc25c?s=96&d=mm&r=g","caption":"admin"},"sameAs":["https:\/\/www.abrilabogados.com"],"url":"https:\/\/www.abrilabogados.com\/en\/noticias\/author\/charly_wpadmin\/"}]}},"_links":{"self":[{"href":"https:\/\/www.abrilabogados.com\/en\/wp-json\/wp\/v2\/posts\/1513","targetHints":{"allow":["GET"]}}],"collection":[{"href":"https:\/\/www.abrilabogados.com\/en\/wp-json\/wp\/v2\/posts"}],"about":[{"href":"https:\/\/www.abrilabogados.com\/en\/wp-json\/wp\/v2\/types\/post"}],"author":[{"embeddable":true,"href":"https:\/\/www.abrilabogados.com\/en\/wp-json\/wp\/v2\/users\/1"}],"replies":[{"embeddable":true,"href":"https:\/\/www.abrilabogados.com\/en\/wp-json\/wp\/v2\/comments?post=1513"}],"version-history":[{"count":1,"href":"https:\/\/www.abrilabogados.com\/en\/wp-json\/wp\/v2\/posts\/1513\/revisions"}],"predecessor-version":[{"id":3969,"href":"https:\/\/www.abrilabogados.com\/en\/wp-json\/wp\/v2\/posts\/1513\/revisions\/3969"}],"wp:attachment":[{"href":"https:\/\/www.abrilabogados.com\/en\/wp-json\/wp\/v2\/media?parent=1513"}],"wp:term":[{"taxonomy":"category","embeddable":true,"href":"https:\/\/www.abrilabogados.com\/en\/wp-json\/wp\/v2\/categories?post=1513"},{"taxonomy":"post_tag","embeddable":true,"href":"https:\/\/www.abrilabogados.com\/en\/wp-json\/wp\/v2\/tags?post=1513"},{"taxonomy":"sector_noticias","embeddable":true,"href":"https:\/\/www.abrilabogados.com\/en\/wp-json\/wp\/v2\/sector_noticias?post=1513"}],"curies":[{"name":"wp","href":"https:\/\/api.w.org\/{rel}","templated":true}]}}