{"id":1569,"date":"2024-03-13T00:00:00","date_gmt":"2024-03-12T23:00:00","guid":{"rendered":"https:\/\/www.abrilabogados.com\/el-supremo-reconoce-que-las-obras-plasticas-aplicadas-tienen-proteccion-penal\/"},"modified":"2026-04-23T22:29:42","modified_gmt":"2026-04-23T20:29:42","slug":"el-supremo-reconoce-que-las-obras-plasticas-aplicadas-tienen-proteccion-penal","status":"publish","type":"post","link":"https:\/\/www.abrilabogados.com\/en\/noticias\/el-supremo-reconoce-que-las-obras-plasticas-aplicadas-tienen-proteccion-penal\/","title":{"rendered":"El Supremo reconoce que las obras pl\u00e1sticas aplicadas tienen protecci\u00f3n penal"},"content":{"rendered":"<p><span style=\"font-size: 12pt;\">La sala penal del Tribunal Supremo ha dictado una muy relevante sentencia en la que confirma que las obras pl\u00e1sticas aplicadas y\/o de uso cotidiano pueden gozar de tutela ante la jurisdicci\u00f3n penal, condenando a un a\u00f1o y medio de prisi\u00f3n a unos empresarios de Valencia por infracci\u00f3n de derechos de autor, as\u00ed como al pago de una indemnizaci\u00f3n de m\u00e1s de 150.000\u20ac. Nuestro socio Fernando Ortega lo explica muy bien en la entrevista que LuisJa Sanchez le ha hecho para @economist&amp;jurist que puedes leer aqu\u00ed <a href=\"https:\/\/www.economistjurist.es\/actualidad-juridica\/la-sentencia-sobre-la-pirateria-de-bolsos-de-desigual-revela-una-creciente-preocupacion-judicial\/\">https:\/\/www.economistjurist.es\/actualidad-juridica\/la-sentencia-sobre-la-pirateria-de-bolsos-de-desigual-revela-una-creciente-preocupacion-judicial\/<\/a><\/span><\/p>\n","protected":false},"excerpt":{"rendered":"<p>La sala penal del Tribunal Supremo ha dictado una muy relevante sentencia en la que confirma que las obras pl\u00e1sticas aplicadas y\/o de uso cotidiano pueden gozar de tutela ante&#8230;<\/p>\n","protected":false},"author":1,"featured_media":0,"comment_status":"closed","ping_status":"open","sticky":false,"template":"","format":"standard","meta":{"_acf_changed":false,"footnotes":""},"categories":[10],"tags":[],"sector_noticias":[],"class_list":{"0":"post-1569","1":"post","2":"type-post","3":"status-publish","4":"format-standard","6":"category-articulos-prensa"},"acf":[],"yoast_head":"<!-- This site is optimized with the Yoast SEO plugin v26.4 - https:\/\/yoast.com\/wordpress\/plugins\/seo\/ -->\n<title>El Supremo reconoce que las obras pl\u00e1sticas aplicadas tienen protecci\u00f3n penal - Abril Abogados<\/title>\n<meta name=\"robots\" content=\"index, follow, max-snippet:-1, max-image-preview:large, max-video-preview:-1\" \/>\n<link rel=\"canonical\" href=\"https:\/\/www.abrilabogados.com\/en\/noticias\/el-supremo-reconoce-que-las-obras-plasticas-aplicadas-tienen-proteccion-penal\/\" \/>\n<meta property=\"og:locale\" content=\"en_US\" \/>\n<meta property=\"og:type\" content=\"article\" \/>\n<meta property=\"og:title\" content=\"El Supremo reconoce que las obras pl\u00e1sticas aplicadas tienen protecci\u00f3n penal - Abril Abogados\" \/>\n<meta property=\"og:description\" content=\"La sala penal del Tribunal Supremo ha dictado una muy relevante sentencia en la que confirma que las obras pl\u00e1sticas aplicadas y\/o de uso cotidiano pueden gozar de tutela ante...\" \/>\n<meta property=\"og:url\" content=\"https:\/\/www.abrilabogados.com\/en\/noticias\/el-supremo-reconoce-que-las-obras-plasticas-aplicadas-tienen-proteccion-penal\/\" \/>\n<meta property=\"og:site_name\" content=\"Abril Abogados\" \/>\n<meta property=\"article:published_time\" content=\"2024-03-12T23:00:00+00:00\" \/>\n<meta property=\"article:modified_time\" content=\"2026-04-23T20:29:42+00:00\" \/>\n<meta name=\"author\" content=\"admin\" \/>\n<meta name=\"twitter:card\" content=\"summary_large_image\" \/>\n<meta name=\"twitter:label1\" content=\"Written by\" \/>\n\t<meta name=\"twitter:data1\" content=\"admin\" \/>\n\t<meta name=\"twitter:label2\" content=\"Est. reading time\" \/>\n\t<meta name=\"twitter:data2\" content=\"1 minute\" \/>\n<script type=\"application\/ld+json\" class=\"yoast-schema-graph\">{\"@context\":\"https:\/\/schema.org\",\"@graph\":[{\"@type\":\"WebPage\",\"@id\":\"https:\/\/www.abrilabogados.com\/en\/noticias\/el-supremo-reconoce-que-las-obras-plasticas-aplicadas-tienen-proteccion-penal\/\",\"url\":\"https:\/\/www.abrilabogados.com\/en\/noticias\/el-supremo-reconoce-que-las-obras-plasticas-aplicadas-tienen-proteccion-penal\/\",\"name\":\"El Supremo reconoce que las obras pl\u00e1sticas aplicadas tienen protecci\u00f3n penal - Abril Abogados\",\"isPartOf\":{\"@id\":\"https:\/\/www.abrilabogados.com\/en\/#website\"},\"datePublished\":\"2024-03-12T23:00:00+00:00\",\"dateModified\":\"2026-04-23T20:29:42+00:00\",\"author\":{\"@id\":\"https:\/\/www.abrilabogados.com\/en\/#\/schema\/person\/750a358f28e46d5003b31222bddd9ed8\"},\"breadcrumb\":{\"@id\":\"https:\/\/www.abrilabogados.com\/en\/noticias\/el-supremo-reconoce-que-las-obras-plasticas-aplicadas-tienen-proteccion-penal\/#breadcrumb\"},\"inLanguage\":\"en-US\",\"potentialAction\":[{\"@type\":\"ReadAction\",\"target\":[\"https:\/\/www.abrilabogados.com\/en\/noticias\/el-supremo-reconoce-que-las-obras-plasticas-aplicadas-tienen-proteccion-penal\/\"]}]},{\"@type\":\"BreadcrumbList\",\"@id\":\"https:\/\/www.abrilabogados.com\/en\/noticias\/el-supremo-reconoce-que-las-obras-plasticas-aplicadas-tienen-proteccion-penal\/#breadcrumb\",\"itemListElement\":[{\"@type\":\"ListItem\",\"position\":1,\"name\":\"Abril Abogados News\",\"item\":\"\/en\/noticias\/\"},{\"@type\":\"ListItem\",\"position\":2,\"name\":\"El Supremo reconoce que las obras pl\u00e1sticas aplicadas tienen protecci\u00f3n penal\"}]},{\"@type\":\"WebSite\",\"@id\":\"https:\/\/www.abrilabogados.com\/en\/#website\",\"url\":\"https:\/\/www.abrilabogados.com\/en\/\",\"name\":\"Abril Abogados\",\"description\":\"\",\"potentialAction\":[{\"@type\":\"SearchAction\",\"target\":{\"@type\":\"EntryPoint\",\"urlTemplate\":\"https:\/\/www.abrilabogados.com\/en\/?s={search_term_string}\"},\"query-input\":{\"@type\":\"PropertyValueSpecification\",\"valueRequired\":true,\"valueName\":\"search_term_string\"}}],\"inLanguage\":\"en-US\"},{\"@type\":\"Person\",\"@id\":\"https:\/\/www.abrilabogados.com\/en\/#\/schema\/person\/750a358f28e46d5003b31222bddd9ed8\",\"name\":\"admin\",\"image\":{\"@type\":\"ImageObject\",\"inLanguage\":\"en-US\",\"@id\":\"https:\/\/www.abrilabogados.com\/en\/#\/schema\/person\/image\/\",\"url\":\"https:\/\/secure.gravatar.com\/avatar\/52d6bc19e862502e6ff2f700f23c607b54491a2d4a05fc0f2a79b8077f4bc25c?s=96&d=mm&r=g\",\"contentUrl\":\"https:\/\/secure.gravatar.com\/avatar\/52d6bc19e862502e6ff2f700f23c607b54491a2d4a05fc0f2a79b8077f4bc25c?s=96&d=mm&r=g\",\"caption\":\"admin\"},\"sameAs\":[\"https:\/\/www.abrilabogados.com\"],\"url\":\"https:\/\/www.abrilabogados.com\/en\/noticias\/author\/charly_wpadmin\/\"}]}<\/script>\n<!-- \/ Yoast SEO plugin. -->","yoast_head_json":{"title":"El Supremo reconoce que las obras pl\u00e1sticas aplicadas tienen protecci\u00f3n penal - Abril Abogados","robots":{"index":"index","follow":"follow","max-snippet":"max-snippet:-1","max-image-preview":"max-image-preview:large","max-video-preview":"max-video-preview:-1"},"canonical":"https:\/\/www.abrilabogados.com\/en\/noticias\/el-supremo-reconoce-que-las-obras-plasticas-aplicadas-tienen-proteccion-penal\/","og_locale":"en_US","og_type":"article","og_title":"El Supremo reconoce que las obras pl\u00e1sticas aplicadas tienen protecci\u00f3n penal - Abril Abogados","og_description":"La sala penal del Tribunal Supremo ha dictado una muy relevante sentencia en la que confirma que las obras pl\u00e1sticas aplicadas y\/o de uso cotidiano pueden gozar de tutela ante...","og_url":"https:\/\/www.abrilabogados.com\/en\/noticias\/el-supremo-reconoce-que-las-obras-plasticas-aplicadas-tienen-proteccion-penal\/","og_site_name":"Abril Abogados","article_published_time":"2024-03-12T23:00:00+00:00","article_modified_time":"2026-04-23T20:29:42+00:00","author":"admin","twitter_card":"summary_large_image","twitter_misc":{"Written by":"admin","Est. reading time":"1 minute"},"schema":{"@context":"https:\/\/schema.org","@graph":[{"@type":"WebPage","@id":"https:\/\/www.abrilabogados.com\/en\/noticias\/el-supremo-reconoce-que-las-obras-plasticas-aplicadas-tienen-proteccion-penal\/","url":"https:\/\/www.abrilabogados.com\/en\/noticias\/el-supremo-reconoce-que-las-obras-plasticas-aplicadas-tienen-proteccion-penal\/","name":"El Supremo reconoce que las obras pl\u00e1sticas aplicadas tienen protecci\u00f3n penal - Abril Abogados","isPartOf":{"@id":"https:\/\/www.abrilabogados.com\/en\/#website"},"datePublished":"2024-03-12T23:00:00+00:00","dateModified":"2026-04-23T20:29:42+00:00","author":{"@id":"https:\/\/www.abrilabogados.com\/en\/#\/schema\/person\/750a358f28e46d5003b31222bddd9ed8"},"breadcrumb":{"@id":"https:\/\/www.abrilabogados.com\/en\/noticias\/el-supremo-reconoce-que-las-obras-plasticas-aplicadas-tienen-proteccion-penal\/#breadcrumb"},"inLanguage":"en-US","potentialAction":[{"@type":"ReadAction","target":["https:\/\/www.abrilabogados.com\/en\/noticias\/el-supremo-reconoce-que-las-obras-plasticas-aplicadas-tienen-proteccion-penal\/"]}]},{"@type":"BreadcrumbList","@id":"https:\/\/www.abrilabogados.com\/en\/noticias\/el-supremo-reconoce-que-las-obras-plasticas-aplicadas-tienen-proteccion-penal\/#breadcrumb","itemListElement":[{"@type":"ListItem","position":1,"name":"Abril Abogados News","item":"\/en\/noticias\/"},{"@type":"ListItem","position":2,"name":"El Supremo reconoce que las obras pl\u00e1sticas aplicadas tienen protecci\u00f3n penal"}]},{"@type":"WebSite","@id":"https:\/\/www.abrilabogados.com\/en\/#website","url":"https:\/\/www.abrilabogados.com\/en\/","name":"Abril Abogados","description":"","potentialAction":[{"@type":"SearchAction","target":{"@type":"EntryPoint","urlTemplate":"https:\/\/www.abrilabogados.com\/en\/?s={search_term_string}"},"query-input":{"@type":"PropertyValueSpecification","valueRequired":true,"valueName":"search_term_string"}}],"inLanguage":"en-US"},{"@type":"Person","@id":"https:\/\/www.abrilabogados.com\/en\/#\/schema\/person\/750a358f28e46d5003b31222bddd9ed8","name":"admin","image":{"@type":"ImageObject","inLanguage":"en-US","@id":"https:\/\/www.abrilabogados.com\/en\/#\/schema\/person\/image\/","url":"https:\/\/secure.gravatar.com\/avatar\/52d6bc19e862502e6ff2f700f23c607b54491a2d4a05fc0f2a79b8077f4bc25c?s=96&d=mm&r=g","contentUrl":"https:\/\/secure.gravatar.com\/avatar\/52d6bc19e862502e6ff2f700f23c607b54491a2d4a05fc0f2a79b8077f4bc25c?s=96&d=mm&r=g","caption":"admin"},"sameAs":["https:\/\/www.abrilabogados.com"],"url":"https:\/\/www.abrilabogados.com\/en\/noticias\/author\/charly_wpadmin\/"}]}},"_links":{"self":[{"href":"https:\/\/www.abrilabogados.com\/en\/wp-json\/wp\/v2\/posts\/1569","targetHints":{"allow":["GET"]}}],"collection":[{"href":"https:\/\/www.abrilabogados.com\/en\/wp-json\/wp\/v2\/posts"}],"about":[{"href":"https:\/\/www.abrilabogados.com\/en\/wp-json\/wp\/v2\/types\/post"}],"author":[{"embeddable":true,"href":"https:\/\/www.abrilabogados.com\/en\/wp-json\/wp\/v2\/users\/1"}],"replies":[{"embeddable":true,"href":"https:\/\/www.abrilabogados.com\/en\/wp-json\/wp\/v2\/comments?post=1569"}],"version-history":[{"count":1,"href":"https:\/\/www.abrilabogados.com\/en\/wp-json\/wp\/v2\/posts\/1569\/revisions"}],"predecessor-version":[{"id":4000,"href":"https:\/\/www.abrilabogados.com\/en\/wp-json\/wp\/v2\/posts\/1569\/revisions\/4000"}],"wp:attachment":[{"href":"https:\/\/www.abrilabogados.com\/en\/wp-json\/wp\/v2\/media?parent=1569"}],"wp:term":[{"taxonomy":"category","embeddable":true,"href":"https:\/\/www.abrilabogados.com\/en\/wp-json\/wp\/v2\/categories?post=1569"},{"taxonomy":"post_tag","embeddable":true,"href":"https:\/\/www.abrilabogados.com\/en\/wp-json\/wp\/v2\/tags?post=1569"},{"taxonomy":"sector_noticias","embeddable":true,"href":"https:\/\/www.abrilabogados.com\/en\/wp-json\/wp\/v2\/sector_noticias?post=1569"}],"curies":[{"name":"wp","href":"https:\/\/api.w.org\/{rel}","templated":true}]}}