{"id":1573,"date":"2024-03-20T00:00:00","date_gmt":"2024-03-19T23:00:00","guid":{"rendered":"https:\/\/www.abrilabogados.com\/atencion-empresas-notificaciones-telematicas-de-demandas\/"},"modified":"2026-04-23T22:29:44","modified_gmt":"2026-04-23T20:29:44","slug":"atencion-empresas-notificaciones-telematicas-de-demandas","status":"publish","type":"post","link":"https:\/\/www.abrilabogados.com\/en\/noticias\/atencion-empresas-notificaciones-telematicas-de-demandas\/","title":{"rendered":"\u00a1Atenci\u00f3n Empresas! Notificaciones telem\u00e1ticas de demandas"},"content":{"rendered":"<p style=\"text-align: justify;\"><span style=\"font-size: 12pt;\"><em><img loading=\"lazy\" decoding=\"async\" class=\"size-full wp-image-3974 alignleft\" src=\"https:\/\/www.abrilabogados.com\/wp-content\/uploads\/2026\/04\/Imagen1-1-15.png\" alt=\"\" width=\"138\" height=\"272\" \/>A partir del 20 de marzo (de 2024) una empresa podr\u00e1 recibir notificaciones de demandas interpuestas contra ella (ser emplazada) por medios telem\u00e1ticos. <\/em><\/span><\/p>\n<p style=\"text-align: justify;\"><span style=\"font-size: 12pt;\"><em>\u00bfEst\u00e1 preparado?<\/em><\/span><\/p>\n<p style=\"text-align: justify;\"><span style=\"font-size: 12pt;\"><!--more--><\/span><\/p>\n<p style=\"text-align: justify;\"><span style=\"font-size: 12pt;\">Esta es una m\u00e1s de las medidas con la que se pretende agilizar nuestro sistema judicial, tras la aprobaci\u00f3n del RD 6\/2023. Esta medida rompe con un tradicionalismo asentado en nuestro sistema de emplazamientos (notificaciones) judiciales, que exig\u00eda practicarlos en persona a trav\u00e9s de funcionarios de la Administraci\u00f3n de Justicia la mayor\u00eda de las veces.<\/span><\/p>\n<p style=\"text-align: justify;\"><span style=\"font-size: 12pt;\">Desde hoy 20 de marzo, los emplazamientos podr\u00e1n hacerse a trav\u00e9s de medios telem\u00e1ticos como la Direcci\u00f3n Electr\u00f3nica Habilitada \u00danica\u00a0 (DEH\u00fa), gestionada por el Gobierno Central, o de los sistemas equivalentes de las diferentes Comunidades Aut\u00f3nomas.<\/span><\/p>\n<p style=\"text-align: justify;\"><span style=\"font-size: 12pt;\">Este cambio puede traer desagradables sorpresas para el administrado si no est\u00e1 atento, ya que puede verse sorprendido con una declaraci\u00f3n de rebeld\u00eda si no revisa y configura correctamente los \u201cbuzones\u201d en los que est\u00e9 dado de alta (o le convenga darse de alta). Tampoco es descartable que puedan producirse situaciones de inseguridad jur\u00eddica ante la pluralidad \u00a0de opciones telem\u00e1ticas que a la fecha existen.<\/span><\/p>\n<p style=\"text-align: justify;\"><span style=\"font-size: 12pt;\">Por ello, debemos recomendarle que:<\/span><\/p>\n<ul style=\"text-align: justify;\">\n<li><span style=\"font-size: 12pt;\">Acceda con cierta asiduidad los buzones de notificaciones existentes de las diferentes sedes judiciales: <a href=\"https:\/\/www.administraciondejusticia.gob.es\/-\/soluciones-pagaj\">https:\/\/www.administraciondejusticia.gob.es\/-\/soluciones-pagaj<\/a><\/span><\/li>\n<li><span style=\"font-size: 12pt;\">Configure adecuadamente la <em>Carpeta Justicia<\/em> gestionada por el Ministerio de Justicia: <a href=\"https:\/\/www.administraciondejusticia.gob.es\/carpeta-justicia\">https:\/\/www.administraciondejusticia.gob.es\/carpeta-justicia<\/a><\/span><\/li>\n<li><span style=\"font-size: 12pt;\">Revise el <em>Tabl\u00f3n Edictal \u00danico<\/em> del BOE: <a href=\"https:\/\/www.boe.es\/edictos_judiciales\/\">https:\/\/www.boe.es\/edictos_judiciales\/<\/a><\/span><\/li>\n<li><span style=\"font-size: 12pt;\">Y nunca deje de hacer valer sus derechos ante una eventual declaraci\u00f3n de rebeld\u00eda en caso de que su empresa haya sido emplaza para contestar una demanda a trav\u00e9s de alguna de estas opciones y no se haya enterado, pues si hay razones fundadas en Derecho para ello cabr\u00eda promover una nulidad del emplazamiento si presenta alguna irregularidad.<\/span><\/li>\n<\/ul>\n<p style=\"text-align: justify;\"><span style=\"font-size: 12pt;\">En este \u00faltimo caso, esa te\u00f3rica descarga de trabajo de la Administraci\u00f3n de Justicia podr\u00eda tornar en un primer momento en un aluvi\u00f3n de incidentes de nulidad de actuaciones derivados de notificaciones practicadas incurriendo en vicios (con la consiguiente vulneraci\u00f3n de derechos). En todo caso, quien suscribe conf\u00eda (como no puede ser de otro modo) en que esta modernizaci\u00f3n y agilizaci\u00f3n de la Justicia no se anteponga a los derechos y libertades de los Justiciables y desea que junto a \u00e9stas tambi\u00e9n vengan otras, como la ansiada dotaci\u00f3n de mayores y mejores medios para que la muy delicada y muy sensible labor de administrar Justicia pueda desarrollarse con todas las garant\u00edas para los ciudadanos.<\/span><\/p>\n<p>&nbsp;<\/p>\n<p><span style=\"font-size: 12pt;\"><strong>Fernando Ortega <\/strong><\/span><\/p>\n<p><span style=\"font-size: 12pt;\">Abogado<\/span><\/p>\n","protected":false},"excerpt":{"rendered":"<p>A partir del 20 de marzo (de 2024) una empresa podr\u00e1 recibir notificaciones de demandas interpuestas contra ella (ser emplazada) por medios telem\u00e1ticos. \u00bfEst\u00e1 preparado?<\/p>\n","protected":false},"author":1,"featured_media":0,"comment_status":"closed","ping_status":"open","sticky":false,"template":"","format":"standard","meta":{"_acf_changed":false,"footnotes":""},"categories":[12],"tags":[],"sector_noticias":[],"class_list":{"0":"post-1573","1":"post","2":"type-post","3":"status-publish","4":"format-standard","6":"category-noticias"},"acf":[],"yoast_head":"<!-- This site is optimized with the Yoast SEO plugin v26.4 - https:\/\/yoast.com\/wordpress\/plugins\/seo\/ -->\n<title>\u00a1Atenci\u00f3n Empresas! Notificaciones telem\u00e1ticas de demandas - Abril Abogados<\/title>\n<meta name=\"robots\" content=\"index, follow, max-snippet:-1, max-image-preview:large, max-video-preview:-1\" \/>\n<link rel=\"canonical\" href=\"https:\/\/www.abrilabogados.com\/en\/noticias\/atencion-empresas-notificaciones-telematicas-de-demandas\/\" \/>\n<meta property=\"og:locale\" content=\"en_US\" \/>\n<meta property=\"og:type\" content=\"article\" \/>\n<meta property=\"og:title\" content=\"\u00a1Atenci\u00f3n Empresas! Notificaciones telem\u00e1ticas de demandas - Abril Abogados\" \/>\n<meta property=\"og:description\" content=\"A partir del 20 de marzo (de 2024) una empresa podr\u00e1 recibir notificaciones de demandas interpuestas contra ella (ser emplazada) por medios telem\u00e1ticos. \u00bfEst\u00e1 preparado?\" \/>\n<meta property=\"og:url\" content=\"https:\/\/www.abrilabogados.com\/en\/noticias\/atencion-empresas-notificaciones-telematicas-de-demandas\/\" \/>\n<meta property=\"og:site_name\" content=\"Abril Abogados\" \/>\n<meta property=\"article:published_time\" content=\"2024-03-19T23:00:00+00:00\" \/>\n<meta property=\"article:modified_time\" content=\"2026-04-23T20:29:44+00:00\" \/>\n<meta property=\"og:image\" content=\"https:\/\/www.abrilabogados.com\/wp-content\/uploads\/2026\/04\/Imagen1-1-15.png\" \/>\n<meta name=\"author\" content=\"admin\" \/>\n<meta name=\"twitter:card\" content=\"summary_large_image\" \/>\n<meta name=\"twitter:label1\" content=\"Written by\" \/>\n\t<meta name=\"twitter:data1\" content=\"admin\" \/>\n\t<meta name=\"twitter:label2\" content=\"Est. reading time\" \/>\n\t<meta name=\"twitter:data2\" content=\"2 minutes\" \/>\n<script type=\"application\/ld+json\" class=\"yoast-schema-graph\">{\"@context\":\"https:\/\/schema.org\",\"@graph\":[{\"@type\":\"WebPage\",\"@id\":\"https:\/\/www.abrilabogados.com\/en\/noticias\/atencion-empresas-notificaciones-telematicas-de-demandas\/\",\"url\":\"https:\/\/www.abrilabogados.com\/en\/noticias\/atencion-empresas-notificaciones-telematicas-de-demandas\/\",\"name\":\"\u00a1Atenci\u00f3n Empresas! Notificaciones telem\u00e1ticas de demandas - Abril Abogados\",\"isPartOf\":{\"@id\":\"https:\/\/www.abrilabogados.com\/en\/#website\"},\"primaryImageOfPage\":{\"@id\":\"https:\/\/www.abrilabogados.com\/en\/noticias\/atencion-empresas-notificaciones-telematicas-de-demandas\/#primaryimage\"},\"image\":{\"@id\":\"https:\/\/www.abrilabogados.com\/en\/noticias\/atencion-empresas-notificaciones-telematicas-de-demandas\/#primaryimage\"},\"thumbnailUrl\":\"https:\/\/www.abrilabogados.com\/wp-content\/uploads\/2026\/04\/Imagen1-1-15.png\",\"datePublished\":\"2024-03-19T23:00:00+00:00\",\"dateModified\":\"2026-04-23T20:29:44+00:00\",\"author\":{\"@id\":\"https:\/\/www.abrilabogados.com\/en\/#\/schema\/person\/750a358f28e46d5003b31222bddd9ed8\"},\"breadcrumb\":{\"@id\":\"https:\/\/www.abrilabogados.com\/en\/noticias\/atencion-empresas-notificaciones-telematicas-de-demandas\/#breadcrumb\"},\"inLanguage\":\"en-US\",\"potentialAction\":[{\"@type\":\"ReadAction\",\"target\":[\"https:\/\/www.abrilabogados.com\/en\/noticias\/atencion-empresas-notificaciones-telematicas-de-demandas\/\"]}]},{\"@type\":\"ImageObject\",\"inLanguage\":\"en-US\",\"@id\":\"https:\/\/www.abrilabogados.com\/en\/noticias\/atencion-empresas-notificaciones-telematicas-de-demandas\/#primaryimage\",\"url\":\"https:\/\/www.abrilabogados.com\/wp-content\/uploads\/2026\/04\/Imagen1-1-15.png\",\"contentUrl\":\"https:\/\/www.abrilabogados.com\/wp-content\/uploads\/2026\/04\/Imagen1-1-15.png\"},{\"@type\":\"BreadcrumbList\",\"@id\":\"https:\/\/www.abrilabogados.com\/en\/noticias\/atencion-empresas-notificaciones-telematicas-de-demandas\/#breadcrumb\",\"itemListElement\":[{\"@type\":\"ListItem\",\"position\":1,\"name\":\"Abril Abogados News\",\"item\":\"\/en\/noticias\/\"},{\"@type\":\"ListItem\",\"position\":2,\"name\":\"\u00a1Atenci\u00f3n Empresas! Notificaciones telem\u00e1ticas de demandas\"}]},{\"@type\":\"WebSite\",\"@id\":\"https:\/\/www.abrilabogados.com\/en\/#website\",\"url\":\"https:\/\/www.abrilabogados.com\/en\/\",\"name\":\"Abril Abogados\",\"description\":\"\",\"potentialAction\":[{\"@type\":\"SearchAction\",\"target\":{\"@type\":\"EntryPoint\",\"urlTemplate\":\"https:\/\/www.abrilabogados.com\/en\/?s={search_term_string}\"},\"query-input\":{\"@type\":\"PropertyValueSpecification\",\"valueRequired\":true,\"valueName\":\"search_term_string\"}}],\"inLanguage\":\"en-US\"},{\"@type\":\"Person\",\"@id\":\"https:\/\/www.abrilabogados.com\/en\/#\/schema\/person\/750a358f28e46d5003b31222bddd9ed8\",\"name\":\"admin\",\"image\":{\"@type\":\"ImageObject\",\"inLanguage\":\"en-US\",\"@id\":\"https:\/\/www.abrilabogados.com\/en\/#\/schema\/person\/image\/\",\"url\":\"https:\/\/secure.gravatar.com\/avatar\/52d6bc19e862502e6ff2f700f23c607b54491a2d4a05fc0f2a79b8077f4bc25c?s=96&d=mm&r=g\",\"contentUrl\":\"https:\/\/secure.gravatar.com\/avatar\/52d6bc19e862502e6ff2f700f23c607b54491a2d4a05fc0f2a79b8077f4bc25c?s=96&d=mm&r=g\",\"caption\":\"admin\"},\"sameAs\":[\"https:\/\/www.abrilabogados.com\"],\"url\":\"https:\/\/www.abrilabogados.com\/en\/noticias\/author\/charly_wpadmin\/\"}]}<\/script>\n<!-- \/ Yoast SEO plugin. -->","yoast_head_json":{"title":"\u00a1Atenci\u00f3n Empresas! Notificaciones telem\u00e1ticas de demandas - Abril Abogados","robots":{"index":"index","follow":"follow","max-snippet":"max-snippet:-1","max-image-preview":"max-image-preview:large","max-video-preview":"max-video-preview:-1"},"canonical":"https:\/\/www.abrilabogados.com\/en\/noticias\/atencion-empresas-notificaciones-telematicas-de-demandas\/","og_locale":"en_US","og_type":"article","og_title":"\u00a1Atenci\u00f3n Empresas! Notificaciones telem\u00e1ticas de demandas - Abril Abogados","og_description":"A partir del 20 de marzo (de 2024) una empresa podr\u00e1 recibir notificaciones de demandas interpuestas contra ella (ser emplazada) por medios telem\u00e1ticos. \u00bfEst\u00e1 preparado?","og_url":"https:\/\/www.abrilabogados.com\/en\/noticias\/atencion-empresas-notificaciones-telematicas-de-demandas\/","og_site_name":"Abril Abogados","article_published_time":"2024-03-19T23:00:00+00:00","article_modified_time":"2026-04-23T20:29:44+00:00","og_image":[{"url":"https:\/\/www.abrilabogados.com\/wp-content\/uploads\/2026\/04\/Imagen1-1-15.png","type":"","width":"","height":""}],"author":"admin","twitter_card":"summary_large_image","twitter_misc":{"Written by":"admin","Est. reading time":"2 minutes"},"schema":{"@context":"https:\/\/schema.org","@graph":[{"@type":"WebPage","@id":"https:\/\/www.abrilabogados.com\/en\/noticias\/atencion-empresas-notificaciones-telematicas-de-demandas\/","url":"https:\/\/www.abrilabogados.com\/en\/noticias\/atencion-empresas-notificaciones-telematicas-de-demandas\/","name":"\u00a1Atenci\u00f3n Empresas! Notificaciones telem\u00e1ticas de demandas - Abril Abogados","isPartOf":{"@id":"https:\/\/www.abrilabogados.com\/en\/#website"},"primaryImageOfPage":{"@id":"https:\/\/www.abrilabogados.com\/en\/noticias\/atencion-empresas-notificaciones-telematicas-de-demandas\/#primaryimage"},"image":{"@id":"https:\/\/www.abrilabogados.com\/en\/noticias\/atencion-empresas-notificaciones-telematicas-de-demandas\/#primaryimage"},"thumbnailUrl":"https:\/\/www.abrilabogados.com\/wp-content\/uploads\/2026\/04\/Imagen1-1-15.png","datePublished":"2024-03-19T23:00:00+00:00","dateModified":"2026-04-23T20:29:44+00:00","author":{"@id":"https:\/\/www.abrilabogados.com\/en\/#\/schema\/person\/750a358f28e46d5003b31222bddd9ed8"},"breadcrumb":{"@id":"https:\/\/www.abrilabogados.com\/en\/noticias\/atencion-empresas-notificaciones-telematicas-de-demandas\/#breadcrumb"},"inLanguage":"en-US","potentialAction":[{"@type":"ReadAction","target":["https:\/\/www.abrilabogados.com\/en\/noticias\/atencion-empresas-notificaciones-telematicas-de-demandas\/"]}]},{"@type":"ImageObject","inLanguage":"en-US","@id":"https:\/\/www.abrilabogados.com\/en\/noticias\/atencion-empresas-notificaciones-telematicas-de-demandas\/#primaryimage","url":"https:\/\/www.abrilabogados.com\/wp-content\/uploads\/2026\/04\/Imagen1-1-15.png","contentUrl":"https:\/\/www.abrilabogados.com\/wp-content\/uploads\/2026\/04\/Imagen1-1-15.png"},{"@type":"BreadcrumbList","@id":"https:\/\/www.abrilabogados.com\/en\/noticias\/atencion-empresas-notificaciones-telematicas-de-demandas\/#breadcrumb","itemListElement":[{"@type":"ListItem","position":1,"name":"Abril Abogados News","item":"\/en\/noticias\/"},{"@type":"ListItem","position":2,"name":"\u00a1Atenci\u00f3n Empresas! Notificaciones telem\u00e1ticas de demandas"}]},{"@type":"WebSite","@id":"https:\/\/www.abrilabogados.com\/en\/#website","url":"https:\/\/www.abrilabogados.com\/en\/","name":"Abril Abogados","description":"","potentialAction":[{"@type":"SearchAction","target":{"@type":"EntryPoint","urlTemplate":"https:\/\/www.abrilabogados.com\/en\/?s={search_term_string}"},"query-input":{"@type":"PropertyValueSpecification","valueRequired":true,"valueName":"search_term_string"}}],"inLanguage":"en-US"},{"@type":"Person","@id":"https:\/\/www.abrilabogados.com\/en\/#\/schema\/person\/750a358f28e46d5003b31222bddd9ed8","name":"admin","image":{"@type":"ImageObject","inLanguage":"en-US","@id":"https:\/\/www.abrilabogados.com\/en\/#\/schema\/person\/image\/","url":"https:\/\/secure.gravatar.com\/avatar\/52d6bc19e862502e6ff2f700f23c607b54491a2d4a05fc0f2a79b8077f4bc25c?s=96&d=mm&r=g","contentUrl":"https:\/\/secure.gravatar.com\/avatar\/52d6bc19e862502e6ff2f700f23c607b54491a2d4a05fc0f2a79b8077f4bc25c?s=96&d=mm&r=g","caption":"admin"},"sameAs":["https:\/\/www.abrilabogados.com"],"url":"https:\/\/www.abrilabogados.com\/en\/noticias\/author\/charly_wpadmin\/"}]}},"_links":{"self":[{"href":"https:\/\/www.abrilabogados.com\/en\/wp-json\/wp\/v2\/posts\/1573","targetHints":{"allow":["GET"]}}],"collection":[{"href":"https:\/\/www.abrilabogados.com\/en\/wp-json\/wp\/v2\/posts"}],"about":[{"href":"https:\/\/www.abrilabogados.com\/en\/wp-json\/wp\/v2\/types\/post"}],"author":[{"embeddable":true,"href":"https:\/\/www.abrilabogados.com\/en\/wp-json\/wp\/v2\/users\/1"}],"replies":[{"embeddable":true,"href":"https:\/\/www.abrilabogados.com\/en\/wp-json\/wp\/v2\/comments?post=1573"}],"version-history":[{"count":1,"href":"https:\/\/www.abrilabogados.com\/en\/wp-json\/wp\/v2\/posts\/1573\/revisions"}],"predecessor-version":[{"id":4003,"href":"https:\/\/www.abrilabogados.com\/en\/wp-json\/wp\/v2\/posts\/1573\/revisions\/4003"}],"wp:attachment":[{"href":"https:\/\/www.abrilabogados.com\/en\/wp-json\/wp\/v2\/media?parent=1573"}],"wp:term":[{"taxonomy":"category","embeddable":true,"href":"https:\/\/www.abrilabogados.com\/en\/wp-json\/wp\/v2\/categories?post=1573"},{"taxonomy":"post_tag","embeddable":true,"href":"https:\/\/www.abrilabogados.com\/en\/wp-json\/wp\/v2\/tags?post=1573"},{"taxonomy":"sector_noticias","embeddable":true,"href":"https:\/\/www.abrilabogados.com\/en\/wp-json\/wp\/v2\/sector_noticias?post=1573"}],"curies":[{"name":"wp","href":"https:\/\/api.w.org\/{rel}","templated":true}]}}