{"id":1583,"date":"2024-05-20T00:00:00","date_gmt":"2024-05-19T22:00:00","guid":{"rendered":"https:\/\/www.abrilabogados.com\/el-ministerio-de-cultura-convoca-ayudas-para-la-edicion-de-revistas-culturales\/"},"modified":"2026-04-23T22:29:54","modified_gmt":"2026-04-23T20:29:54","slug":"el-ministerio-de-cultura-convoca-ayudas-para-la-edicion-de-revistas-culturales","status":"publish","type":"post","link":"https:\/\/www.abrilabogados.com\/en\/noticias\/el-ministerio-de-cultura-convoca-ayudas-para-la-edicion-de-revistas-culturales\/","title":{"rendered":"El Ministerio de Cultura convoca ayudas para la edici\u00f3n de revistas culturales"},"content":{"rendered":"<p style=\"text-align: justify;\"><span style=\"font-size: 12pt;\">El @ministeriodecultura, a trav\u00e9s de la Direcci\u00f3n General del Libro, del C\u00f3mic y de la Lectura, ha convocado las ayudas para la edici\u00f3n de revistas culturales correspondiente a 2024, por valor de un mill\u00f3n de euros.<\/span><\/p>\n<p><!--more--><\/p>\n<p style=\"text-align: justify;\"><span style=\"font-size: 12pt;\">Estas ayudas est\u00e1n destinadas al fomento y difusi\u00f3n de publicaciones de proyecci\u00f3n nacional y alcance comercial reducido que contribuyan al enriquecimiento del patrimonio bibliogr\u00e1fico espa\u00f1ol, escritas en cualquiera de las lenguas oficiales espa\u00f1olas, y se pueden solicitar hasta el pr\u00f3ximo 3 de junio de 2024.<\/span><\/p>\n<p style=\"text-align: justify;\"><span style=\"font-size: 12pt;\">Podr\u00e1n solicitar estas ayudas las empresas (personas jur\u00eddicas y aut\u00f3nomos) e instituciones sin fines de lucro que tengan como actividad, \u00fanica o entre otras, la edici\u00f3n de revistas culturales, con independencia del soporte en el que se editen.<\/span><\/p>\n<p style=\"text-align: justify;\"><span style=\"font-size: 12pt;\">As\u00ed, aquellas publicaciones pertenecientes al \u00e1mbito de la cultura dedicadas a la literatura y ling\u00fc\u00edstica; artes pl\u00e1sticas, artes esc\u00e9nicas, m\u00fasica; dise\u00f1o, fotograf\u00eda, creaci\u00f3n audiovisual, cinematograf\u00eda; historia, geograf\u00eda, arquitectura; filosof\u00eda, ciencias sociales, jur\u00eddicas y pol\u00edticas y cr\u00edtica de la cultura, podr\u00e1n optar a esta subvenci\u00f3n hasta un m\u00e1ximo del 50% del coste de publicaci\u00f3n de la revista.<\/span><\/p>\n<p style=\"text-align: justify;\"><span style=\"font-size: 12pt;\">M\u00e1s informaci\u00f3n sobre la convocatoria: <a href=\"https:\/\/www.cultura.gob.es\/servicios-al-ciudadano\/catalogo\/becas-ayudas-y-subvenciones\/ayudas-y-subvenciones\/libro\/edicion-revistas-cultura.html\">https:\/\/www.cultura.gob.es\/servicios-al-ciudadano\/catalogo\/becas-ayudas-y-subvenciones\/ayudas-y-subvenciones\/libro\/edicion-revistas-cultura.html<\/a><\/span><\/p>\n<p>&nbsp;<\/p>\n<p><img loading=\"lazy\" decoding=\"async\" class=\"wp-image-4009 alignleft\" src=\"https:\/\/www.abrilabogados.com\/wp-content\/uploads\/2026\/04\/Imagen1-50.jpg\" alt=\"\" width=\"117\" height=\"116\" \/><\/p>\n<p>&nbsp;<\/p>\n<p>&nbsp;<\/p>\n<p>&nbsp;<\/p>\n<p>&nbsp;<\/p>\n<p><span style=\"font-size: 10pt;\"><strong>Rub\u00e9n Canales<\/strong><\/span><\/p>\n<p><span style=\"font-size: 10pt;\">Abogado<\/span><\/p>\n","protected":false},"excerpt":{"rendered":"<p>El @ministeriodecultura, a trav\u00e9s de la Direcci\u00f3n General del Libro, del C\u00f3mic y de la Lectura, ha convocado las ayudas para la edici\u00f3n de revistas culturales correspondiente a 2024, por&#8230;<\/p>\n","protected":false},"author":1,"featured_media":0,"comment_status":"closed","ping_status":"open","sticky":false,"template":"","format":"standard","meta":{"_acf_changed":false,"footnotes":""},"categories":[12],"tags":[],"sector_noticias":[],"class_list":{"0":"post-1583","1":"post","2":"type-post","3":"status-publish","4":"format-standard","6":"category-noticias"},"acf":[],"yoast_head":"<!-- This site is optimized with the Yoast SEO plugin v26.4 - https:\/\/yoast.com\/wordpress\/plugins\/seo\/ -->\n<title>El Ministerio de Cultura convoca ayudas para la edici\u00f3n de revistas culturales - Abril Abogados<\/title>\n<meta name=\"robots\" content=\"index, follow, max-snippet:-1, max-image-preview:large, max-video-preview:-1\" \/>\n<link rel=\"canonical\" href=\"https:\/\/www.abrilabogados.com\/en\/noticias\/el-ministerio-de-cultura-convoca-ayudas-para-la-edicion-de-revistas-culturales\/\" \/>\n<meta property=\"og:locale\" content=\"en_US\" \/>\n<meta property=\"og:type\" content=\"article\" \/>\n<meta property=\"og:title\" content=\"El Ministerio de Cultura convoca ayudas para la edici\u00f3n de revistas culturales - Abril Abogados\" \/>\n<meta property=\"og:description\" content=\"El @ministeriodecultura, a trav\u00e9s de la Direcci\u00f3n General del Libro, del C\u00f3mic y de la Lectura, ha convocado las ayudas para la edici\u00f3n de revistas culturales correspondiente a 2024, por...\" \/>\n<meta property=\"og:url\" content=\"https:\/\/www.abrilabogados.com\/en\/noticias\/el-ministerio-de-cultura-convoca-ayudas-para-la-edicion-de-revistas-culturales\/\" \/>\n<meta property=\"og:site_name\" content=\"Abril Abogados\" \/>\n<meta property=\"article:published_time\" content=\"2024-05-19T22:00:00+00:00\" \/>\n<meta property=\"article:modified_time\" content=\"2026-04-23T20:29:54+00:00\" \/>\n<meta property=\"og:image\" content=\"https:\/\/www.abrilabogados.com\/wp-content\/uploads\/2026\/04\/Imagen1-50.jpg\" \/>\n<meta name=\"author\" content=\"admin\" \/>\n<meta name=\"twitter:card\" content=\"summary_large_image\" \/>\n<meta name=\"twitter:label1\" content=\"Written by\" \/>\n\t<meta name=\"twitter:data1\" content=\"admin\" \/>\n\t<meta name=\"twitter:label2\" content=\"Est. reading time\" \/>\n\t<meta name=\"twitter:data2\" content=\"1 minute\" \/>\n<script type=\"application\/ld+json\" class=\"yoast-schema-graph\">{\"@context\":\"https:\/\/schema.org\",\"@graph\":[{\"@type\":\"WebPage\",\"@id\":\"https:\/\/www.abrilabogados.com\/en\/noticias\/el-ministerio-de-cultura-convoca-ayudas-para-la-edicion-de-revistas-culturales\/\",\"url\":\"https:\/\/www.abrilabogados.com\/en\/noticias\/el-ministerio-de-cultura-convoca-ayudas-para-la-edicion-de-revistas-culturales\/\",\"name\":\"El Ministerio de Cultura convoca ayudas para la edici\u00f3n de revistas culturales - Abril Abogados\",\"isPartOf\":{\"@id\":\"https:\/\/www.abrilabogados.com\/en\/#website\"},\"primaryImageOfPage\":{\"@id\":\"https:\/\/www.abrilabogados.com\/en\/noticias\/el-ministerio-de-cultura-convoca-ayudas-para-la-edicion-de-revistas-culturales\/#primaryimage\"},\"image\":{\"@id\":\"https:\/\/www.abrilabogados.com\/en\/noticias\/el-ministerio-de-cultura-convoca-ayudas-para-la-edicion-de-revistas-culturales\/#primaryimage\"},\"thumbnailUrl\":\"https:\/\/www.abrilabogados.com\/wp-content\/uploads\/2026\/04\/Imagen1-50.jpg\",\"datePublished\":\"2024-05-19T22:00:00+00:00\",\"dateModified\":\"2026-04-23T20:29:54+00:00\",\"author\":{\"@id\":\"https:\/\/www.abrilabogados.com\/en\/#\/schema\/person\/750a358f28e46d5003b31222bddd9ed8\"},\"breadcrumb\":{\"@id\":\"https:\/\/www.abrilabogados.com\/en\/noticias\/el-ministerio-de-cultura-convoca-ayudas-para-la-edicion-de-revistas-culturales\/#breadcrumb\"},\"inLanguage\":\"en-US\",\"potentialAction\":[{\"@type\":\"ReadAction\",\"target\":[\"https:\/\/www.abrilabogados.com\/en\/noticias\/el-ministerio-de-cultura-convoca-ayudas-para-la-edicion-de-revistas-culturales\/\"]}]},{\"@type\":\"ImageObject\",\"inLanguage\":\"en-US\",\"@id\":\"https:\/\/www.abrilabogados.com\/en\/noticias\/el-ministerio-de-cultura-convoca-ayudas-para-la-edicion-de-revistas-culturales\/#primaryimage\",\"url\":\"https:\/\/www.abrilabogados.com\/wp-content\/uploads\/2026\/04\/Imagen1-50.jpg\",\"contentUrl\":\"https:\/\/www.abrilabogados.com\/wp-content\/uploads\/2026\/04\/Imagen1-50.jpg\"},{\"@type\":\"BreadcrumbList\",\"@id\":\"https:\/\/www.abrilabogados.com\/en\/noticias\/el-ministerio-de-cultura-convoca-ayudas-para-la-edicion-de-revistas-culturales\/#breadcrumb\",\"itemListElement\":[{\"@type\":\"ListItem\",\"position\":1,\"name\":\"Abril Abogados News\",\"item\":\"\/en\/noticias\/\"},{\"@type\":\"ListItem\",\"position\":2,\"name\":\"El Ministerio de Cultura convoca ayudas para la edici\u00f3n de revistas culturales\"}]},{\"@type\":\"WebSite\",\"@id\":\"https:\/\/www.abrilabogados.com\/en\/#website\",\"url\":\"https:\/\/www.abrilabogados.com\/en\/\",\"name\":\"Abril Abogados\",\"description\":\"\",\"potentialAction\":[{\"@type\":\"SearchAction\",\"target\":{\"@type\":\"EntryPoint\",\"urlTemplate\":\"https:\/\/www.abrilabogados.com\/en\/?s={search_term_string}\"},\"query-input\":{\"@type\":\"PropertyValueSpecification\",\"valueRequired\":true,\"valueName\":\"search_term_string\"}}],\"inLanguage\":\"en-US\"},{\"@type\":\"Person\",\"@id\":\"https:\/\/www.abrilabogados.com\/en\/#\/schema\/person\/750a358f28e46d5003b31222bddd9ed8\",\"name\":\"admin\",\"image\":{\"@type\":\"ImageObject\",\"inLanguage\":\"en-US\",\"@id\":\"https:\/\/www.abrilabogados.com\/en\/#\/schema\/person\/image\/\",\"url\":\"https:\/\/secure.gravatar.com\/avatar\/52d6bc19e862502e6ff2f700f23c607b54491a2d4a05fc0f2a79b8077f4bc25c?s=96&d=mm&r=g\",\"contentUrl\":\"https:\/\/secure.gravatar.com\/avatar\/52d6bc19e862502e6ff2f700f23c607b54491a2d4a05fc0f2a79b8077f4bc25c?s=96&d=mm&r=g\",\"caption\":\"admin\"},\"sameAs\":[\"https:\/\/www.abrilabogados.com\"],\"url\":\"https:\/\/www.abrilabogados.com\/en\/noticias\/author\/charly_wpadmin\/\"}]}<\/script>\n<!-- \/ Yoast SEO plugin. -->","yoast_head_json":{"title":"El Ministerio de Cultura convoca ayudas para la edici\u00f3n de revistas culturales - Abril Abogados","robots":{"index":"index","follow":"follow","max-snippet":"max-snippet:-1","max-image-preview":"max-image-preview:large","max-video-preview":"max-video-preview:-1"},"canonical":"https:\/\/www.abrilabogados.com\/en\/noticias\/el-ministerio-de-cultura-convoca-ayudas-para-la-edicion-de-revistas-culturales\/","og_locale":"en_US","og_type":"article","og_title":"El Ministerio de Cultura convoca ayudas para la edici\u00f3n de revistas culturales - Abril Abogados","og_description":"El @ministeriodecultura, a trav\u00e9s de la Direcci\u00f3n General del Libro, del C\u00f3mic y de la Lectura, ha convocado las ayudas para la edici\u00f3n de revistas culturales correspondiente a 2024, por...","og_url":"https:\/\/www.abrilabogados.com\/en\/noticias\/el-ministerio-de-cultura-convoca-ayudas-para-la-edicion-de-revistas-culturales\/","og_site_name":"Abril Abogados","article_published_time":"2024-05-19T22:00:00+00:00","article_modified_time":"2026-04-23T20:29:54+00:00","og_image":[{"url":"https:\/\/www.abrilabogados.com\/wp-content\/uploads\/2026\/04\/Imagen1-50.jpg","type":"","width":"","height":""}],"author":"admin","twitter_card":"summary_large_image","twitter_misc":{"Written by":"admin","Est. reading time":"1 minute"},"schema":{"@context":"https:\/\/schema.org","@graph":[{"@type":"WebPage","@id":"https:\/\/www.abrilabogados.com\/en\/noticias\/el-ministerio-de-cultura-convoca-ayudas-para-la-edicion-de-revistas-culturales\/","url":"https:\/\/www.abrilabogados.com\/en\/noticias\/el-ministerio-de-cultura-convoca-ayudas-para-la-edicion-de-revistas-culturales\/","name":"El Ministerio de Cultura convoca ayudas para la edici\u00f3n de revistas culturales - Abril Abogados","isPartOf":{"@id":"https:\/\/www.abrilabogados.com\/en\/#website"},"primaryImageOfPage":{"@id":"https:\/\/www.abrilabogados.com\/en\/noticias\/el-ministerio-de-cultura-convoca-ayudas-para-la-edicion-de-revistas-culturales\/#primaryimage"},"image":{"@id":"https:\/\/www.abrilabogados.com\/en\/noticias\/el-ministerio-de-cultura-convoca-ayudas-para-la-edicion-de-revistas-culturales\/#primaryimage"},"thumbnailUrl":"https:\/\/www.abrilabogados.com\/wp-content\/uploads\/2026\/04\/Imagen1-50.jpg","datePublished":"2024-05-19T22:00:00+00:00","dateModified":"2026-04-23T20:29:54+00:00","author":{"@id":"https:\/\/www.abrilabogados.com\/en\/#\/schema\/person\/750a358f28e46d5003b31222bddd9ed8"},"breadcrumb":{"@id":"https:\/\/www.abrilabogados.com\/en\/noticias\/el-ministerio-de-cultura-convoca-ayudas-para-la-edicion-de-revistas-culturales\/#breadcrumb"},"inLanguage":"en-US","potentialAction":[{"@type":"ReadAction","target":["https:\/\/www.abrilabogados.com\/en\/noticias\/el-ministerio-de-cultura-convoca-ayudas-para-la-edicion-de-revistas-culturales\/"]}]},{"@type":"ImageObject","inLanguage":"en-US","@id":"https:\/\/www.abrilabogados.com\/en\/noticias\/el-ministerio-de-cultura-convoca-ayudas-para-la-edicion-de-revistas-culturales\/#primaryimage","url":"https:\/\/www.abrilabogados.com\/wp-content\/uploads\/2026\/04\/Imagen1-50.jpg","contentUrl":"https:\/\/www.abrilabogados.com\/wp-content\/uploads\/2026\/04\/Imagen1-50.jpg"},{"@type":"BreadcrumbList","@id":"https:\/\/www.abrilabogados.com\/en\/noticias\/el-ministerio-de-cultura-convoca-ayudas-para-la-edicion-de-revistas-culturales\/#breadcrumb","itemListElement":[{"@type":"ListItem","position":1,"name":"Abril Abogados News","item":"\/en\/noticias\/"},{"@type":"ListItem","position":2,"name":"El Ministerio de Cultura convoca ayudas para la edici\u00f3n de revistas culturales"}]},{"@type":"WebSite","@id":"https:\/\/www.abrilabogados.com\/en\/#website","url":"https:\/\/www.abrilabogados.com\/en\/","name":"Abril Abogados","description":"","potentialAction":[{"@type":"SearchAction","target":{"@type":"EntryPoint","urlTemplate":"https:\/\/www.abrilabogados.com\/en\/?s={search_term_string}"},"query-input":{"@type":"PropertyValueSpecification","valueRequired":true,"valueName":"search_term_string"}}],"inLanguage":"en-US"},{"@type":"Person","@id":"https:\/\/www.abrilabogados.com\/en\/#\/schema\/person\/750a358f28e46d5003b31222bddd9ed8","name":"admin","image":{"@type":"ImageObject","inLanguage":"en-US","@id":"https:\/\/www.abrilabogados.com\/en\/#\/schema\/person\/image\/","url":"https:\/\/secure.gravatar.com\/avatar\/52d6bc19e862502e6ff2f700f23c607b54491a2d4a05fc0f2a79b8077f4bc25c?s=96&d=mm&r=g","contentUrl":"https:\/\/secure.gravatar.com\/avatar\/52d6bc19e862502e6ff2f700f23c607b54491a2d4a05fc0f2a79b8077f4bc25c?s=96&d=mm&r=g","caption":"admin"},"sameAs":["https:\/\/www.abrilabogados.com"],"url":"https:\/\/www.abrilabogados.com\/en\/noticias\/author\/charly_wpadmin\/"}]}},"_links":{"self":[{"href":"https:\/\/www.abrilabogados.com\/en\/wp-json\/wp\/v2\/posts\/1583","targetHints":{"allow":["GET"]}}],"collection":[{"href":"https:\/\/www.abrilabogados.com\/en\/wp-json\/wp\/v2\/posts"}],"about":[{"href":"https:\/\/www.abrilabogados.com\/en\/wp-json\/wp\/v2\/types\/post"}],"author":[{"embeddable":true,"href":"https:\/\/www.abrilabogados.com\/en\/wp-json\/wp\/v2\/users\/1"}],"replies":[{"embeddable":true,"href":"https:\/\/www.abrilabogados.com\/en\/wp-json\/wp\/v2\/comments?post=1583"}],"version-history":[{"count":1,"href":"https:\/\/www.abrilabogados.com\/en\/wp-json\/wp\/v2\/posts\/1583\/revisions"}],"predecessor-version":[{"id":4010,"href":"https:\/\/www.abrilabogados.com\/en\/wp-json\/wp\/v2\/posts\/1583\/revisions\/4010"}],"wp:attachment":[{"href":"https:\/\/www.abrilabogados.com\/en\/wp-json\/wp\/v2\/media?parent=1583"}],"wp:term":[{"taxonomy":"category","embeddable":true,"href":"https:\/\/www.abrilabogados.com\/en\/wp-json\/wp\/v2\/categories?post=1583"},{"taxonomy":"post_tag","embeddable":true,"href":"https:\/\/www.abrilabogados.com\/en\/wp-json\/wp\/v2\/tags?post=1583"},{"taxonomy":"sector_noticias","embeddable":true,"href":"https:\/\/www.abrilabogados.com\/en\/wp-json\/wp\/v2\/sector_noticias?post=1583"}],"curies":[{"name":"wp","href":"https:\/\/api.w.org\/{rel}","templated":true}]}}