{"id":1592,"date":"2024-07-10T00:00:00","date_gmt":"2024-07-09T22:00:00","guid":{"rendered":"https:\/\/www.abrilabogados.com\/barcelona-se-incorpora-la-red-de-autenticiudades\/"},"modified":"2026-04-23T22:29:57","modified_gmt":"2026-04-23T20:29:57","slug":"barcelona-se-incorpora-la-red-de-autenticiudades","status":"publish","type":"post","link":"https:\/\/www.abrilabogados.com\/en\/noticias\/barcelona-se-incorpora-la-red-de-autenticiudades\/","title":{"rendered":"Barcelona se incorpora  la red de autenticiudades"},"content":{"rendered":"<p style=\"text-align: justify;\"><span style=\"font-size: 12pt;\">El Ayuntamiento de Barcelona ha sido uno de los \u00faltimos municipios en incorporarse a la Red Europea de Autenticiudades (Authenticities).<\/span><\/p>\n<p style=\"text-align: justify;\"><span style=\"font-size: 12pt;\">Autenticiudades es un proyecto puesto en marcha desde hace varios a\u00f1os por parte del Observatorio Europeo de las Vulneraciones de los Derechos de Propiedad Intelectual de la EUIPO, en el marco de sus actividades de cooperaci\u00f3n europea y del Plan Estrat\u00e9gico 2025.<\/span><\/p>\n<p style=\"text-align: justify;\"><span style=\"font-size: 12pt;\">El grupo de expertos y las partes interesadas que lo forman tienen como principal objetivo fomentar la protecci\u00f3n y la concienciaci\u00f3n en materia de propiedad industrial, as\u00ed como favorecer la lucha contra las falsificaciones y la pirater\u00eda.<\/span><\/p>\n<p style=\"text-align: justify;\"><span style=\"font-size: 12pt;\">Cualquier ciudad que act\u00fae de manera proactiva en la defensa de su comercio local y en contra de la venta de productos falsificados es candidata a pertenecer a esta red.<\/span><\/p>\n<p style=\"text-align: justify;\"><span style=\"font-size: 12pt;\">Barcelona es miembro de la Red Europea de Autenticiudades desde junio de 2024, siguiendo la estela de otras importantes ciudades espa\u00f1olas que ya forman parte de Autenticiudades, como Madrid, incorporada en 2021, o Zaragoza, en 2022.<\/span><\/p>\n<p style=\"text-align: justify;\"><span style=\"font-size: 12pt;\">Iniciativas como esta son un gran paso hacia delante para acabar con la lacra de las falsificaciones en las calles de nuestras ciudades y con los perjuicios que causan, ya no solo a los titulares de los derechos vulnerados, si no a nuestra sociedad y econom\u00eda.<\/span><\/p>\n<p>&nbsp;<\/p>\n<p><strong>Laura Conde<\/strong><\/p>\n<p>Abogada<\/p>\n<p><img loading=\"lazy\" decoding=\"async\" class=\"wp-image-4097 alignleft\" src=\"https:\/\/www.abrilabogados.com\/wp-content\/uploads\/2026\/04\/Imagen1-54.jpg\" alt=\"\" width=\"108\" height=\"129\" \/><\/p>\n<p>&nbsp;<\/p>\n<p>&nbsp;<\/p>\n<p>&nbsp;<\/p>\n<p>&nbsp;<\/p>\n<p>&nbsp;<\/p>\n<p style=\"text-align: justify;\"><span style=\"font-size: 12pt;\">L&#8217;Ajuntament de Barcelona ha estat un dels \u00faltims municipis a incorporar-se a la Red Europea de Autenticiudades (Authenticities).<\/span><\/p>\n<p style=\"text-align: justify;\"><span style=\"font-size: 12pt;\">Authenticities \u00e9s un projecte posat en marxa des de fa diversos anys per part de l\u2019Observatori Europeu de les Vulneracions dels Drets de Propietat Intel\u00b7lectual de la EUIPO, en el marc de les seves activitats de cooperaci\u00f3 europea i del Pla Estrat\u00e8gic 2025.<\/span><\/p>\n<p style=\"text-align: justify;\"><span style=\"font-size: 12pt;\">El grup d&#8217;experts i les parts interessades que el formen tenen com a principal objectiu fomentar la protecci\u00f3 i la conscienciaci\u00f3 en mat\u00e8ria de propietat industrial, aix\u00ed com afavorir la lluita contra les falsificacions i la pirateria.<\/span><\/p>\n<p style=\"text-align: justify;\"><span style=\"font-size: 12pt;\">Qualsevol ciutat que actu\u00ef de manera proactiva en la defensa del seu comer\u00e7 local i en contra de la venda de productes falsificats \u00e9s candidata a pert\u00e0nyer a aquesta xarxa.<\/span><\/p>\n<p style=\"text-align: justify;\"><span style=\"font-size: 12pt;\">Barcelona \u00e9s membre de la xarxa des de juny de 2024, seguint les petjades d\u2019altres importants ciutats espanyoles que ja formen part d\u2019Authenticities, com Madrid, incorporada en 2021, o Saragossa, en 2022.<\/span><\/p>\n<p style=\"text-align: justify;\"><span style=\"font-size: 12pt;\">Iniciatives com aquesta s\u00f3n un gran pas cap endavant per acabar amb la xacra de les falsificacions als carrers de les nostres ciutats i amb els perjudicis que causen\u00a0 no nom\u00e9s als titulars dels drets vulnerats, sin\u00f3 a la nostra societat i economia.<\/span><\/p>\n<p>&nbsp;<\/p>\n<p><strong>Laura Conde<\/strong><\/p>\n<p>Advocada<\/p>\n<p><img loading=\"lazy\" decoding=\"async\" class=\"wp-image-4097 alignleft\" src=\"https:\/\/www.abrilabogados.com\/wp-content\/uploads\/2026\/04\/Imagen1-54.jpg\" alt=\"\" width=\"108\" height=\"128\" \/><\/p>\n<p>&nbsp;<\/p>\n<p>&nbsp;<\/p>\n<p>&nbsp;<\/p>\n<p>&nbsp;<\/p>\n<p>&nbsp;<\/p>\n","protected":false},"excerpt":{"rendered":"<p>El Ayuntamiento de Barcelona ha sido uno de los \u00faltimos municipios en incorporarse a la Red Europea de Autenticiudades (Authenticities). Autenticiudades es un proyecto puesto en marcha desde hace varios&#8230;<\/p>\n","protected":false},"author":1,"featured_media":0,"comment_status":"closed","ping_status":"open","sticky":false,"template":"","format":"standard","meta":{"_acf_changed":false,"footnotes":""},"categories":[12],"tags":[],"sector_noticias":[],"class_list":{"0":"post-1592","1":"post","2":"type-post","3":"status-publish","4":"format-standard","6":"category-noticias"},"acf":[],"yoast_head":"<!-- This site is optimized with the Yoast SEO plugin v26.4 - https:\/\/yoast.com\/wordpress\/plugins\/seo\/ -->\n<title>Barcelona se incorpora la red de autenticiudades - Abril Abogados<\/title>\n<meta name=\"robots\" content=\"index, follow, max-snippet:-1, max-image-preview:large, max-video-preview:-1\" \/>\n<link rel=\"canonical\" href=\"https:\/\/www.abrilabogados.com\/en\/noticias\/barcelona-se-incorpora-la-red-de-autenticiudades\/\" \/>\n<meta property=\"og:locale\" content=\"en_US\" \/>\n<meta property=\"og:type\" content=\"article\" \/>\n<meta property=\"og:title\" content=\"Barcelona se incorpora la red de autenticiudades - Abril Abogados\" \/>\n<meta property=\"og:description\" content=\"El Ayuntamiento de Barcelona ha sido uno de los \u00faltimos municipios en incorporarse a la Red Europea de Autenticiudades (Authenticities). Autenticiudades es un proyecto puesto en marcha desde hace varios...\" \/>\n<meta property=\"og:url\" content=\"https:\/\/www.abrilabogados.com\/en\/noticias\/barcelona-se-incorpora-la-red-de-autenticiudades\/\" \/>\n<meta property=\"og:site_name\" content=\"Abril Abogados\" \/>\n<meta property=\"article:published_time\" content=\"2024-07-09T22:00:00+00:00\" \/>\n<meta property=\"article:modified_time\" content=\"2026-04-23T20:29:57+00:00\" \/>\n<meta property=\"og:image\" content=\"https:\/\/www.abrilabogados.com\/wp-content\/uploads\/2026\/04\/Imagen1-54.jpg\" \/>\n<meta name=\"author\" content=\"admin\" \/>\n<meta name=\"twitter:card\" content=\"summary_large_image\" \/>\n<meta name=\"twitter:label1\" content=\"Written by\" \/>\n\t<meta name=\"twitter:data1\" content=\"admin\" \/>\n\t<meta name=\"twitter:label2\" content=\"Est. reading time\" \/>\n\t<meta name=\"twitter:data2\" content=\"2 minutes\" \/>\n<script type=\"application\/ld+json\" class=\"yoast-schema-graph\">{\"@context\":\"https:\/\/schema.org\",\"@graph\":[{\"@type\":\"WebPage\",\"@id\":\"https:\/\/www.abrilabogados.com\/en\/noticias\/barcelona-se-incorpora-la-red-de-autenticiudades\/\",\"url\":\"https:\/\/www.abrilabogados.com\/en\/noticias\/barcelona-se-incorpora-la-red-de-autenticiudades\/\",\"name\":\"Barcelona se incorpora la red de autenticiudades - Abril Abogados\",\"isPartOf\":{\"@id\":\"https:\/\/www.abrilabogados.com\/en\/#website\"},\"primaryImageOfPage\":{\"@id\":\"https:\/\/www.abrilabogados.com\/en\/noticias\/barcelona-se-incorpora-la-red-de-autenticiudades\/#primaryimage\"},\"image\":{\"@id\":\"https:\/\/www.abrilabogados.com\/en\/noticias\/barcelona-se-incorpora-la-red-de-autenticiudades\/#primaryimage\"},\"thumbnailUrl\":\"https:\/\/www.abrilabogados.com\/wp-content\/uploads\/2026\/04\/Imagen1-54.jpg\",\"datePublished\":\"2024-07-09T22:00:00+00:00\",\"dateModified\":\"2026-04-23T20:29:57+00:00\",\"author\":{\"@id\":\"https:\/\/www.abrilabogados.com\/en\/#\/schema\/person\/750a358f28e46d5003b31222bddd9ed8\"},\"breadcrumb\":{\"@id\":\"https:\/\/www.abrilabogados.com\/en\/noticias\/barcelona-se-incorpora-la-red-de-autenticiudades\/#breadcrumb\"},\"inLanguage\":\"en-US\",\"potentialAction\":[{\"@type\":\"ReadAction\",\"target\":[\"https:\/\/www.abrilabogados.com\/en\/noticias\/barcelona-se-incorpora-la-red-de-autenticiudades\/\"]}]},{\"@type\":\"ImageObject\",\"inLanguage\":\"en-US\",\"@id\":\"https:\/\/www.abrilabogados.com\/en\/noticias\/barcelona-se-incorpora-la-red-de-autenticiudades\/#primaryimage\",\"url\":\"https:\/\/www.abrilabogados.com\/wp-content\/uploads\/2026\/04\/Imagen1-54.jpg\",\"contentUrl\":\"https:\/\/www.abrilabogados.com\/wp-content\/uploads\/2026\/04\/Imagen1-54.jpg\"},{\"@type\":\"BreadcrumbList\",\"@id\":\"https:\/\/www.abrilabogados.com\/en\/noticias\/barcelona-se-incorpora-la-red-de-autenticiudades\/#breadcrumb\",\"itemListElement\":[{\"@type\":\"ListItem\",\"position\":1,\"name\":\"Abril Abogados News\",\"item\":\"\/en\/noticias\/\"},{\"@type\":\"ListItem\",\"position\":2,\"name\":\"Barcelona se incorpora la red de autenticiudades\"}]},{\"@type\":\"WebSite\",\"@id\":\"https:\/\/www.abrilabogados.com\/en\/#website\",\"url\":\"https:\/\/www.abrilabogados.com\/en\/\",\"name\":\"Abril Abogados\",\"description\":\"\",\"potentialAction\":[{\"@type\":\"SearchAction\",\"target\":{\"@type\":\"EntryPoint\",\"urlTemplate\":\"https:\/\/www.abrilabogados.com\/en\/?s={search_term_string}\"},\"query-input\":{\"@type\":\"PropertyValueSpecification\",\"valueRequired\":true,\"valueName\":\"search_term_string\"}}],\"inLanguage\":\"en-US\"},{\"@type\":\"Person\",\"@id\":\"https:\/\/www.abrilabogados.com\/en\/#\/schema\/person\/750a358f28e46d5003b31222bddd9ed8\",\"name\":\"admin\",\"image\":{\"@type\":\"ImageObject\",\"inLanguage\":\"en-US\",\"@id\":\"https:\/\/www.abrilabogados.com\/en\/#\/schema\/person\/image\/\",\"url\":\"https:\/\/secure.gravatar.com\/avatar\/52d6bc19e862502e6ff2f700f23c607b54491a2d4a05fc0f2a79b8077f4bc25c?s=96&d=mm&r=g\",\"contentUrl\":\"https:\/\/secure.gravatar.com\/avatar\/52d6bc19e862502e6ff2f700f23c607b54491a2d4a05fc0f2a79b8077f4bc25c?s=96&d=mm&r=g\",\"caption\":\"admin\"},\"sameAs\":[\"https:\/\/www.abrilabogados.com\"],\"url\":\"https:\/\/www.abrilabogados.com\/en\/noticias\/author\/charly_wpadmin\/\"}]}<\/script>\n<!-- \/ Yoast SEO plugin. -->","yoast_head_json":{"title":"Barcelona se incorpora la red de autenticiudades - Abril Abogados","robots":{"index":"index","follow":"follow","max-snippet":"max-snippet:-1","max-image-preview":"max-image-preview:large","max-video-preview":"max-video-preview:-1"},"canonical":"https:\/\/www.abrilabogados.com\/en\/noticias\/barcelona-se-incorpora-la-red-de-autenticiudades\/","og_locale":"en_US","og_type":"article","og_title":"Barcelona se incorpora la red de autenticiudades - Abril Abogados","og_description":"El Ayuntamiento de Barcelona ha sido uno de los \u00faltimos municipios en incorporarse a la Red Europea de Autenticiudades (Authenticities). Autenticiudades es un proyecto puesto en marcha desde hace varios...","og_url":"https:\/\/www.abrilabogados.com\/en\/noticias\/barcelona-se-incorpora-la-red-de-autenticiudades\/","og_site_name":"Abril Abogados","article_published_time":"2024-07-09T22:00:00+00:00","article_modified_time":"2026-04-23T20:29:57+00:00","og_image":[{"url":"https:\/\/www.abrilabogados.com\/wp-content\/uploads\/2026\/04\/Imagen1-54.jpg","type":"","width":"","height":""}],"author":"admin","twitter_card":"summary_large_image","twitter_misc":{"Written by":"admin","Est. reading time":"2 minutes"},"schema":{"@context":"https:\/\/schema.org","@graph":[{"@type":"WebPage","@id":"https:\/\/www.abrilabogados.com\/en\/noticias\/barcelona-se-incorpora-la-red-de-autenticiudades\/","url":"https:\/\/www.abrilabogados.com\/en\/noticias\/barcelona-se-incorpora-la-red-de-autenticiudades\/","name":"Barcelona se incorpora la red de autenticiudades - Abril Abogados","isPartOf":{"@id":"https:\/\/www.abrilabogados.com\/en\/#website"},"primaryImageOfPage":{"@id":"https:\/\/www.abrilabogados.com\/en\/noticias\/barcelona-se-incorpora-la-red-de-autenticiudades\/#primaryimage"},"image":{"@id":"https:\/\/www.abrilabogados.com\/en\/noticias\/barcelona-se-incorpora-la-red-de-autenticiudades\/#primaryimage"},"thumbnailUrl":"https:\/\/www.abrilabogados.com\/wp-content\/uploads\/2026\/04\/Imagen1-54.jpg","datePublished":"2024-07-09T22:00:00+00:00","dateModified":"2026-04-23T20:29:57+00:00","author":{"@id":"https:\/\/www.abrilabogados.com\/en\/#\/schema\/person\/750a358f28e46d5003b31222bddd9ed8"},"breadcrumb":{"@id":"https:\/\/www.abrilabogados.com\/en\/noticias\/barcelona-se-incorpora-la-red-de-autenticiudades\/#breadcrumb"},"inLanguage":"en-US","potentialAction":[{"@type":"ReadAction","target":["https:\/\/www.abrilabogados.com\/en\/noticias\/barcelona-se-incorpora-la-red-de-autenticiudades\/"]}]},{"@type":"ImageObject","inLanguage":"en-US","@id":"https:\/\/www.abrilabogados.com\/en\/noticias\/barcelona-se-incorpora-la-red-de-autenticiudades\/#primaryimage","url":"https:\/\/www.abrilabogados.com\/wp-content\/uploads\/2026\/04\/Imagen1-54.jpg","contentUrl":"https:\/\/www.abrilabogados.com\/wp-content\/uploads\/2026\/04\/Imagen1-54.jpg"},{"@type":"BreadcrumbList","@id":"https:\/\/www.abrilabogados.com\/en\/noticias\/barcelona-se-incorpora-la-red-de-autenticiudades\/#breadcrumb","itemListElement":[{"@type":"ListItem","position":1,"name":"Abril Abogados News","item":"\/en\/noticias\/"},{"@type":"ListItem","position":2,"name":"Barcelona se incorpora la red de autenticiudades"}]},{"@type":"WebSite","@id":"https:\/\/www.abrilabogados.com\/en\/#website","url":"https:\/\/www.abrilabogados.com\/en\/","name":"Abril Abogados","description":"","potentialAction":[{"@type":"SearchAction","target":{"@type":"EntryPoint","urlTemplate":"https:\/\/www.abrilabogados.com\/en\/?s={search_term_string}"},"query-input":{"@type":"PropertyValueSpecification","valueRequired":true,"valueName":"search_term_string"}}],"inLanguage":"en-US"},{"@type":"Person","@id":"https:\/\/www.abrilabogados.com\/en\/#\/schema\/person\/750a358f28e46d5003b31222bddd9ed8","name":"admin","image":{"@type":"ImageObject","inLanguage":"en-US","@id":"https:\/\/www.abrilabogados.com\/en\/#\/schema\/person\/image\/","url":"https:\/\/secure.gravatar.com\/avatar\/52d6bc19e862502e6ff2f700f23c607b54491a2d4a05fc0f2a79b8077f4bc25c?s=96&d=mm&r=g","contentUrl":"https:\/\/secure.gravatar.com\/avatar\/52d6bc19e862502e6ff2f700f23c607b54491a2d4a05fc0f2a79b8077f4bc25c?s=96&d=mm&r=g","caption":"admin"},"sameAs":["https:\/\/www.abrilabogados.com"],"url":"https:\/\/www.abrilabogados.com\/en\/noticias\/author\/charly_wpadmin\/"}]}},"_links":{"self":[{"href":"https:\/\/www.abrilabogados.com\/en\/wp-json\/wp\/v2\/posts\/1592","targetHints":{"allow":["GET"]}}],"collection":[{"href":"https:\/\/www.abrilabogados.com\/en\/wp-json\/wp\/v2\/posts"}],"about":[{"href":"https:\/\/www.abrilabogados.com\/en\/wp-json\/wp\/v2\/types\/post"}],"author":[{"embeddable":true,"href":"https:\/\/www.abrilabogados.com\/en\/wp-json\/wp\/v2\/users\/1"}],"replies":[{"embeddable":true,"href":"https:\/\/www.abrilabogados.com\/en\/wp-json\/wp\/v2\/comments?post=1592"}],"version-history":[{"count":1,"href":"https:\/\/www.abrilabogados.com\/en\/wp-json\/wp\/v2\/posts\/1592\/revisions"}],"predecessor-version":[{"id":4016,"href":"https:\/\/www.abrilabogados.com\/en\/wp-json\/wp\/v2\/posts\/1592\/revisions\/4016"}],"wp:attachment":[{"href":"https:\/\/www.abrilabogados.com\/en\/wp-json\/wp\/v2\/media?parent=1592"}],"wp:term":[{"taxonomy":"category","embeddable":true,"href":"https:\/\/www.abrilabogados.com\/en\/wp-json\/wp\/v2\/categories?post=1592"},{"taxonomy":"post_tag","embeddable":true,"href":"https:\/\/www.abrilabogados.com\/en\/wp-json\/wp\/v2\/tags?post=1592"},{"taxonomy":"sector_noticias","embeddable":true,"href":"https:\/\/www.abrilabogados.com\/en\/wp-json\/wp\/v2\/sector_noticias?post=1592"}],"curies":[{"name":"wp","href":"https:\/\/api.w.org\/{rel}","templated":true}]}}