{"id":1607,"date":"2024-09-24T00:00:00","date_gmt":"2024-09-23T22:00:00","guid":{"rendered":"https:\/\/www.abrilabogados.com\/neurodatos-neurotecnologia-neuroderechos-de-como-el-tamano-de-la-amigdala-revela-nuestra-orientacion-politica\/"},"modified":"2026-04-23T22:30:08","modified_gmt":"2026-04-23T20:30:08","slug":"neurodatos-neurotecnologia-neuroderechos-de-como-el-tamano-de-la-amigdala-revela-nuestra-orientacion-politica","status":"publish","type":"post","link":"https:\/\/www.abrilabogados.com\/en\/noticias\/neurodatos-neurotecnologia-neuroderechos-de-como-el-tamano-de-la-amigdala-revela-nuestra-orientacion-politica\/","title":{"rendered":"Neurodatos, Neurotecnolog\u00eda, Neuroderechos de c\u00f3mo el tama\u00f1o de la am\u00edgdala revela nuestra orientaci\u00f3n pol\u00edtica"},"content":{"rendered":"<p style=\"text-align: justify;\"><span style=\"font-size: 12pt;\"><img loading=\"lazy\" decoding=\"async\" class=\" wp-image-4148 alignleft\" src=\"https:\/\/www.abrilabogados.com\/wp-content\/uploads\/2026\/04\/Imagen1-58.jpg\" alt=\"\" width=\"403\" height=\"226\" \/>No son conceptos nuevos. No son t\u00e9cnicas de interpretaci\u00f3n nuevas. Pero siguen pareciendo cosas de un futuro que no va con nosotros\u2026 pesadillas dist\u00f3picas. Sin embargo, ya est\u00e1n aqu\u00ed hace mucho tiempo, si asumimos que mucho tiempo es un quinquenio o un poco m\u00e1s.<\/span><\/p>\n<p style=\"text-align: justify;\"><span style=\"font-size: 12pt;\">Si empezamos por lo \u00faltimo, esta semana pasada se revel\u00f3 un estudio en la revista CELL que desvelaba que la orientaci\u00f3n pol\u00edtica (ser de izquierdas o de derechas) ven\u00eda influenciado, entre otras cosas, por el tama\u00f1o de la am\u00edgdala de nuestro cerebro. Lo primero que se nos viene a la mente es: \u201cbueno, mientras no me abran la cabeza mantengo la privacidad de mi ideolog\u00eda\u2026\u201d sin pensar que una resonancia magn\u00e9tica tambi\u00e9n puede revelarlos y que detr\u00e1s de ello puede haber intereses oscuros interesados en conocer el tama\u00f1o de nuestra am\u00edgdala. Donde hay un inter\u00e9s en comprar, hay un vendedor dispuesto.<\/span><\/p>\n<p style=\"text-align: justify;\"><span style=\"font-size: 12pt;\">Si todas estas interactuaciones e interpretaciones del cerebro y el sistema nervioso y las t\u00e9cnicas m\u00e9dicas que se aplican para ello se quedaran en el plano cl\u00ednico como ha estado sucediendo desde hace d\u00e9cadas, no pasar\u00eda de ser aplaudido por el avance que supone en nuestra calidad de vida.<\/span><\/p>\n<p style=\"text-align: justify;\"><span style=\"font-size: 12pt;\">Ahora bien, lo que empieza a preocupar a la ciudadan\u00eda sensibilizada con su privacidad y a las autoridades de protecci\u00f3n de datos, es la utilizaci\u00f3n de t\u00e9cnicas de neurotecnolog\u00eda aplicada al marketing o a la manipulaci\u00f3n de la actividad cerebral para empujarnos a la toma de decisiones, desde las m\u00e1s banales como la compra de un pijama o la elecci\u00f3n de un viaje (ya no es ciencia ficci\u00f3n la medici\u00f3n de reacciones del cerebro humano ante determinados anuncios publicitarios) hasta otras m\u00e1s complejas como decidir entre Trump o Harris.<\/span><\/p>\n<p style=\"text-align: justify;\"><span style=\"font-size: 12pt;\">La Agencia Espa\u00f1ola de Protecci\u00f3n de Datos, junto al Supervisor Europeo de Protecci\u00f3n de Datos (EDPS) publicaron en junio un informe conjunto que analiza los retos que suponen la utilizaci\u00f3n de los neurodatos y que estos respeten los principios de privacidad de obligado cumplimiento. Este informe analiza casos verdaderamente interesantes como la aplicaci\u00f3n en entornos educativos o en el de los videojuegos.<\/span><\/p>\n<p style=\"text-align: justify;\"><span style=\"font-size: 12pt;\">Si adem\u00e1s de ello, ahora a\u00f1adimos datos especialmente protegidos como son la orientaci\u00f3n pol\u00edtica, no es de extra\u00f1ar que haya un clamor por definir y regular los llamados neuroderechos.<\/span><\/p>\n<p style=\"text-align: justify;\"><span style=\"font-size: 12pt;\"><strong>Salvador D\u00edaz<\/strong><\/span><\/p>\n<p style=\"text-align: justify;\"><span style=\"font-size: 12pt;\">Abogado<\/span><\/p>\n","protected":false},"excerpt":{"rendered":"<p>No son conceptos nuevos. No son t\u00e9cnicas de interpretaci\u00f3n nuevas. Pero siguen pareciendo cosas de un futuro que no va con nosotros\u2026 pesadillas dist\u00f3picas. Sin embargo, ya est\u00e1n aqu\u00ed hace&#8230;<\/p>\n","protected":false},"author":1,"featured_media":0,"comment_status":"closed","ping_status":"open","sticky":false,"template":"","format":"standard","meta":{"_acf_changed":false,"footnotes":""},"categories":[12],"tags":[],"sector_noticias":[],"class_list":{"0":"post-1607","1":"post","2":"type-post","3":"status-publish","4":"format-standard","6":"category-noticias"},"acf":[],"yoast_head":"<!-- This site is optimized with the Yoast SEO plugin v26.4 - https:\/\/yoast.com\/wordpress\/plugins\/seo\/ -->\n<title>Neurodatos, Neurotecnolog\u00eda, Neuroderechos de c\u00f3mo el tama\u00f1o de la am\u00edgdala revela nuestra orientaci\u00f3n pol\u00edtica - Abril Abogados<\/title>\n<meta name=\"robots\" content=\"index, follow, max-snippet:-1, max-image-preview:large, max-video-preview:-1\" \/>\n<link rel=\"canonical\" href=\"https:\/\/www.abrilabogados.com\/en\/noticias\/neurodatos-neurotecnologia-neuroderechos-de-como-el-tamano-de-la-amigdala-revela-nuestra-orientacion-politica\/\" \/>\n<meta property=\"og:locale\" content=\"en_US\" \/>\n<meta property=\"og:type\" content=\"article\" \/>\n<meta property=\"og:title\" content=\"Neurodatos, Neurotecnolog\u00eda, Neuroderechos de c\u00f3mo el tama\u00f1o de la am\u00edgdala revela nuestra orientaci\u00f3n pol\u00edtica - Abril Abogados\" \/>\n<meta property=\"og:description\" content=\"No son conceptos nuevos. No son t\u00e9cnicas de interpretaci\u00f3n nuevas. Pero siguen pareciendo cosas de un futuro que no va con nosotros\u2026 pesadillas dist\u00f3picas. Sin embargo, ya est\u00e1n aqu\u00ed hace...\" \/>\n<meta property=\"og:url\" content=\"https:\/\/www.abrilabogados.com\/en\/noticias\/neurodatos-neurotecnologia-neuroderechos-de-como-el-tamano-de-la-amigdala-revela-nuestra-orientacion-politica\/\" \/>\n<meta property=\"og:site_name\" content=\"Abril Abogados\" \/>\n<meta property=\"article:published_time\" content=\"2024-09-23T22:00:00+00:00\" \/>\n<meta property=\"article:modified_time\" content=\"2026-04-23T20:30:08+00:00\" \/>\n<meta property=\"og:image\" content=\"https:\/\/www.abrilabogados.com\/wp-content\/uploads\/2026\/04\/Imagen1-58.jpg\" \/>\n<meta name=\"author\" content=\"admin\" \/>\n<meta name=\"twitter:card\" content=\"summary_large_image\" \/>\n<meta name=\"twitter:label1\" content=\"Written by\" \/>\n\t<meta name=\"twitter:data1\" content=\"admin\" \/>\n\t<meta name=\"twitter:label2\" content=\"Est. reading time\" \/>\n\t<meta name=\"twitter:data2\" content=\"2 minutes\" \/>\n<script type=\"application\/ld+json\" class=\"yoast-schema-graph\">{\"@context\":\"https:\/\/schema.org\",\"@graph\":[{\"@type\":\"WebPage\",\"@id\":\"https:\/\/www.abrilabogados.com\/en\/noticias\/neurodatos-neurotecnologia-neuroderechos-de-como-el-tamano-de-la-amigdala-revela-nuestra-orientacion-politica\/\",\"url\":\"https:\/\/www.abrilabogados.com\/en\/noticias\/neurodatos-neurotecnologia-neuroderechos-de-como-el-tamano-de-la-amigdala-revela-nuestra-orientacion-politica\/\",\"name\":\"Neurodatos, Neurotecnolog\u00eda, Neuroderechos de c\u00f3mo el tama\u00f1o de la am\u00edgdala revela nuestra orientaci\u00f3n pol\u00edtica - Abril Abogados\",\"isPartOf\":{\"@id\":\"https:\/\/www.abrilabogados.com\/en\/#website\"},\"primaryImageOfPage\":{\"@id\":\"https:\/\/www.abrilabogados.com\/en\/noticias\/neurodatos-neurotecnologia-neuroderechos-de-como-el-tamano-de-la-amigdala-revela-nuestra-orientacion-politica\/#primaryimage\"},\"image\":{\"@id\":\"https:\/\/www.abrilabogados.com\/en\/noticias\/neurodatos-neurotecnologia-neuroderechos-de-como-el-tamano-de-la-amigdala-revela-nuestra-orientacion-politica\/#primaryimage\"},\"thumbnailUrl\":\"https:\/\/www.abrilabogados.com\/wp-content\/uploads\/2026\/04\/Imagen1-58.jpg\",\"datePublished\":\"2024-09-23T22:00:00+00:00\",\"dateModified\":\"2026-04-23T20:30:08+00:00\",\"author\":{\"@id\":\"https:\/\/www.abrilabogados.com\/en\/#\/schema\/person\/750a358f28e46d5003b31222bddd9ed8\"},\"breadcrumb\":{\"@id\":\"https:\/\/www.abrilabogados.com\/en\/noticias\/neurodatos-neurotecnologia-neuroderechos-de-como-el-tamano-de-la-amigdala-revela-nuestra-orientacion-politica\/#breadcrumb\"},\"inLanguage\":\"en-US\",\"potentialAction\":[{\"@type\":\"ReadAction\",\"target\":[\"https:\/\/www.abrilabogados.com\/en\/noticias\/neurodatos-neurotecnologia-neuroderechos-de-como-el-tamano-de-la-amigdala-revela-nuestra-orientacion-politica\/\"]}]},{\"@type\":\"ImageObject\",\"inLanguage\":\"en-US\",\"@id\":\"https:\/\/www.abrilabogados.com\/en\/noticias\/neurodatos-neurotecnologia-neuroderechos-de-como-el-tamano-de-la-amigdala-revela-nuestra-orientacion-politica\/#primaryimage\",\"url\":\"https:\/\/www.abrilabogados.com\/wp-content\/uploads\/2026\/04\/Imagen1-58.jpg\",\"contentUrl\":\"https:\/\/www.abrilabogados.com\/wp-content\/uploads\/2026\/04\/Imagen1-58.jpg\"},{\"@type\":\"BreadcrumbList\",\"@id\":\"https:\/\/www.abrilabogados.com\/en\/noticias\/neurodatos-neurotecnologia-neuroderechos-de-como-el-tamano-de-la-amigdala-revela-nuestra-orientacion-politica\/#breadcrumb\",\"itemListElement\":[{\"@type\":\"ListItem\",\"position\":1,\"name\":\"Abril Abogados News\",\"item\":\"\/en\/noticias\/\"},{\"@type\":\"ListItem\",\"position\":2,\"name\":\"Neurodatos, Neurotecnolog\u00eda, Neuroderechos de c\u00f3mo el tama\u00f1o de la am\u00edgdala revela nuestra orientaci\u00f3n pol\u00edtica\"}]},{\"@type\":\"WebSite\",\"@id\":\"https:\/\/www.abrilabogados.com\/en\/#website\",\"url\":\"https:\/\/www.abrilabogados.com\/en\/\",\"name\":\"Abril Abogados\",\"description\":\"\",\"potentialAction\":[{\"@type\":\"SearchAction\",\"target\":{\"@type\":\"EntryPoint\",\"urlTemplate\":\"https:\/\/www.abrilabogados.com\/en\/?s={search_term_string}\"},\"query-input\":{\"@type\":\"PropertyValueSpecification\",\"valueRequired\":true,\"valueName\":\"search_term_string\"}}],\"inLanguage\":\"en-US\"},{\"@type\":\"Person\",\"@id\":\"https:\/\/www.abrilabogados.com\/en\/#\/schema\/person\/750a358f28e46d5003b31222bddd9ed8\",\"name\":\"admin\",\"image\":{\"@type\":\"ImageObject\",\"inLanguage\":\"en-US\",\"@id\":\"https:\/\/www.abrilabogados.com\/en\/#\/schema\/person\/image\/\",\"url\":\"https:\/\/secure.gravatar.com\/avatar\/52d6bc19e862502e6ff2f700f23c607b54491a2d4a05fc0f2a79b8077f4bc25c?s=96&d=mm&r=g\",\"contentUrl\":\"https:\/\/secure.gravatar.com\/avatar\/52d6bc19e862502e6ff2f700f23c607b54491a2d4a05fc0f2a79b8077f4bc25c?s=96&d=mm&r=g\",\"caption\":\"admin\"},\"sameAs\":[\"https:\/\/www.abrilabogados.com\"],\"url\":\"https:\/\/www.abrilabogados.com\/en\/noticias\/author\/charly_wpadmin\/\"}]}<\/script>\n<!-- \/ Yoast SEO plugin. -->","yoast_head_json":{"title":"Neurodatos, Neurotecnolog\u00eda, Neuroderechos de c\u00f3mo el tama\u00f1o de la am\u00edgdala revela nuestra orientaci\u00f3n pol\u00edtica - Abril Abogados","robots":{"index":"index","follow":"follow","max-snippet":"max-snippet:-1","max-image-preview":"max-image-preview:large","max-video-preview":"max-video-preview:-1"},"canonical":"https:\/\/www.abrilabogados.com\/en\/noticias\/neurodatos-neurotecnologia-neuroderechos-de-como-el-tamano-de-la-amigdala-revela-nuestra-orientacion-politica\/","og_locale":"en_US","og_type":"article","og_title":"Neurodatos, Neurotecnolog\u00eda, Neuroderechos de c\u00f3mo el tama\u00f1o de la am\u00edgdala revela nuestra orientaci\u00f3n pol\u00edtica - Abril Abogados","og_description":"No son conceptos nuevos. No son t\u00e9cnicas de interpretaci\u00f3n nuevas. Pero siguen pareciendo cosas de un futuro que no va con nosotros\u2026 pesadillas dist\u00f3picas. Sin embargo, ya est\u00e1n aqu\u00ed hace...","og_url":"https:\/\/www.abrilabogados.com\/en\/noticias\/neurodatos-neurotecnologia-neuroderechos-de-como-el-tamano-de-la-amigdala-revela-nuestra-orientacion-politica\/","og_site_name":"Abril Abogados","article_published_time":"2024-09-23T22:00:00+00:00","article_modified_time":"2026-04-23T20:30:08+00:00","og_image":[{"url":"https:\/\/www.abrilabogados.com\/wp-content\/uploads\/2026\/04\/Imagen1-58.jpg","type":"","width":"","height":""}],"author":"admin","twitter_card":"summary_large_image","twitter_misc":{"Written by":"admin","Est. reading time":"2 minutes"},"schema":{"@context":"https:\/\/schema.org","@graph":[{"@type":"WebPage","@id":"https:\/\/www.abrilabogados.com\/en\/noticias\/neurodatos-neurotecnologia-neuroderechos-de-como-el-tamano-de-la-amigdala-revela-nuestra-orientacion-politica\/","url":"https:\/\/www.abrilabogados.com\/en\/noticias\/neurodatos-neurotecnologia-neuroderechos-de-como-el-tamano-de-la-amigdala-revela-nuestra-orientacion-politica\/","name":"Neurodatos, Neurotecnolog\u00eda, Neuroderechos de c\u00f3mo el tama\u00f1o de la am\u00edgdala revela nuestra orientaci\u00f3n pol\u00edtica - Abril Abogados","isPartOf":{"@id":"https:\/\/www.abrilabogados.com\/en\/#website"},"primaryImageOfPage":{"@id":"https:\/\/www.abrilabogados.com\/en\/noticias\/neurodatos-neurotecnologia-neuroderechos-de-como-el-tamano-de-la-amigdala-revela-nuestra-orientacion-politica\/#primaryimage"},"image":{"@id":"https:\/\/www.abrilabogados.com\/en\/noticias\/neurodatos-neurotecnologia-neuroderechos-de-como-el-tamano-de-la-amigdala-revela-nuestra-orientacion-politica\/#primaryimage"},"thumbnailUrl":"https:\/\/www.abrilabogados.com\/wp-content\/uploads\/2026\/04\/Imagen1-58.jpg","datePublished":"2024-09-23T22:00:00+00:00","dateModified":"2026-04-23T20:30:08+00:00","author":{"@id":"https:\/\/www.abrilabogados.com\/en\/#\/schema\/person\/750a358f28e46d5003b31222bddd9ed8"},"breadcrumb":{"@id":"https:\/\/www.abrilabogados.com\/en\/noticias\/neurodatos-neurotecnologia-neuroderechos-de-como-el-tamano-de-la-amigdala-revela-nuestra-orientacion-politica\/#breadcrumb"},"inLanguage":"en-US","potentialAction":[{"@type":"ReadAction","target":["https:\/\/www.abrilabogados.com\/en\/noticias\/neurodatos-neurotecnologia-neuroderechos-de-como-el-tamano-de-la-amigdala-revela-nuestra-orientacion-politica\/"]}]},{"@type":"ImageObject","inLanguage":"en-US","@id":"https:\/\/www.abrilabogados.com\/en\/noticias\/neurodatos-neurotecnologia-neuroderechos-de-como-el-tamano-de-la-amigdala-revela-nuestra-orientacion-politica\/#primaryimage","url":"https:\/\/www.abrilabogados.com\/wp-content\/uploads\/2026\/04\/Imagen1-58.jpg","contentUrl":"https:\/\/www.abrilabogados.com\/wp-content\/uploads\/2026\/04\/Imagen1-58.jpg"},{"@type":"BreadcrumbList","@id":"https:\/\/www.abrilabogados.com\/en\/noticias\/neurodatos-neurotecnologia-neuroderechos-de-como-el-tamano-de-la-amigdala-revela-nuestra-orientacion-politica\/#breadcrumb","itemListElement":[{"@type":"ListItem","position":1,"name":"Abril Abogados News","item":"\/en\/noticias\/"},{"@type":"ListItem","position":2,"name":"Neurodatos, Neurotecnolog\u00eda, Neuroderechos de c\u00f3mo el tama\u00f1o de la am\u00edgdala revela nuestra orientaci\u00f3n pol\u00edtica"}]},{"@type":"WebSite","@id":"https:\/\/www.abrilabogados.com\/en\/#website","url":"https:\/\/www.abrilabogados.com\/en\/","name":"Abril Abogados","description":"","potentialAction":[{"@type":"SearchAction","target":{"@type":"EntryPoint","urlTemplate":"https:\/\/www.abrilabogados.com\/en\/?s={search_term_string}"},"query-input":{"@type":"PropertyValueSpecification","valueRequired":true,"valueName":"search_term_string"}}],"inLanguage":"en-US"},{"@type":"Person","@id":"https:\/\/www.abrilabogados.com\/en\/#\/schema\/person\/750a358f28e46d5003b31222bddd9ed8","name":"admin","image":{"@type":"ImageObject","inLanguage":"en-US","@id":"https:\/\/www.abrilabogados.com\/en\/#\/schema\/person\/image\/","url":"https:\/\/secure.gravatar.com\/avatar\/52d6bc19e862502e6ff2f700f23c607b54491a2d4a05fc0f2a79b8077f4bc25c?s=96&d=mm&r=g","contentUrl":"https:\/\/secure.gravatar.com\/avatar\/52d6bc19e862502e6ff2f700f23c607b54491a2d4a05fc0f2a79b8077f4bc25c?s=96&d=mm&r=g","caption":"admin"},"sameAs":["https:\/\/www.abrilabogados.com"],"url":"https:\/\/www.abrilabogados.com\/en\/noticias\/author\/charly_wpadmin\/"}]}},"_links":{"self":[{"href":"https:\/\/www.abrilabogados.com\/en\/wp-json\/wp\/v2\/posts\/1607","targetHints":{"allow":["GET"]}}],"collection":[{"href":"https:\/\/www.abrilabogados.com\/en\/wp-json\/wp\/v2\/posts"}],"about":[{"href":"https:\/\/www.abrilabogados.com\/en\/wp-json\/wp\/v2\/types\/post"}],"author":[{"embeddable":true,"href":"https:\/\/www.abrilabogados.com\/en\/wp-json\/wp\/v2\/users\/1"}],"replies":[{"embeddable":true,"href":"https:\/\/www.abrilabogados.com\/en\/wp-json\/wp\/v2\/comments?post=1607"}],"version-history":[{"count":1,"href":"https:\/\/www.abrilabogados.com\/en\/wp-json\/wp\/v2\/posts\/1607\/revisions"}],"predecessor-version":[{"id":4028,"href":"https:\/\/www.abrilabogados.com\/en\/wp-json\/wp\/v2\/posts\/1607\/revisions\/4028"}],"wp:attachment":[{"href":"https:\/\/www.abrilabogados.com\/en\/wp-json\/wp\/v2\/media?parent=1607"}],"wp:term":[{"taxonomy":"category","embeddable":true,"href":"https:\/\/www.abrilabogados.com\/en\/wp-json\/wp\/v2\/categories?post=1607"},{"taxonomy":"post_tag","embeddable":true,"href":"https:\/\/www.abrilabogados.com\/en\/wp-json\/wp\/v2\/tags?post=1607"},{"taxonomy":"sector_noticias","embeddable":true,"href":"https:\/\/www.abrilabogados.com\/en\/wp-json\/wp\/v2\/sector_noticias?post=1607"}],"curies":[{"name":"wp","href":"https:\/\/api.w.org\/{rel}","templated":true}]}}