{"id":1617,"date":"2024-11-21T00:00:00","date_gmt":"2024-11-20T23:00:00","guid":{"rendered":"https:\/\/www.abrilabogados.com\/exencion-de-tasas-para-los-afectados-por-la-dana\/"},"modified":"2026-04-23T22:30:19","modified_gmt":"2026-04-23T20:30:19","slug":"exencion-de-tasas-para-los-afectados-por-la-dana","status":"publish","type":"post","link":"https:\/\/www.abrilabogados.com\/en\/noticias\/exencion-de-tasas-para-los-afectados-por-la-dana\/","title":{"rendered":"Exenci\u00f3n de tasas para los afectados por la DANA"},"content":{"rendered":"<p><img loading=\"lazy\" decoding=\"async\" class=\"size-full wp-image-4188 aligncenter\" src=\"https:\/\/www.abrilabogados.com\/wp-content\/uploads\/2026\/04\/Imagen1-1-19.png\" alt=\"\" width=\"199\" height=\"70\" \/><\/p>\n<p style=\"text-align: justify;\"><span style=\"font-size: 12pt;\">El Real Decreto Ley 7\/2024, de 11 de noviembre, por el que se adoptan medidas urgentes para el impulso del Plan de respuesta inmediata, reconstrucci\u00f3n y relanzamiento frente a los da\u00f1os causados por la Depresi\u00f3n Aislada en Niveles Altos (DANA) en diferentes municipios entre el 28 de octubre y el 4 de noviembre de 2024, establece en su art\u00edculo 22 la <strong>exenci\u00f3n de tasas en la solicitud<\/strong> de cualquier modalidad de registro (marcas, patentes y modelos de utilidad as\u00ed como dise\u00f1os industriales) para los titulares domiciliados en los <a href=\"https:\/\/www.boe.es\/buscar\/act.php?id=BOE-A-2024-22928&amp;p=20241112&amp;tn=1#an\">municipios afectados por la DANA<\/a>. Esta medida se aplicar\u00e1 <strong>hasta el 30 de junio de 2025.<\/strong><\/span><\/p>\n<p>&nbsp;<\/p>\n<p><img loading=\"lazy\" decoding=\"async\" class=\"size-full wp-image-4187 aligncenter\" src=\"https:\/\/www.abrilabogados.com\/wp-content\/uploads\/2026\/04\/Imagen2-16.png\" alt=\"\" width=\"684\" height=\"132\" \/><\/p>\n<p>&nbsp;<\/p>\n<p style=\"text-align: justify;\"><span style=\"font-size: 12pt;\">No obstante, y en aplicaci\u00f3n del apartado 2 de dicho art\u00edculo, habr\u00e1 que esperar a que la Directora de la Oficina Espa\u00f1ola de Patentes y Marcas publique la resoluci\u00f3n sobre el alcance de dicha medida -si s\u00f3lo solicitudes nuevas o si tambi\u00e9n a tasas de renovaci\u00f3n- as\u00ed como el procedimiento para hacer efectiva la misma -si hay que realizar el pago de forma previa y solicitar la devoluci\u00f3n posteriormente, o si se implementar\u00e1 alguna f\u00f3rmula que evite el previo pago.<\/span><\/p>\n<p>&nbsp;<\/p>\n<p style=\"text-align: justify;\"><span style=\"font-size: 12pt;\">Si tienes alguna duda puedes contactarnos en la oficina de <strong>ABRIL ABOGADOS<\/strong> en Valencia: <span style=\"color: #ff0000;\"><a style=\"color: #ff0000;\" href=\"mailto:valencia@abrilabogados.com\">valencia@abrilabogados.com<\/a><\/span><\/span><\/p>\n","protected":false},"excerpt":{"rendered":"<p>El Real Decreto Ley 7\/2024, de 11 de noviembre, por el que se adoptan medidas urgentes para el impulso del Plan de respuesta inmediata, reconstrucci\u00f3n y relanzamiento frente a los&#8230;<\/p>\n","protected":false},"author":1,"featured_media":0,"comment_status":"closed","ping_status":"open","sticky":false,"template":"","format":"standard","meta":{"_acf_changed":false,"footnotes":""},"categories":[12],"tags":[],"sector_noticias":[],"class_list":{"0":"post-1617","1":"post","2":"type-post","3":"status-publish","4":"format-standard","6":"category-noticias"},"acf":[],"yoast_head":"<!-- This site is optimized with the Yoast SEO plugin v26.4 - https:\/\/yoast.com\/wordpress\/plugins\/seo\/ -->\n<title>Exenci\u00f3n de tasas para los afectados por la DANA - Abril Abogados<\/title>\n<meta name=\"robots\" content=\"index, follow, max-snippet:-1, max-image-preview:large, max-video-preview:-1\" \/>\n<link rel=\"canonical\" href=\"https:\/\/www.abrilabogados.com\/en\/noticias\/exencion-de-tasas-para-los-afectados-por-la-dana\/\" \/>\n<meta property=\"og:locale\" content=\"en_US\" \/>\n<meta property=\"og:type\" content=\"article\" \/>\n<meta property=\"og:title\" content=\"Exenci\u00f3n de tasas para los afectados por la DANA - Abril Abogados\" \/>\n<meta property=\"og:description\" content=\"El Real Decreto Ley 7\/2024, de 11 de noviembre, por el que se adoptan medidas urgentes para el impulso del Plan de respuesta inmediata, reconstrucci\u00f3n y relanzamiento frente a los...\" \/>\n<meta property=\"og:url\" content=\"https:\/\/www.abrilabogados.com\/en\/noticias\/exencion-de-tasas-para-los-afectados-por-la-dana\/\" \/>\n<meta property=\"og:site_name\" content=\"Abril Abogados\" \/>\n<meta property=\"article:published_time\" content=\"2024-11-20T23:00:00+00:00\" \/>\n<meta property=\"article:modified_time\" content=\"2026-04-23T20:30:19+00:00\" \/>\n<meta property=\"og:image\" content=\"https:\/\/www.abrilabogados.com\/wp-content\/uploads\/2026\/04\/Imagen1-1-19.png\" \/>\n<meta name=\"author\" content=\"admin\" \/>\n<meta name=\"twitter:card\" content=\"summary_large_image\" \/>\n<meta name=\"twitter:label1\" content=\"Written by\" \/>\n\t<meta name=\"twitter:data1\" content=\"admin\" \/>\n\t<meta name=\"twitter:label2\" content=\"Est. reading time\" \/>\n\t<meta name=\"twitter:data2\" content=\"1 minute\" \/>\n<script type=\"application\/ld+json\" class=\"yoast-schema-graph\">{\"@context\":\"https:\/\/schema.org\",\"@graph\":[{\"@type\":\"WebPage\",\"@id\":\"https:\/\/www.abrilabogados.com\/en\/noticias\/exencion-de-tasas-para-los-afectados-por-la-dana\/\",\"url\":\"https:\/\/www.abrilabogados.com\/en\/noticias\/exencion-de-tasas-para-los-afectados-por-la-dana\/\",\"name\":\"Exenci\u00f3n de tasas para los afectados por la DANA - Abril Abogados\",\"isPartOf\":{\"@id\":\"https:\/\/www.abrilabogados.com\/en\/#website\"},\"primaryImageOfPage\":{\"@id\":\"https:\/\/www.abrilabogados.com\/en\/noticias\/exencion-de-tasas-para-los-afectados-por-la-dana\/#primaryimage\"},\"image\":{\"@id\":\"https:\/\/www.abrilabogados.com\/en\/noticias\/exencion-de-tasas-para-los-afectados-por-la-dana\/#primaryimage\"},\"thumbnailUrl\":\"https:\/\/www.abrilabogados.com\/wp-content\/uploads\/2026\/04\/Imagen1-1-19.png\",\"datePublished\":\"2024-11-20T23:00:00+00:00\",\"dateModified\":\"2026-04-23T20:30:19+00:00\",\"author\":{\"@id\":\"https:\/\/www.abrilabogados.com\/en\/#\/schema\/person\/750a358f28e46d5003b31222bddd9ed8\"},\"breadcrumb\":{\"@id\":\"https:\/\/www.abrilabogados.com\/en\/noticias\/exencion-de-tasas-para-los-afectados-por-la-dana\/#breadcrumb\"},\"inLanguage\":\"en-US\",\"potentialAction\":[{\"@type\":\"ReadAction\",\"target\":[\"https:\/\/www.abrilabogados.com\/en\/noticias\/exencion-de-tasas-para-los-afectados-por-la-dana\/\"]}]},{\"@type\":\"ImageObject\",\"inLanguage\":\"en-US\",\"@id\":\"https:\/\/www.abrilabogados.com\/en\/noticias\/exencion-de-tasas-para-los-afectados-por-la-dana\/#primaryimage\",\"url\":\"https:\/\/www.abrilabogados.com\/wp-content\/uploads\/2026\/04\/Imagen1-1-19.png\",\"contentUrl\":\"https:\/\/www.abrilabogados.com\/wp-content\/uploads\/2026\/04\/Imagen1-1-19.png\"},{\"@type\":\"BreadcrumbList\",\"@id\":\"https:\/\/www.abrilabogados.com\/en\/noticias\/exencion-de-tasas-para-los-afectados-por-la-dana\/#breadcrumb\",\"itemListElement\":[{\"@type\":\"ListItem\",\"position\":1,\"name\":\"Abril Abogados News\",\"item\":\"\/en\/noticias\/\"},{\"@type\":\"ListItem\",\"position\":2,\"name\":\"Exenci\u00f3n de tasas para los afectados por la DANA\"}]},{\"@type\":\"WebSite\",\"@id\":\"https:\/\/www.abrilabogados.com\/en\/#website\",\"url\":\"https:\/\/www.abrilabogados.com\/en\/\",\"name\":\"Abril Abogados\",\"description\":\"\",\"potentialAction\":[{\"@type\":\"SearchAction\",\"target\":{\"@type\":\"EntryPoint\",\"urlTemplate\":\"https:\/\/www.abrilabogados.com\/en\/?s={search_term_string}\"},\"query-input\":{\"@type\":\"PropertyValueSpecification\",\"valueRequired\":true,\"valueName\":\"search_term_string\"}}],\"inLanguage\":\"en-US\"},{\"@type\":\"Person\",\"@id\":\"https:\/\/www.abrilabogados.com\/en\/#\/schema\/person\/750a358f28e46d5003b31222bddd9ed8\",\"name\":\"admin\",\"image\":{\"@type\":\"ImageObject\",\"inLanguage\":\"en-US\",\"@id\":\"https:\/\/www.abrilabogados.com\/en\/#\/schema\/person\/image\/\",\"url\":\"https:\/\/secure.gravatar.com\/avatar\/52d6bc19e862502e6ff2f700f23c607b54491a2d4a05fc0f2a79b8077f4bc25c?s=96&d=mm&r=g\",\"contentUrl\":\"https:\/\/secure.gravatar.com\/avatar\/52d6bc19e862502e6ff2f700f23c607b54491a2d4a05fc0f2a79b8077f4bc25c?s=96&d=mm&r=g\",\"caption\":\"admin\"},\"sameAs\":[\"https:\/\/www.abrilabogados.com\"],\"url\":\"https:\/\/www.abrilabogados.com\/en\/noticias\/author\/charly_wpadmin\/\"}]}<\/script>\n<!-- \/ Yoast SEO plugin. -->","yoast_head_json":{"title":"Exenci\u00f3n de tasas para los afectados por la DANA - Abril Abogados","robots":{"index":"index","follow":"follow","max-snippet":"max-snippet:-1","max-image-preview":"max-image-preview:large","max-video-preview":"max-video-preview:-1"},"canonical":"https:\/\/www.abrilabogados.com\/en\/noticias\/exencion-de-tasas-para-los-afectados-por-la-dana\/","og_locale":"en_US","og_type":"article","og_title":"Exenci\u00f3n de tasas para los afectados por la DANA - Abril Abogados","og_description":"El Real Decreto Ley 7\/2024, de 11 de noviembre, por el que se adoptan medidas urgentes para el impulso del Plan de respuesta inmediata, reconstrucci\u00f3n y relanzamiento frente a los...","og_url":"https:\/\/www.abrilabogados.com\/en\/noticias\/exencion-de-tasas-para-los-afectados-por-la-dana\/","og_site_name":"Abril Abogados","article_published_time":"2024-11-20T23:00:00+00:00","article_modified_time":"2026-04-23T20:30:19+00:00","og_image":[{"url":"https:\/\/www.abrilabogados.com\/wp-content\/uploads\/2026\/04\/Imagen1-1-19.png","type":"","width":"","height":""}],"author":"admin","twitter_card":"summary_large_image","twitter_misc":{"Written by":"admin","Est. reading time":"1 minute"},"schema":{"@context":"https:\/\/schema.org","@graph":[{"@type":"WebPage","@id":"https:\/\/www.abrilabogados.com\/en\/noticias\/exencion-de-tasas-para-los-afectados-por-la-dana\/","url":"https:\/\/www.abrilabogados.com\/en\/noticias\/exencion-de-tasas-para-los-afectados-por-la-dana\/","name":"Exenci\u00f3n de tasas para los afectados por la DANA - Abril Abogados","isPartOf":{"@id":"https:\/\/www.abrilabogados.com\/en\/#website"},"primaryImageOfPage":{"@id":"https:\/\/www.abrilabogados.com\/en\/noticias\/exencion-de-tasas-para-los-afectados-por-la-dana\/#primaryimage"},"image":{"@id":"https:\/\/www.abrilabogados.com\/en\/noticias\/exencion-de-tasas-para-los-afectados-por-la-dana\/#primaryimage"},"thumbnailUrl":"https:\/\/www.abrilabogados.com\/wp-content\/uploads\/2026\/04\/Imagen1-1-19.png","datePublished":"2024-11-20T23:00:00+00:00","dateModified":"2026-04-23T20:30:19+00:00","author":{"@id":"https:\/\/www.abrilabogados.com\/en\/#\/schema\/person\/750a358f28e46d5003b31222bddd9ed8"},"breadcrumb":{"@id":"https:\/\/www.abrilabogados.com\/en\/noticias\/exencion-de-tasas-para-los-afectados-por-la-dana\/#breadcrumb"},"inLanguage":"en-US","potentialAction":[{"@type":"ReadAction","target":["https:\/\/www.abrilabogados.com\/en\/noticias\/exencion-de-tasas-para-los-afectados-por-la-dana\/"]}]},{"@type":"ImageObject","inLanguage":"en-US","@id":"https:\/\/www.abrilabogados.com\/en\/noticias\/exencion-de-tasas-para-los-afectados-por-la-dana\/#primaryimage","url":"https:\/\/www.abrilabogados.com\/wp-content\/uploads\/2026\/04\/Imagen1-1-19.png","contentUrl":"https:\/\/www.abrilabogados.com\/wp-content\/uploads\/2026\/04\/Imagen1-1-19.png"},{"@type":"BreadcrumbList","@id":"https:\/\/www.abrilabogados.com\/en\/noticias\/exencion-de-tasas-para-los-afectados-por-la-dana\/#breadcrumb","itemListElement":[{"@type":"ListItem","position":1,"name":"Abril Abogados News","item":"\/en\/noticias\/"},{"@type":"ListItem","position":2,"name":"Exenci\u00f3n de tasas para los afectados por la DANA"}]},{"@type":"WebSite","@id":"https:\/\/www.abrilabogados.com\/en\/#website","url":"https:\/\/www.abrilabogados.com\/en\/","name":"Abril Abogados","description":"","potentialAction":[{"@type":"SearchAction","target":{"@type":"EntryPoint","urlTemplate":"https:\/\/www.abrilabogados.com\/en\/?s={search_term_string}"},"query-input":{"@type":"PropertyValueSpecification","valueRequired":true,"valueName":"search_term_string"}}],"inLanguage":"en-US"},{"@type":"Person","@id":"https:\/\/www.abrilabogados.com\/en\/#\/schema\/person\/750a358f28e46d5003b31222bddd9ed8","name":"admin","image":{"@type":"ImageObject","inLanguage":"en-US","@id":"https:\/\/www.abrilabogados.com\/en\/#\/schema\/person\/image\/","url":"https:\/\/secure.gravatar.com\/avatar\/52d6bc19e862502e6ff2f700f23c607b54491a2d4a05fc0f2a79b8077f4bc25c?s=96&d=mm&r=g","contentUrl":"https:\/\/secure.gravatar.com\/avatar\/52d6bc19e862502e6ff2f700f23c607b54491a2d4a05fc0f2a79b8077f4bc25c?s=96&d=mm&r=g","caption":"admin"},"sameAs":["https:\/\/www.abrilabogados.com"],"url":"https:\/\/www.abrilabogados.com\/en\/noticias\/author\/charly_wpadmin\/"}]}},"_links":{"self":[{"href":"https:\/\/www.abrilabogados.com\/en\/wp-json\/wp\/v2\/posts\/1617","targetHints":{"allow":["GET"]}}],"collection":[{"href":"https:\/\/www.abrilabogados.com\/en\/wp-json\/wp\/v2\/posts"}],"about":[{"href":"https:\/\/www.abrilabogados.com\/en\/wp-json\/wp\/v2\/types\/post"}],"author":[{"embeddable":true,"href":"https:\/\/www.abrilabogados.com\/en\/wp-json\/wp\/v2\/users\/1"}],"replies":[{"embeddable":true,"href":"https:\/\/www.abrilabogados.com\/en\/wp-json\/wp\/v2\/comments?post=1617"}],"version-history":[{"count":1,"href":"https:\/\/www.abrilabogados.com\/en\/wp-json\/wp\/v2\/posts\/1617\/revisions"}],"predecessor-version":[{"id":4038,"href":"https:\/\/www.abrilabogados.com\/en\/wp-json\/wp\/v2\/posts\/1617\/revisions\/4038"}],"wp:attachment":[{"href":"https:\/\/www.abrilabogados.com\/en\/wp-json\/wp\/v2\/media?parent=1617"}],"wp:term":[{"taxonomy":"category","embeddable":true,"href":"https:\/\/www.abrilabogados.com\/en\/wp-json\/wp\/v2\/categories?post=1617"},{"taxonomy":"post_tag","embeddable":true,"href":"https:\/\/www.abrilabogados.com\/en\/wp-json\/wp\/v2\/tags?post=1617"},{"taxonomy":"sector_noticias","embeddable":true,"href":"https:\/\/www.abrilabogados.com\/en\/wp-json\/wp\/v2\/sector_noticias?post=1617"}],"curies":[{"name":"wp","href":"https:\/\/api.w.org\/{rel}","templated":true}]}}