{"id":1637,"date":"2025-04-21T00:00:00","date_gmt":"2025-04-20T22:00:00","guid":{"rendered":"https:\/\/www.abrilabogados.com\/dia-mundial-de-la-propiedad-intelectual-2025\/"},"modified":"2026-04-23T22:30:37","modified_gmt":"2026-04-23T20:30:37","slug":"dia-mundial-de-la-propiedad-intelectual-2025","status":"publish","type":"post","link":"https:\/\/www.abrilabogados.com\/en\/noticias\/dia-mundial-de-la-propiedad-intelectual-2025\/","title":{"rendered":"D\u00cdA MUNDIAL DE LA PROPIEDAD INTELECTUAL 2025"},"content":{"rendered":"<p><img loading=\"lazy\" decoding=\"async\" class=\"wp-image-4265 aligncenter\" src=\"https:\/\/www.abrilabogados.com\/wp-content\/uploads\/2026\/04\/FOTO-2.jpg\" alt=\"\" width=\"413\" height=\"232\" \/><\/p>\n<p><span style=\"font-size: 12pt;\">Un a\u00f1o m\u00e1s desde @abrilabogados nos sumamos a esta celebraci\u00f3n, para destacar as\u00ed la importancia que presenta la propiedad industrial\u00ae&#xfe0f; y los derechos autor\u00a9&#xfe0f;, no solo para las empresas y los titulares de derechos, sino en general en el d\u00eda a d\u00eda del p\u00fablico en general.<\/span><\/p>\n<p><span style=\"font-size: 12pt;\">La Propiedad Intelectual contribuye mediante su protecci\u00f3n al desarrollo de la cultura, la ciencia y en general la innovaci\u00f3n, lo que la hace decisiva para el progreso humano.<\/span><\/p>\n<p><span style=\"font-size: 12pt;\">Este a\u00f1o la @ompi (Oficina Mundial de la Propiedad Intelectual) ha escogido la m\u00fasica para promocionar la campa\u00f1a de celebraci\u00f3n de este d\u00eda<\/span><\/p>\n<p><span style=\"font-size: 12pt;\">&#x1f389;\u00a1Feliz d\u00eda de la Propiedad Intelectual 2025!&#x1f389;&#x1f386;<\/span><\/p>\n","protected":false},"excerpt":{"rendered":"<p>Un a\u00f1o m\u00e1s desde @abrilabogados nos sumamos a esta celebraci\u00f3n, para destacar as\u00ed la importancia que presenta la propiedad industrial\u00ae&#xfe0f; y los derechos autor\u00a9&#xfe0f;, no solo para las empresas y&#8230;<\/p>\n","protected":false},"author":1,"featured_media":0,"comment_status":"closed","ping_status":"open","sticky":false,"template":"","format":"standard","meta":{"_acf_changed":false,"footnotes":""},"categories":[12],"tags":[],"sector_noticias":[],"class_list":{"0":"post-1637","1":"post","2":"type-post","3":"status-publish","4":"format-standard","6":"category-noticias"},"acf":[],"yoast_head":"<!-- This site is optimized with the Yoast SEO plugin v26.4 - https:\/\/yoast.com\/wordpress\/plugins\/seo\/ -->\n<title>D\u00cdA MUNDIAL DE LA PROPIEDAD INTELECTUAL 2025 - Abril Abogados<\/title>\n<meta name=\"robots\" content=\"index, follow, max-snippet:-1, max-image-preview:large, max-video-preview:-1\" \/>\n<link rel=\"canonical\" href=\"https:\/\/www.abrilabogados.com\/en\/noticias\/dia-mundial-de-la-propiedad-intelectual-2025\/\" \/>\n<meta property=\"og:locale\" content=\"en_US\" \/>\n<meta property=\"og:type\" content=\"article\" \/>\n<meta property=\"og:title\" content=\"D\u00cdA MUNDIAL DE LA PROPIEDAD INTELECTUAL 2025 - Abril Abogados\" \/>\n<meta property=\"og:description\" content=\"Un a\u00f1o m\u00e1s desde @abrilabogados nos sumamos a esta celebraci\u00f3n, para destacar as\u00ed la importancia que presenta la propiedad industrial\u00ae&#xfe0f; y los derechos autor\u00a9&#xfe0f;, no solo para las empresas y...\" \/>\n<meta property=\"og:url\" content=\"https:\/\/www.abrilabogados.com\/en\/noticias\/dia-mundial-de-la-propiedad-intelectual-2025\/\" \/>\n<meta property=\"og:site_name\" content=\"Abril Abogados\" \/>\n<meta property=\"article:published_time\" content=\"2025-04-20T22:00:00+00:00\" \/>\n<meta property=\"article:modified_time\" content=\"2026-04-23T20:30:37+00:00\" \/>\n<meta property=\"og:image\" content=\"https:\/\/www.abrilabogados.com\/wp-content\/uploads\/2026\/04\/FOTO-2.jpg\" \/>\n<meta name=\"author\" content=\"admin\" \/>\n<meta name=\"twitter:card\" content=\"summary_large_image\" \/>\n<meta name=\"twitter:label1\" content=\"Written by\" \/>\n\t<meta name=\"twitter:data1\" content=\"admin\" \/>\n\t<meta name=\"twitter:label2\" content=\"Est. reading time\" \/>\n\t<meta name=\"twitter:data2\" content=\"1 minute\" \/>\n<script type=\"application\/ld+json\" class=\"yoast-schema-graph\">{\"@context\":\"https:\/\/schema.org\",\"@graph\":[{\"@type\":\"WebPage\",\"@id\":\"https:\/\/www.abrilabogados.com\/en\/noticias\/dia-mundial-de-la-propiedad-intelectual-2025\/\",\"url\":\"https:\/\/www.abrilabogados.com\/en\/noticias\/dia-mundial-de-la-propiedad-intelectual-2025\/\",\"name\":\"D\u00cdA MUNDIAL DE LA PROPIEDAD INTELECTUAL 2025 - Abril Abogados\",\"isPartOf\":{\"@id\":\"https:\/\/www.abrilabogados.com\/en\/#website\"},\"primaryImageOfPage\":{\"@id\":\"https:\/\/www.abrilabogados.com\/en\/noticias\/dia-mundial-de-la-propiedad-intelectual-2025\/#primaryimage\"},\"image\":{\"@id\":\"https:\/\/www.abrilabogados.com\/en\/noticias\/dia-mundial-de-la-propiedad-intelectual-2025\/#primaryimage\"},\"thumbnailUrl\":\"https:\/\/www.abrilabogados.com\/wp-content\/uploads\/2026\/04\/FOTO-2.jpg\",\"datePublished\":\"2025-04-20T22:00:00+00:00\",\"dateModified\":\"2026-04-23T20:30:37+00:00\",\"author\":{\"@id\":\"https:\/\/www.abrilabogados.com\/en\/#\/schema\/person\/750a358f28e46d5003b31222bddd9ed8\"},\"breadcrumb\":{\"@id\":\"https:\/\/www.abrilabogados.com\/en\/noticias\/dia-mundial-de-la-propiedad-intelectual-2025\/#breadcrumb\"},\"inLanguage\":\"en-US\",\"potentialAction\":[{\"@type\":\"ReadAction\",\"target\":[\"https:\/\/www.abrilabogados.com\/en\/noticias\/dia-mundial-de-la-propiedad-intelectual-2025\/\"]}]},{\"@type\":\"ImageObject\",\"inLanguage\":\"en-US\",\"@id\":\"https:\/\/www.abrilabogados.com\/en\/noticias\/dia-mundial-de-la-propiedad-intelectual-2025\/#primaryimage\",\"url\":\"https:\/\/www.abrilabogados.com\/wp-content\/uploads\/2026\/04\/FOTO-2.jpg\",\"contentUrl\":\"https:\/\/www.abrilabogados.com\/wp-content\/uploads\/2026\/04\/FOTO-2.jpg\"},{\"@type\":\"BreadcrumbList\",\"@id\":\"https:\/\/www.abrilabogados.com\/en\/noticias\/dia-mundial-de-la-propiedad-intelectual-2025\/#breadcrumb\",\"itemListElement\":[{\"@type\":\"ListItem\",\"position\":1,\"name\":\"Abril Abogados News\",\"item\":\"\/en\/noticias\/\"},{\"@type\":\"ListItem\",\"position\":2,\"name\":\"D\u00cdA MUNDIAL DE LA PROPIEDAD INTELECTUAL 2025\"}]},{\"@type\":\"WebSite\",\"@id\":\"https:\/\/www.abrilabogados.com\/en\/#website\",\"url\":\"https:\/\/www.abrilabogados.com\/en\/\",\"name\":\"Abril Abogados\",\"description\":\"\",\"potentialAction\":[{\"@type\":\"SearchAction\",\"target\":{\"@type\":\"EntryPoint\",\"urlTemplate\":\"https:\/\/www.abrilabogados.com\/en\/?s={search_term_string}\"},\"query-input\":{\"@type\":\"PropertyValueSpecification\",\"valueRequired\":true,\"valueName\":\"search_term_string\"}}],\"inLanguage\":\"en-US\"},{\"@type\":\"Person\",\"@id\":\"https:\/\/www.abrilabogados.com\/en\/#\/schema\/person\/750a358f28e46d5003b31222bddd9ed8\",\"name\":\"admin\",\"image\":{\"@type\":\"ImageObject\",\"inLanguage\":\"en-US\",\"@id\":\"https:\/\/www.abrilabogados.com\/en\/#\/schema\/person\/image\/\",\"url\":\"https:\/\/secure.gravatar.com\/avatar\/52d6bc19e862502e6ff2f700f23c607b54491a2d4a05fc0f2a79b8077f4bc25c?s=96&d=mm&r=g\",\"contentUrl\":\"https:\/\/secure.gravatar.com\/avatar\/52d6bc19e862502e6ff2f700f23c607b54491a2d4a05fc0f2a79b8077f4bc25c?s=96&d=mm&r=g\",\"caption\":\"admin\"},\"sameAs\":[\"https:\/\/www.abrilabogados.com\"],\"url\":\"https:\/\/www.abrilabogados.com\/en\/noticias\/author\/charly_wpadmin\/\"}]}<\/script>\n<!-- \/ Yoast SEO plugin. -->","yoast_head_json":{"title":"D\u00cdA MUNDIAL DE LA PROPIEDAD INTELECTUAL 2025 - Abril Abogados","robots":{"index":"index","follow":"follow","max-snippet":"max-snippet:-1","max-image-preview":"max-image-preview:large","max-video-preview":"max-video-preview:-1"},"canonical":"https:\/\/www.abrilabogados.com\/en\/noticias\/dia-mundial-de-la-propiedad-intelectual-2025\/","og_locale":"en_US","og_type":"article","og_title":"D\u00cdA MUNDIAL DE LA PROPIEDAD INTELECTUAL 2025 - Abril Abogados","og_description":"Un a\u00f1o m\u00e1s desde @abrilabogados nos sumamos a esta celebraci\u00f3n, para destacar as\u00ed la importancia que presenta la propiedad industrial\u00ae&#xfe0f; y los derechos autor\u00a9&#xfe0f;, no solo para las empresas y...","og_url":"https:\/\/www.abrilabogados.com\/en\/noticias\/dia-mundial-de-la-propiedad-intelectual-2025\/","og_site_name":"Abril Abogados","article_published_time":"2025-04-20T22:00:00+00:00","article_modified_time":"2026-04-23T20:30:37+00:00","og_image":[{"url":"https:\/\/www.abrilabogados.com\/wp-content\/uploads\/2026\/04\/FOTO-2.jpg","type":"","width":"","height":""}],"author":"admin","twitter_card":"summary_large_image","twitter_misc":{"Written by":"admin","Est. reading time":"1 minute"},"schema":{"@context":"https:\/\/schema.org","@graph":[{"@type":"WebPage","@id":"https:\/\/www.abrilabogados.com\/en\/noticias\/dia-mundial-de-la-propiedad-intelectual-2025\/","url":"https:\/\/www.abrilabogados.com\/en\/noticias\/dia-mundial-de-la-propiedad-intelectual-2025\/","name":"D\u00cdA MUNDIAL DE LA PROPIEDAD INTELECTUAL 2025 - Abril Abogados","isPartOf":{"@id":"https:\/\/www.abrilabogados.com\/en\/#website"},"primaryImageOfPage":{"@id":"https:\/\/www.abrilabogados.com\/en\/noticias\/dia-mundial-de-la-propiedad-intelectual-2025\/#primaryimage"},"image":{"@id":"https:\/\/www.abrilabogados.com\/en\/noticias\/dia-mundial-de-la-propiedad-intelectual-2025\/#primaryimage"},"thumbnailUrl":"https:\/\/www.abrilabogados.com\/wp-content\/uploads\/2026\/04\/FOTO-2.jpg","datePublished":"2025-04-20T22:00:00+00:00","dateModified":"2026-04-23T20:30:37+00:00","author":{"@id":"https:\/\/www.abrilabogados.com\/en\/#\/schema\/person\/750a358f28e46d5003b31222bddd9ed8"},"breadcrumb":{"@id":"https:\/\/www.abrilabogados.com\/en\/noticias\/dia-mundial-de-la-propiedad-intelectual-2025\/#breadcrumb"},"inLanguage":"en-US","potentialAction":[{"@type":"ReadAction","target":["https:\/\/www.abrilabogados.com\/en\/noticias\/dia-mundial-de-la-propiedad-intelectual-2025\/"]}]},{"@type":"ImageObject","inLanguage":"en-US","@id":"https:\/\/www.abrilabogados.com\/en\/noticias\/dia-mundial-de-la-propiedad-intelectual-2025\/#primaryimage","url":"https:\/\/www.abrilabogados.com\/wp-content\/uploads\/2026\/04\/FOTO-2.jpg","contentUrl":"https:\/\/www.abrilabogados.com\/wp-content\/uploads\/2026\/04\/FOTO-2.jpg"},{"@type":"BreadcrumbList","@id":"https:\/\/www.abrilabogados.com\/en\/noticias\/dia-mundial-de-la-propiedad-intelectual-2025\/#breadcrumb","itemListElement":[{"@type":"ListItem","position":1,"name":"Abril Abogados News","item":"\/en\/noticias\/"},{"@type":"ListItem","position":2,"name":"D\u00cdA MUNDIAL DE LA PROPIEDAD INTELECTUAL 2025"}]},{"@type":"WebSite","@id":"https:\/\/www.abrilabogados.com\/en\/#website","url":"https:\/\/www.abrilabogados.com\/en\/","name":"Abril Abogados","description":"","potentialAction":[{"@type":"SearchAction","target":{"@type":"EntryPoint","urlTemplate":"https:\/\/www.abrilabogados.com\/en\/?s={search_term_string}"},"query-input":{"@type":"PropertyValueSpecification","valueRequired":true,"valueName":"search_term_string"}}],"inLanguage":"en-US"},{"@type":"Person","@id":"https:\/\/www.abrilabogados.com\/en\/#\/schema\/person\/750a358f28e46d5003b31222bddd9ed8","name":"admin","image":{"@type":"ImageObject","inLanguage":"en-US","@id":"https:\/\/www.abrilabogados.com\/en\/#\/schema\/person\/image\/","url":"https:\/\/secure.gravatar.com\/avatar\/52d6bc19e862502e6ff2f700f23c607b54491a2d4a05fc0f2a79b8077f4bc25c?s=96&d=mm&r=g","contentUrl":"https:\/\/secure.gravatar.com\/avatar\/52d6bc19e862502e6ff2f700f23c607b54491a2d4a05fc0f2a79b8077f4bc25c?s=96&d=mm&r=g","caption":"admin"},"sameAs":["https:\/\/www.abrilabogados.com"],"url":"https:\/\/www.abrilabogados.com\/en\/noticias\/author\/charly_wpadmin\/"}]}},"_links":{"self":[{"href":"https:\/\/www.abrilabogados.com\/en\/wp-json\/wp\/v2\/posts\/1637","targetHints":{"allow":["GET"]}}],"collection":[{"href":"https:\/\/www.abrilabogados.com\/en\/wp-json\/wp\/v2\/posts"}],"about":[{"href":"https:\/\/www.abrilabogados.com\/en\/wp-json\/wp\/v2\/types\/post"}],"author":[{"embeddable":true,"href":"https:\/\/www.abrilabogados.com\/en\/wp-json\/wp\/v2\/users\/1"}],"replies":[{"embeddable":true,"href":"https:\/\/www.abrilabogados.com\/en\/wp-json\/wp\/v2\/comments?post=1637"}],"version-history":[{"count":1,"href":"https:\/\/www.abrilabogados.com\/en\/wp-json\/wp\/v2\/posts\/1637\/revisions"}],"predecessor-version":[{"id":4054,"href":"https:\/\/www.abrilabogados.com\/en\/wp-json\/wp\/v2\/posts\/1637\/revisions\/4054"}],"wp:attachment":[{"href":"https:\/\/www.abrilabogados.com\/en\/wp-json\/wp\/v2\/media?parent=1637"}],"wp:term":[{"taxonomy":"category","embeddable":true,"href":"https:\/\/www.abrilabogados.com\/en\/wp-json\/wp\/v2\/categories?post=1637"},{"taxonomy":"post_tag","embeddable":true,"href":"https:\/\/www.abrilabogados.com\/en\/wp-json\/wp\/v2\/tags?post=1637"},{"taxonomy":"sector_noticias","embeddable":true,"href":"https:\/\/www.abrilabogados.com\/en\/wp-json\/wp\/v2\/sector_noticias?post=1637"}],"curies":[{"name":"wp","href":"https:\/\/api.w.org\/{rel}","templated":true}]}}