{"id":1651,"date":"2025-08-01T00:00:00","date_gmt":"2025-07-31T22:00:00","guid":{"rendered":"https:\/\/www.abrilabogados.com\/a-partir-del-2-de-agosto-la-aepd-podra-actuar-contra-sistemas-de-ia-que-traten-datos-personales\/"},"modified":"2026-04-23T22:30:44","modified_gmt":"2026-04-23T20:30:44","slug":"a-partir-del-2-de-agosto-la-aepd-podra-actuar-contra-sistemas-de-ia-que-traten-datos-personales","status":"publish","type":"post","link":"https:\/\/www.abrilabogados.com\/en\/noticias\/a-partir-del-2-de-agosto-la-aepd-podra-actuar-contra-sistemas-de-ia-que-traten-datos-personales\/","title":{"rendered":"A partir del 2 de agosto, la AEPD podr\u00e1 actuar contra sistemas de IA que traten datos personales"},"content":{"rendered":"<p style=\"text-align: justify;\"><span style=\"font-size: 12pt;\">La Agencia Espa\u00f1ola de Protecci\u00f3n de Datos (AEPD) ha anunciado que, desde el 2 de agosto de 2025, podr\u00e1 ejercer su capacidad sancionadora frente a sistemas de inteligencia artificial (IA) prohibidos que traten datos personales, incluso antes de la plena aplicaci\u00f3n del Reglamento Europeo de Inteligencia Artificial (RIA).<\/span><\/p>\n<p style=\"text-align: justify;\"><span style=\"font-size: 12pt;\">Aunque la normativa espa\u00f1ola a\u00fan no est\u00e1 aprobada y la AEPD no ha sido formalmente designada como autoridad de vigilancia del mercado, sus funciones como garante de la protecci\u00f3n de datos personales ya le habilitan para intervenir cuando se detecten violaciones asociadas a sistemas de IA.<\/span><\/p>\n<p style=\"text-align: justify;\"><span style=\"font-size: 12pt;\">La AEPD no ha esperado a la aplicaci\u00f3n total del nuevo marco legal europeo: ya se encuentra en condiciones de supervisar y sancionar tratamientos automatizados que afecten a los derechos fundamentales de las personas, incluidos aquellos definidos como prohibidos por el art\u00edculo 5 del Reglamento 2024\/1689 de la UE, cuyo r\u00e9gimen sancionador entrar\u00e1 en vigor el 2 de agosto de 2025.<\/span><\/p>\n<p style=\"text-align: justify;\"><span style=\"font-size: 12pt;\">Entre los sistemas prohibidos se incluyen tecnolog\u00edas como: la identificaci\u00f3n biom\u00e9trica remota en tiempo real en espacios p\u00fablicos, los usos de t\u00e9cnicas subliminales para manipular comportamientos y la explotaci\u00f3n de vulnerabilidades personales (edad, discapacidad, etc.) con fines de influencia indebida.<\/span><\/p>\n<p style=\"text-align: justify;\"><span style=\"font-size: 12pt;\">Es importante que empresas y desarrolladores eval\u00faen sus sistemas de IA, considerando la realizaci\u00f3n de EIPD y auditor\u00edas internas para sistemas considerados de alto riesgo o prohibidos y alineen sus pr\u00e1cticas con los principios de legalidad, proporcionalidad y transparencia, tal como exige el anteproyecto de ley.<\/span><\/p>\n<p style=\"text-align: justify;\"><span style=\"font-size: 12pt;\">Las organizaciones que desarrollan o implementan sistemas de IA no pueden esperar m\u00e1s: la transici\u00f3n regulatoria ya est\u00e1 en marcha. Anticiparse es la clave para asegurar un uso \u00e9tico, transparente y respetuoso con los derechos fundamentales.<\/span><\/p>\n<p>&nbsp;<\/p>\n<p><img loading=\"lazy\" decoding=\"async\" class=\"alignnone  wp-image-4097\" src=\"https:\/\/www.abrilabogados.com\/wp-content\/uploads\/2026\/04\/Imagen1-76.jpg\" alt=\"Laura Conde - abogada\" width=\"106\" height=\"126\" \/><\/p>\n","protected":false},"excerpt":{"rendered":"<p>La Agencia Espa\u00f1ola de Protecci\u00f3n de Datos (AEPD) ha anunciado que, desde el 2 de agosto de 2025, podr\u00e1 ejercer su capacidad sancionadora frente a sistemas de inteligencia artificial (IA)&#8230;<\/p>\n","protected":false},"author":1,"featured_media":0,"comment_status":"closed","ping_status":"open","sticky":false,"template":"","format":"standard","meta":{"_acf_changed":false,"footnotes":""},"categories":[12],"tags":[],"sector_noticias":[],"class_list":{"0":"post-1651","1":"post","2":"type-post","3":"status-publish","4":"format-standard","6":"category-noticias"},"acf":[],"yoast_head":"<!-- This site is optimized with the Yoast SEO plugin v26.4 - https:\/\/yoast.com\/wordpress\/plugins\/seo\/ -->\n<title>A partir del 2 de agosto, la AEPD podr\u00e1 actuar contra sistemas de IA que traten datos personales - Abril Abogados<\/title>\n<meta name=\"robots\" content=\"index, follow, max-snippet:-1, max-image-preview:large, max-video-preview:-1\" \/>\n<link rel=\"canonical\" href=\"https:\/\/www.abrilabogados.com\/en\/noticias\/a-partir-del-2-de-agosto-la-aepd-podra-actuar-contra-sistemas-de-ia-que-traten-datos-personales\/\" \/>\n<meta property=\"og:locale\" content=\"en_US\" \/>\n<meta property=\"og:type\" content=\"article\" \/>\n<meta property=\"og:title\" content=\"A partir del 2 de agosto, la AEPD podr\u00e1 actuar contra sistemas de IA que traten datos personales - Abril Abogados\" \/>\n<meta property=\"og:description\" content=\"La Agencia Espa\u00f1ola de Protecci\u00f3n de Datos (AEPD) ha anunciado que, desde el 2 de agosto de 2025, podr\u00e1 ejercer su capacidad sancionadora frente a sistemas de inteligencia artificial (IA)...\" \/>\n<meta property=\"og:url\" content=\"https:\/\/www.abrilabogados.com\/en\/noticias\/a-partir-del-2-de-agosto-la-aepd-podra-actuar-contra-sistemas-de-ia-que-traten-datos-personales\/\" \/>\n<meta property=\"og:site_name\" content=\"Abril Abogados\" \/>\n<meta property=\"article:published_time\" content=\"2025-07-31T22:00:00+00:00\" \/>\n<meta property=\"article:modified_time\" content=\"2026-04-23T20:30:44+00:00\" \/>\n<meta property=\"og:image\" content=\"https:\/\/www.abrilabogados.com\/wp-content\/uploads\/2026\/04\/Imagen1-76.jpg\" \/>\n<meta name=\"author\" content=\"admin\" \/>\n<meta name=\"twitter:card\" content=\"summary_large_image\" \/>\n<meta name=\"twitter:label1\" content=\"Written by\" \/>\n\t<meta name=\"twitter:data1\" content=\"admin\" \/>\n\t<meta name=\"twitter:label2\" content=\"Est. reading time\" \/>\n\t<meta name=\"twitter:data2\" content=\"1 minute\" \/>\n<script type=\"application\/ld+json\" class=\"yoast-schema-graph\">{\"@context\":\"https:\/\/schema.org\",\"@graph\":[{\"@type\":\"WebPage\",\"@id\":\"https:\/\/www.abrilabogados.com\/en\/noticias\/a-partir-del-2-de-agosto-la-aepd-podra-actuar-contra-sistemas-de-ia-que-traten-datos-personales\/\",\"url\":\"https:\/\/www.abrilabogados.com\/en\/noticias\/a-partir-del-2-de-agosto-la-aepd-podra-actuar-contra-sistemas-de-ia-que-traten-datos-personales\/\",\"name\":\"A partir del 2 de agosto, la AEPD podr\u00e1 actuar contra sistemas de IA que traten datos personales - Abril Abogados\",\"isPartOf\":{\"@id\":\"https:\/\/www.abrilabogados.com\/en\/#website\"},\"primaryImageOfPage\":{\"@id\":\"https:\/\/www.abrilabogados.com\/en\/noticias\/a-partir-del-2-de-agosto-la-aepd-podra-actuar-contra-sistemas-de-ia-que-traten-datos-personales\/#primaryimage\"},\"image\":{\"@id\":\"https:\/\/www.abrilabogados.com\/en\/noticias\/a-partir-del-2-de-agosto-la-aepd-podra-actuar-contra-sistemas-de-ia-que-traten-datos-personales\/#primaryimage\"},\"thumbnailUrl\":\"https:\/\/www.abrilabogados.com\/wp-content\/uploads\/2026\/04\/Imagen1-76.jpg\",\"datePublished\":\"2025-07-31T22:00:00+00:00\",\"dateModified\":\"2026-04-23T20:30:44+00:00\",\"author\":{\"@id\":\"https:\/\/www.abrilabogados.com\/en\/#\/schema\/person\/750a358f28e46d5003b31222bddd9ed8\"},\"breadcrumb\":{\"@id\":\"https:\/\/www.abrilabogados.com\/en\/noticias\/a-partir-del-2-de-agosto-la-aepd-podra-actuar-contra-sistemas-de-ia-que-traten-datos-personales\/#breadcrumb\"},\"inLanguage\":\"en-US\",\"potentialAction\":[{\"@type\":\"ReadAction\",\"target\":[\"https:\/\/www.abrilabogados.com\/en\/noticias\/a-partir-del-2-de-agosto-la-aepd-podra-actuar-contra-sistemas-de-ia-que-traten-datos-personales\/\"]}]},{\"@type\":\"ImageObject\",\"inLanguage\":\"en-US\",\"@id\":\"https:\/\/www.abrilabogados.com\/en\/noticias\/a-partir-del-2-de-agosto-la-aepd-podra-actuar-contra-sistemas-de-ia-que-traten-datos-personales\/#primaryimage\",\"url\":\"https:\/\/www.abrilabogados.com\/wp-content\/uploads\/2026\/04\/Imagen1-76.jpg\",\"contentUrl\":\"https:\/\/www.abrilabogados.com\/wp-content\/uploads\/2026\/04\/Imagen1-76.jpg\"},{\"@type\":\"BreadcrumbList\",\"@id\":\"https:\/\/www.abrilabogados.com\/en\/noticias\/a-partir-del-2-de-agosto-la-aepd-podra-actuar-contra-sistemas-de-ia-que-traten-datos-personales\/#breadcrumb\",\"itemListElement\":[{\"@type\":\"ListItem\",\"position\":1,\"name\":\"Abril Abogados News\",\"item\":\"\/en\/noticias\/\"},{\"@type\":\"ListItem\",\"position\":2,\"name\":\"A partir del 2 de agosto, la AEPD podr\u00e1 actuar contra sistemas de IA que traten datos personales\"}]},{\"@type\":\"WebSite\",\"@id\":\"https:\/\/www.abrilabogados.com\/en\/#website\",\"url\":\"https:\/\/www.abrilabogados.com\/en\/\",\"name\":\"Abril Abogados\",\"description\":\"\",\"potentialAction\":[{\"@type\":\"SearchAction\",\"target\":{\"@type\":\"EntryPoint\",\"urlTemplate\":\"https:\/\/www.abrilabogados.com\/en\/?s={search_term_string}\"},\"query-input\":{\"@type\":\"PropertyValueSpecification\",\"valueRequired\":true,\"valueName\":\"search_term_string\"}}],\"inLanguage\":\"en-US\"},{\"@type\":\"Person\",\"@id\":\"https:\/\/www.abrilabogados.com\/en\/#\/schema\/person\/750a358f28e46d5003b31222bddd9ed8\",\"name\":\"admin\",\"image\":{\"@type\":\"ImageObject\",\"inLanguage\":\"en-US\",\"@id\":\"https:\/\/www.abrilabogados.com\/en\/#\/schema\/person\/image\/\",\"url\":\"https:\/\/secure.gravatar.com\/avatar\/52d6bc19e862502e6ff2f700f23c607b54491a2d4a05fc0f2a79b8077f4bc25c?s=96&d=mm&r=g\",\"contentUrl\":\"https:\/\/secure.gravatar.com\/avatar\/52d6bc19e862502e6ff2f700f23c607b54491a2d4a05fc0f2a79b8077f4bc25c?s=96&d=mm&r=g\",\"caption\":\"admin\"},\"sameAs\":[\"https:\/\/www.abrilabogados.com\"],\"url\":\"https:\/\/www.abrilabogados.com\/en\/noticias\/author\/charly_wpadmin\/\"}]}<\/script>\n<!-- \/ Yoast SEO plugin. -->","yoast_head_json":{"title":"A partir del 2 de agosto, la AEPD podr\u00e1 actuar contra sistemas de IA que traten datos personales - Abril Abogados","robots":{"index":"index","follow":"follow","max-snippet":"max-snippet:-1","max-image-preview":"max-image-preview:large","max-video-preview":"max-video-preview:-1"},"canonical":"https:\/\/www.abrilabogados.com\/en\/noticias\/a-partir-del-2-de-agosto-la-aepd-podra-actuar-contra-sistemas-de-ia-que-traten-datos-personales\/","og_locale":"en_US","og_type":"article","og_title":"A partir del 2 de agosto, la AEPD podr\u00e1 actuar contra sistemas de IA que traten datos personales - Abril Abogados","og_description":"La Agencia Espa\u00f1ola de Protecci\u00f3n de Datos (AEPD) ha anunciado que, desde el 2 de agosto de 2025, podr\u00e1 ejercer su capacidad sancionadora frente a sistemas de inteligencia artificial (IA)...","og_url":"https:\/\/www.abrilabogados.com\/en\/noticias\/a-partir-del-2-de-agosto-la-aepd-podra-actuar-contra-sistemas-de-ia-que-traten-datos-personales\/","og_site_name":"Abril Abogados","article_published_time":"2025-07-31T22:00:00+00:00","article_modified_time":"2026-04-23T20:30:44+00:00","og_image":[{"url":"https:\/\/www.abrilabogados.com\/wp-content\/uploads\/2026\/04\/Imagen1-76.jpg","type":"","width":"","height":""}],"author":"admin","twitter_card":"summary_large_image","twitter_misc":{"Written by":"admin","Est. reading time":"1 minute"},"schema":{"@context":"https:\/\/schema.org","@graph":[{"@type":"WebPage","@id":"https:\/\/www.abrilabogados.com\/en\/noticias\/a-partir-del-2-de-agosto-la-aepd-podra-actuar-contra-sistemas-de-ia-que-traten-datos-personales\/","url":"https:\/\/www.abrilabogados.com\/en\/noticias\/a-partir-del-2-de-agosto-la-aepd-podra-actuar-contra-sistemas-de-ia-que-traten-datos-personales\/","name":"A partir del 2 de agosto, la AEPD podr\u00e1 actuar contra sistemas de IA que traten datos personales - Abril Abogados","isPartOf":{"@id":"https:\/\/www.abrilabogados.com\/en\/#website"},"primaryImageOfPage":{"@id":"https:\/\/www.abrilabogados.com\/en\/noticias\/a-partir-del-2-de-agosto-la-aepd-podra-actuar-contra-sistemas-de-ia-que-traten-datos-personales\/#primaryimage"},"image":{"@id":"https:\/\/www.abrilabogados.com\/en\/noticias\/a-partir-del-2-de-agosto-la-aepd-podra-actuar-contra-sistemas-de-ia-que-traten-datos-personales\/#primaryimage"},"thumbnailUrl":"https:\/\/www.abrilabogados.com\/wp-content\/uploads\/2026\/04\/Imagen1-76.jpg","datePublished":"2025-07-31T22:00:00+00:00","dateModified":"2026-04-23T20:30:44+00:00","author":{"@id":"https:\/\/www.abrilabogados.com\/en\/#\/schema\/person\/750a358f28e46d5003b31222bddd9ed8"},"breadcrumb":{"@id":"https:\/\/www.abrilabogados.com\/en\/noticias\/a-partir-del-2-de-agosto-la-aepd-podra-actuar-contra-sistemas-de-ia-que-traten-datos-personales\/#breadcrumb"},"inLanguage":"en-US","potentialAction":[{"@type":"ReadAction","target":["https:\/\/www.abrilabogados.com\/en\/noticias\/a-partir-del-2-de-agosto-la-aepd-podra-actuar-contra-sistemas-de-ia-que-traten-datos-personales\/"]}]},{"@type":"ImageObject","inLanguage":"en-US","@id":"https:\/\/www.abrilabogados.com\/en\/noticias\/a-partir-del-2-de-agosto-la-aepd-podra-actuar-contra-sistemas-de-ia-que-traten-datos-personales\/#primaryimage","url":"https:\/\/www.abrilabogados.com\/wp-content\/uploads\/2026\/04\/Imagen1-76.jpg","contentUrl":"https:\/\/www.abrilabogados.com\/wp-content\/uploads\/2026\/04\/Imagen1-76.jpg"},{"@type":"BreadcrumbList","@id":"https:\/\/www.abrilabogados.com\/en\/noticias\/a-partir-del-2-de-agosto-la-aepd-podra-actuar-contra-sistemas-de-ia-que-traten-datos-personales\/#breadcrumb","itemListElement":[{"@type":"ListItem","position":1,"name":"Abril Abogados News","item":"\/en\/noticias\/"},{"@type":"ListItem","position":2,"name":"A partir del 2 de agosto, la AEPD podr\u00e1 actuar contra sistemas de IA que traten datos personales"}]},{"@type":"WebSite","@id":"https:\/\/www.abrilabogados.com\/en\/#website","url":"https:\/\/www.abrilabogados.com\/en\/","name":"Abril Abogados","description":"","potentialAction":[{"@type":"SearchAction","target":{"@type":"EntryPoint","urlTemplate":"https:\/\/www.abrilabogados.com\/en\/?s={search_term_string}"},"query-input":{"@type":"PropertyValueSpecification","valueRequired":true,"valueName":"search_term_string"}}],"inLanguage":"en-US"},{"@type":"Person","@id":"https:\/\/www.abrilabogados.com\/en\/#\/schema\/person\/750a358f28e46d5003b31222bddd9ed8","name":"admin","image":{"@type":"ImageObject","inLanguage":"en-US","@id":"https:\/\/www.abrilabogados.com\/en\/#\/schema\/person\/image\/","url":"https:\/\/secure.gravatar.com\/avatar\/52d6bc19e862502e6ff2f700f23c607b54491a2d4a05fc0f2a79b8077f4bc25c?s=96&d=mm&r=g","contentUrl":"https:\/\/secure.gravatar.com\/avatar\/52d6bc19e862502e6ff2f700f23c607b54491a2d4a05fc0f2a79b8077f4bc25c?s=96&d=mm&r=g","caption":"admin"},"sameAs":["https:\/\/www.abrilabogados.com"],"url":"https:\/\/www.abrilabogados.com\/en\/noticias\/author\/charly_wpadmin\/"}]}},"_links":{"self":[{"href":"https:\/\/www.abrilabogados.com\/en\/wp-json\/wp\/v2\/posts\/1651","targetHints":{"allow":["GET"]}}],"collection":[{"href":"https:\/\/www.abrilabogados.com\/en\/wp-json\/wp\/v2\/posts"}],"about":[{"href":"https:\/\/www.abrilabogados.com\/en\/wp-json\/wp\/v2\/types\/post"}],"author":[{"embeddable":true,"href":"https:\/\/www.abrilabogados.com\/en\/wp-json\/wp\/v2\/users\/1"}],"replies":[{"embeddable":true,"href":"https:\/\/www.abrilabogados.com\/en\/wp-json\/wp\/v2\/comments?post=1651"}],"version-history":[{"count":1,"href":"https:\/\/www.abrilabogados.com\/en\/wp-json\/wp\/v2\/posts\/1651\/revisions"}],"predecessor-version":[{"id":3696,"href":"https:\/\/www.abrilabogados.com\/en\/wp-json\/wp\/v2\/posts\/1651\/revisions\/3696"}],"wp:attachment":[{"href":"https:\/\/www.abrilabogados.com\/en\/wp-json\/wp\/v2\/media?parent=1651"}],"wp:term":[{"taxonomy":"category","embeddable":true,"href":"https:\/\/www.abrilabogados.com\/en\/wp-json\/wp\/v2\/categories?post=1651"},{"taxonomy":"post_tag","embeddable":true,"href":"https:\/\/www.abrilabogados.com\/en\/wp-json\/wp\/v2\/tags?post=1651"},{"taxonomy":"sector_noticias","embeddable":true,"href":"https:\/\/www.abrilabogados.com\/en\/wp-json\/wp\/v2\/sector_noticias?post=1651"}],"curies":[{"name":"wp","href":"https:\/\/api.w.org\/{rel}","templated":true}]}}