{"id":3007,"date":"2017-10-26T00:00:00","date_gmt":"2017-10-25T22:00:00","guid":{"rendered":"https:\/\/www.abrilabogados.com\/noticias\/confilegal-cuales-son-los-riesgos-legales-mas-frecuentes-en-el-sector-de-la-moda-ignacio-temino-en-la-jornada-sobre-fashion-law\/"},"modified":"2026-04-23T21:29:12","modified_gmt":"2026-04-23T19:29:12","slug":"confilegal-cuales-son-los-riesgos-legales-mas-frecuentes-en-el-sector-de-la-moda-ignacio-temino-en-la-jornada-sobre-fashion-law","status":"publish","type":"post","link":"https:\/\/www.abrilabogados.com\/en\/noticias\/confilegal-cuales-son-los-riesgos-legales-mas-frecuentes-en-el-sector-de-la-moda-ignacio-temino-en-la-jornada-sobre-fashion-law\/","title":{"rendered":"Confilegal \u00bfCu\u00e1les son los riesgos legales m\u00e1s frecuentes en el sector de la moda?, Ignacio Temi\u00f1o en la jornada sobre Fashion Law"},"content":{"rendered":"<p>Ignacio Temi\u00f1o, socio de Abril Abogados el estado de salud de nuestra moda &#8220;es razonablemente bueno en t\u00e9rminos generales. Aunque algunos clientes a\u00fan tienen restricciones en sus gastos que vienen de los a\u00f1os de crisis, por lo general se percibe un retorno de la inversi\u00f3n y un aumento de ventas, tanto dom\u00e9sticas como en forma de exportaci\u00f3n&#8221;<!--more--><\/p>\n<p>Link <a href=\"https:\/\/confilegal.com\/20171026-cuales-son-los-riesgos-legales-mas-frecuentes-en-el-sector-de-la-moda\/\">aqu\u00ed<\/a>.<\/p>\n","protected":false},"excerpt":{"rendered":"<p>Ignacio Temi\u00f1o, socio de Abril Abogados el estado de salud de nuestra moda &#8220;es razonablemente bueno en t\u00e9rminos generales. Aunque algunos clientes a\u00fan tienen restricciones en sus gastos que vienen&#8230;<\/p>\n","protected":false},"author":1,"featured_media":0,"comment_status":"closed","ping_status":"closed","sticky":false,"template":"","format":"standard","meta":{"_acf_changed":false,"footnotes":""},"categories":[23],"tags":[],"sector_noticias":[],"class_list":{"0":"post-3007","1":"post","2":"type-post","3":"status-publish","4":"format-standard","6":"category-articles-press"},"acf":[],"yoast_head":"<!-- This site is optimized with the Yoast SEO plugin v26.4 - https:\/\/yoast.com\/wordpress\/plugins\/seo\/ -->\n<title>Confilegal \u00bfCu\u00e1les son los riesgos legales m\u00e1s frecuentes en el sector de la moda?, Ignacio Temi\u00f1o en la jornada sobre Fashion Law - Abril Abogados<\/title>\n<meta name=\"robots\" content=\"index, follow, max-snippet:-1, max-image-preview:large, max-video-preview:-1\" \/>\n<link rel=\"canonical\" href=\"https:\/\/www.abrilabogados.com\/en\/noticias\/confilegal-cuales-son-los-riesgos-legales-mas-frecuentes-en-el-sector-de-la-moda-ignacio-temino-en-la-jornada-sobre-fashion-law\/\" \/>\n<meta property=\"og:locale\" content=\"en_US\" \/>\n<meta property=\"og:type\" content=\"article\" \/>\n<meta property=\"og:title\" content=\"Confilegal \u00bfCu\u00e1les son los riesgos legales m\u00e1s frecuentes en el sector de la moda?, Ignacio Temi\u00f1o en la jornada sobre Fashion Law - Abril Abogados\" \/>\n<meta property=\"og:description\" content=\"Ignacio Temi\u00f1o, socio de Abril Abogados el estado de salud de nuestra moda &#8220;es razonablemente bueno en t\u00e9rminos generales. Aunque algunos clientes a\u00fan tienen restricciones en sus gastos que vienen...\" \/>\n<meta property=\"og:url\" content=\"https:\/\/www.abrilabogados.com\/en\/noticias\/confilegal-cuales-son-los-riesgos-legales-mas-frecuentes-en-el-sector-de-la-moda-ignacio-temino-en-la-jornada-sobre-fashion-law\/\" \/>\n<meta property=\"og:site_name\" content=\"Abril Abogados\" \/>\n<meta property=\"article:published_time\" content=\"2017-10-25T22:00:00+00:00\" \/>\n<meta property=\"article:modified_time\" content=\"2026-04-23T19:29:12+00:00\" \/>\n<meta name=\"author\" content=\"admin\" \/>\n<meta name=\"twitter:card\" content=\"summary_large_image\" \/>\n<meta name=\"twitter:label1\" content=\"Written by\" \/>\n\t<meta name=\"twitter:data1\" content=\"admin\" \/>\n<script type=\"application\/ld+json\" class=\"yoast-schema-graph\">{\"@context\":\"https:\/\/schema.org\",\"@graph\":[{\"@type\":\"WebPage\",\"@id\":\"https:\/\/www.abrilabogados.com\/en\/noticias\/confilegal-cuales-son-los-riesgos-legales-mas-frecuentes-en-el-sector-de-la-moda-ignacio-temino-en-la-jornada-sobre-fashion-law\/\",\"url\":\"https:\/\/www.abrilabogados.com\/en\/noticias\/confilegal-cuales-son-los-riesgos-legales-mas-frecuentes-en-el-sector-de-la-moda-ignacio-temino-en-la-jornada-sobre-fashion-law\/\",\"name\":\"Confilegal \u00bfCu\u00e1les son los riesgos legales m\u00e1s frecuentes en el sector de la moda?, Ignacio Temi\u00f1o en la jornada sobre Fashion Law - Abril Abogados\",\"isPartOf\":{\"@id\":\"https:\/\/www.abrilabogados.com\/en\/#website\"},\"datePublished\":\"2017-10-25T22:00:00+00:00\",\"dateModified\":\"2026-04-23T19:29:12+00:00\",\"author\":{\"@id\":\"https:\/\/www.abrilabogados.com\/en\/#\/schema\/person\/750a358f28e46d5003b31222bddd9ed8\"},\"breadcrumb\":{\"@id\":\"https:\/\/www.abrilabogados.com\/en\/noticias\/confilegal-cuales-son-los-riesgos-legales-mas-frecuentes-en-el-sector-de-la-moda-ignacio-temino-en-la-jornada-sobre-fashion-law\/#breadcrumb\"},\"inLanguage\":\"en-US\",\"potentialAction\":[{\"@type\":\"ReadAction\",\"target\":[\"https:\/\/www.abrilabogados.com\/en\/noticias\/confilegal-cuales-son-los-riesgos-legales-mas-frecuentes-en-el-sector-de-la-moda-ignacio-temino-en-la-jornada-sobre-fashion-law\/\"]}]},{\"@type\":\"BreadcrumbList\",\"@id\":\"https:\/\/www.abrilabogados.com\/en\/noticias\/confilegal-cuales-son-los-riesgos-legales-mas-frecuentes-en-el-sector-de-la-moda-ignacio-temino-en-la-jornada-sobre-fashion-law\/#breadcrumb\",\"itemListElement\":[{\"@type\":\"ListItem\",\"position\":1,\"name\":\"Abril Abogados News\",\"item\":\"\/en\/noticias\/\"},{\"@type\":\"ListItem\",\"position\":2,\"name\":\"Confilegal \u00bfCu\u00e1les son los riesgos legales m\u00e1s frecuentes en el sector de la moda?, Ignacio Temi\u00f1o en la jornada sobre Fashion Law\"}]},{\"@type\":\"WebSite\",\"@id\":\"https:\/\/www.abrilabogados.com\/en\/#website\",\"url\":\"https:\/\/www.abrilabogados.com\/en\/\",\"name\":\"Abril Abogados\",\"description\":\"\",\"potentialAction\":[{\"@type\":\"SearchAction\",\"target\":{\"@type\":\"EntryPoint\",\"urlTemplate\":\"https:\/\/www.abrilabogados.com\/en\/?s={search_term_string}\"},\"query-input\":{\"@type\":\"PropertyValueSpecification\",\"valueRequired\":true,\"valueName\":\"search_term_string\"}}],\"inLanguage\":\"en-US\"},{\"@type\":\"Person\",\"@id\":\"https:\/\/www.abrilabogados.com\/en\/#\/schema\/person\/750a358f28e46d5003b31222bddd9ed8\",\"name\":\"admin\",\"image\":{\"@type\":\"ImageObject\",\"inLanguage\":\"en-US\",\"@id\":\"https:\/\/www.abrilabogados.com\/en\/#\/schema\/person\/image\/\",\"url\":\"https:\/\/secure.gravatar.com\/avatar\/52d6bc19e862502e6ff2f700f23c607b54491a2d4a05fc0f2a79b8077f4bc25c?s=96&d=mm&r=g\",\"contentUrl\":\"https:\/\/secure.gravatar.com\/avatar\/52d6bc19e862502e6ff2f700f23c607b54491a2d4a05fc0f2a79b8077f4bc25c?s=96&d=mm&r=g\",\"caption\":\"admin\"},\"sameAs\":[\"https:\/\/www.abrilabogados.com\"],\"url\":\"https:\/\/www.abrilabogados.com\/en\/noticias\/author\/charly_wpadmin\/\"}]}<\/script>\n<!-- \/ Yoast SEO plugin. -->","yoast_head_json":{"title":"Confilegal \u00bfCu\u00e1les son los riesgos legales m\u00e1s frecuentes en el sector de la moda?, Ignacio Temi\u00f1o en la jornada sobre Fashion Law - Abril Abogados","robots":{"index":"index","follow":"follow","max-snippet":"max-snippet:-1","max-image-preview":"max-image-preview:large","max-video-preview":"max-video-preview:-1"},"canonical":"https:\/\/www.abrilabogados.com\/en\/noticias\/confilegal-cuales-son-los-riesgos-legales-mas-frecuentes-en-el-sector-de-la-moda-ignacio-temino-en-la-jornada-sobre-fashion-law\/","og_locale":"en_US","og_type":"article","og_title":"Confilegal \u00bfCu\u00e1les son los riesgos legales m\u00e1s frecuentes en el sector de la moda?, Ignacio Temi\u00f1o en la jornada sobre Fashion Law - Abril Abogados","og_description":"Ignacio Temi\u00f1o, socio de Abril Abogados el estado de salud de nuestra moda &#8220;es razonablemente bueno en t\u00e9rminos generales. Aunque algunos clientes a\u00fan tienen restricciones en sus gastos que vienen...","og_url":"https:\/\/www.abrilabogados.com\/en\/noticias\/confilegal-cuales-son-los-riesgos-legales-mas-frecuentes-en-el-sector-de-la-moda-ignacio-temino-en-la-jornada-sobre-fashion-law\/","og_site_name":"Abril Abogados","article_published_time":"2017-10-25T22:00:00+00:00","article_modified_time":"2026-04-23T19:29:12+00:00","author":"admin","twitter_card":"summary_large_image","twitter_misc":{"Written by":"admin"},"schema":{"@context":"https:\/\/schema.org","@graph":[{"@type":"WebPage","@id":"https:\/\/www.abrilabogados.com\/en\/noticias\/confilegal-cuales-son-los-riesgos-legales-mas-frecuentes-en-el-sector-de-la-moda-ignacio-temino-en-la-jornada-sobre-fashion-law\/","url":"https:\/\/www.abrilabogados.com\/en\/noticias\/confilegal-cuales-son-los-riesgos-legales-mas-frecuentes-en-el-sector-de-la-moda-ignacio-temino-en-la-jornada-sobre-fashion-law\/","name":"Confilegal \u00bfCu\u00e1les son los riesgos legales m\u00e1s frecuentes en el sector de la moda?, Ignacio Temi\u00f1o en la jornada sobre Fashion Law - Abril Abogados","isPartOf":{"@id":"https:\/\/www.abrilabogados.com\/en\/#website"},"datePublished":"2017-10-25T22:00:00+00:00","dateModified":"2026-04-23T19:29:12+00:00","author":{"@id":"https:\/\/www.abrilabogados.com\/en\/#\/schema\/person\/750a358f28e46d5003b31222bddd9ed8"},"breadcrumb":{"@id":"https:\/\/www.abrilabogados.com\/en\/noticias\/confilegal-cuales-son-los-riesgos-legales-mas-frecuentes-en-el-sector-de-la-moda-ignacio-temino-en-la-jornada-sobre-fashion-law\/#breadcrumb"},"inLanguage":"en-US","potentialAction":[{"@type":"ReadAction","target":["https:\/\/www.abrilabogados.com\/en\/noticias\/confilegal-cuales-son-los-riesgos-legales-mas-frecuentes-en-el-sector-de-la-moda-ignacio-temino-en-la-jornada-sobre-fashion-law\/"]}]},{"@type":"BreadcrumbList","@id":"https:\/\/www.abrilabogados.com\/en\/noticias\/confilegal-cuales-son-los-riesgos-legales-mas-frecuentes-en-el-sector-de-la-moda-ignacio-temino-en-la-jornada-sobre-fashion-law\/#breadcrumb","itemListElement":[{"@type":"ListItem","position":1,"name":"Abril Abogados News","item":"\/en\/noticias\/"},{"@type":"ListItem","position":2,"name":"Confilegal \u00bfCu\u00e1les son los riesgos legales m\u00e1s frecuentes en el sector de la moda?, Ignacio Temi\u00f1o en la jornada sobre Fashion Law"}]},{"@type":"WebSite","@id":"https:\/\/www.abrilabogados.com\/en\/#website","url":"https:\/\/www.abrilabogados.com\/en\/","name":"Abril Abogados","description":"","potentialAction":[{"@type":"SearchAction","target":{"@type":"EntryPoint","urlTemplate":"https:\/\/www.abrilabogados.com\/en\/?s={search_term_string}"},"query-input":{"@type":"PropertyValueSpecification","valueRequired":true,"valueName":"search_term_string"}}],"inLanguage":"en-US"},{"@type":"Person","@id":"https:\/\/www.abrilabogados.com\/en\/#\/schema\/person\/750a358f28e46d5003b31222bddd9ed8","name":"admin","image":{"@type":"ImageObject","inLanguage":"en-US","@id":"https:\/\/www.abrilabogados.com\/en\/#\/schema\/person\/image\/","url":"https:\/\/secure.gravatar.com\/avatar\/52d6bc19e862502e6ff2f700f23c607b54491a2d4a05fc0f2a79b8077f4bc25c?s=96&d=mm&r=g","contentUrl":"https:\/\/secure.gravatar.com\/avatar\/52d6bc19e862502e6ff2f700f23c607b54491a2d4a05fc0f2a79b8077f4bc25c?s=96&d=mm&r=g","caption":"admin"},"sameAs":["https:\/\/www.abrilabogados.com"],"url":"https:\/\/www.abrilabogados.com\/en\/noticias\/author\/charly_wpadmin\/"}]}},"_links":{"self":[{"href":"https:\/\/www.abrilabogados.com\/en\/wp-json\/wp\/v2\/posts\/3007","targetHints":{"allow":["GET"]}}],"collection":[{"href":"https:\/\/www.abrilabogados.com\/en\/wp-json\/wp\/v2\/posts"}],"about":[{"href":"https:\/\/www.abrilabogados.com\/en\/wp-json\/wp\/v2\/types\/post"}],"author":[{"embeddable":true,"href":"https:\/\/www.abrilabogados.com\/en\/wp-json\/wp\/v2\/users\/1"}],"replies":[{"embeddable":true,"href":"https:\/\/www.abrilabogados.com\/en\/wp-json\/wp\/v2\/comments?post=3007"}],"version-history":[{"count":1,"href":"https:\/\/www.abrilabogados.com\/en\/wp-json\/wp\/v2\/posts\/3007\/revisions"}],"predecessor-version":[{"id":3362,"href":"https:\/\/www.abrilabogados.com\/en\/wp-json\/wp\/v2\/posts\/3007\/revisions\/3362"}],"wp:attachment":[{"href":"https:\/\/www.abrilabogados.com\/en\/wp-json\/wp\/v2\/media?parent=3007"}],"wp:term":[{"taxonomy":"category","embeddable":true,"href":"https:\/\/www.abrilabogados.com\/en\/wp-json\/wp\/v2\/categories?post=3007"},{"taxonomy":"post_tag","embeddable":true,"href":"https:\/\/www.abrilabogados.com\/en\/wp-json\/wp\/v2\/tags?post=3007"},{"taxonomy":"sector_noticias","embeddable":true,"href":"https:\/\/www.abrilabogados.com\/en\/wp-json\/wp\/v2\/sector_noticias?post=3007"}],"curies":[{"name":"wp","href":"https:\/\/api.w.org\/{rel}","templated":true}]}}