{"id":3008,"date":"2017-10-19T00:00:00","date_gmt":"2017-10-18T22:00:00","guid":{"rendered":"https:\/\/www.abrilabogados.com\/noticias\/expansion-ignacio-temino-la-cara-oscura-de-los-dominios-de-internet-con-emoticonos\/"},"modified":"2026-04-23T21:29:12","modified_gmt":"2026-04-23T19:29:12","slug":"expansion-ignacio-temino-la-cara-oscura-de-los-dominios-de-internet-con-emoticonos","status":"publish","type":"post","link":"https:\/\/www.abrilabogados.com\/en\/noticias\/expansion-ignacio-temino-la-cara-oscura-de-los-dominios-de-internet-con-emoticonos\/","title":{"rendered":"Expansi\u00f3n, Ignacio Temi\u00f1o: la cara oscura de los dominios de Internet con emoticonos"},"content":{"rendered":"<p>Ignacio Temi\u00f1o, socio director de Abril Abogados, destaca que, aunque el Icann siempre ha tenido una pol\u00edtica expansiva para evitar el colapso de peticiones de dominios, en este caso, observa un claro problema de seguridad jur\u00eddica.\u00a0<!--more--><\/p>\n<p>Link <a href=\"http:\/\/www.expansion.com\/juridico\/actualidad-tendencias\/2017\/10\/19\/59e8e529268e3e2d4b8b45ec.html\">aqu\u00ed<\/a>.<\/p>\n","protected":false},"excerpt":{"rendered":"<p>Ignacio Temi\u00f1o, socio director de Abril Abogados, destaca que, aunque el Icann siempre ha tenido una pol\u00edtica expansiva para evitar el colapso de peticiones de dominios, en este caso, observa&#8230;<\/p>\n","protected":false},"author":1,"featured_media":0,"comment_status":"closed","ping_status":"closed","sticky":false,"template":"","format":"standard","meta":{"_acf_changed":false,"footnotes":""},"categories":[23],"tags":[],"sector_noticias":[],"class_list":{"0":"post-3008","1":"post","2":"type-post","3":"status-publish","4":"format-standard","6":"category-articles-press"},"acf":[],"yoast_head":"<!-- This site is optimized with the Yoast SEO plugin v26.4 - https:\/\/yoast.com\/wordpress\/plugins\/seo\/ -->\n<title>Expansi\u00f3n, Ignacio Temi\u00f1o: la cara oscura de los dominios de Internet con emoticonos - Abril Abogados<\/title>\n<meta name=\"robots\" content=\"index, follow, max-snippet:-1, max-image-preview:large, max-video-preview:-1\" \/>\n<link rel=\"canonical\" href=\"https:\/\/www.abrilabogados.com\/en\/noticias\/expansion-ignacio-temino-la-cara-oscura-de-los-dominios-de-internet-con-emoticonos\/\" \/>\n<meta property=\"og:locale\" content=\"en_US\" \/>\n<meta property=\"og:type\" content=\"article\" \/>\n<meta property=\"og:title\" content=\"Expansi\u00f3n, Ignacio Temi\u00f1o: la cara oscura de los dominios de Internet con emoticonos - Abril Abogados\" \/>\n<meta property=\"og:description\" content=\"Ignacio Temi\u00f1o, socio director de Abril Abogados, destaca que, aunque el Icann siempre ha tenido una pol\u00edtica expansiva para evitar el colapso de peticiones de dominios, en este caso, observa...\" \/>\n<meta property=\"og:url\" content=\"https:\/\/www.abrilabogados.com\/en\/noticias\/expansion-ignacio-temino-la-cara-oscura-de-los-dominios-de-internet-con-emoticonos\/\" \/>\n<meta property=\"og:site_name\" content=\"Abril Abogados\" \/>\n<meta property=\"article:published_time\" content=\"2017-10-18T22:00:00+00:00\" \/>\n<meta property=\"article:modified_time\" content=\"2026-04-23T19:29:12+00:00\" \/>\n<meta name=\"author\" content=\"admin\" \/>\n<meta name=\"twitter:card\" content=\"summary_large_image\" \/>\n<meta name=\"twitter:label1\" content=\"Written by\" \/>\n\t<meta name=\"twitter:data1\" content=\"admin\" \/>\n<script type=\"application\/ld+json\" class=\"yoast-schema-graph\">{\"@context\":\"https:\/\/schema.org\",\"@graph\":[{\"@type\":\"WebPage\",\"@id\":\"https:\/\/www.abrilabogados.com\/en\/noticias\/expansion-ignacio-temino-la-cara-oscura-de-los-dominios-de-internet-con-emoticonos\/\",\"url\":\"https:\/\/www.abrilabogados.com\/en\/noticias\/expansion-ignacio-temino-la-cara-oscura-de-los-dominios-de-internet-con-emoticonos\/\",\"name\":\"Expansi\u00f3n, Ignacio Temi\u00f1o: la cara oscura de los dominios de Internet con emoticonos - Abril Abogados\",\"isPartOf\":{\"@id\":\"https:\/\/www.abrilabogados.com\/en\/#website\"},\"datePublished\":\"2017-10-18T22:00:00+00:00\",\"dateModified\":\"2026-04-23T19:29:12+00:00\",\"author\":{\"@id\":\"https:\/\/www.abrilabogados.com\/en\/#\/schema\/person\/750a358f28e46d5003b31222bddd9ed8\"},\"breadcrumb\":{\"@id\":\"https:\/\/www.abrilabogados.com\/en\/noticias\/expansion-ignacio-temino-la-cara-oscura-de-los-dominios-de-internet-con-emoticonos\/#breadcrumb\"},\"inLanguage\":\"en-US\",\"potentialAction\":[{\"@type\":\"ReadAction\",\"target\":[\"https:\/\/www.abrilabogados.com\/en\/noticias\/expansion-ignacio-temino-la-cara-oscura-de-los-dominios-de-internet-con-emoticonos\/\"]}]},{\"@type\":\"BreadcrumbList\",\"@id\":\"https:\/\/www.abrilabogados.com\/en\/noticias\/expansion-ignacio-temino-la-cara-oscura-de-los-dominios-de-internet-con-emoticonos\/#breadcrumb\",\"itemListElement\":[{\"@type\":\"ListItem\",\"position\":1,\"name\":\"Abril Abogados News\",\"item\":\"\/en\/noticias\/\"},{\"@type\":\"ListItem\",\"position\":2,\"name\":\"Expansi\u00f3n, Ignacio Temi\u00f1o: la cara oscura de los dominios de Internet con emoticonos\"}]},{\"@type\":\"WebSite\",\"@id\":\"https:\/\/www.abrilabogados.com\/en\/#website\",\"url\":\"https:\/\/www.abrilabogados.com\/en\/\",\"name\":\"Abril Abogados\",\"description\":\"\",\"potentialAction\":[{\"@type\":\"SearchAction\",\"target\":{\"@type\":\"EntryPoint\",\"urlTemplate\":\"https:\/\/www.abrilabogados.com\/en\/?s={search_term_string}\"},\"query-input\":{\"@type\":\"PropertyValueSpecification\",\"valueRequired\":true,\"valueName\":\"search_term_string\"}}],\"inLanguage\":\"en-US\"},{\"@type\":\"Person\",\"@id\":\"https:\/\/www.abrilabogados.com\/en\/#\/schema\/person\/750a358f28e46d5003b31222bddd9ed8\",\"name\":\"admin\",\"image\":{\"@type\":\"ImageObject\",\"inLanguage\":\"en-US\",\"@id\":\"https:\/\/www.abrilabogados.com\/en\/#\/schema\/person\/image\/\",\"url\":\"https:\/\/secure.gravatar.com\/avatar\/52d6bc19e862502e6ff2f700f23c607b54491a2d4a05fc0f2a79b8077f4bc25c?s=96&d=mm&r=g\",\"contentUrl\":\"https:\/\/secure.gravatar.com\/avatar\/52d6bc19e862502e6ff2f700f23c607b54491a2d4a05fc0f2a79b8077f4bc25c?s=96&d=mm&r=g\",\"caption\":\"admin\"},\"sameAs\":[\"https:\/\/www.abrilabogados.com\"],\"url\":\"https:\/\/www.abrilabogados.com\/en\/noticias\/author\/charly_wpadmin\/\"}]}<\/script>\n<!-- \/ Yoast SEO plugin. -->","yoast_head_json":{"title":"Expansi\u00f3n, Ignacio Temi\u00f1o: la cara oscura de los dominios de Internet con emoticonos - Abril Abogados","robots":{"index":"index","follow":"follow","max-snippet":"max-snippet:-1","max-image-preview":"max-image-preview:large","max-video-preview":"max-video-preview:-1"},"canonical":"https:\/\/www.abrilabogados.com\/en\/noticias\/expansion-ignacio-temino-la-cara-oscura-de-los-dominios-de-internet-con-emoticonos\/","og_locale":"en_US","og_type":"article","og_title":"Expansi\u00f3n, Ignacio Temi\u00f1o: la cara oscura de los dominios de Internet con emoticonos - Abril Abogados","og_description":"Ignacio Temi\u00f1o, socio director de Abril Abogados, destaca que, aunque el Icann siempre ha tenido una pol\u00edtica expansiva para evitar el colapso de peticiones de dominios, en este caso, observa...","og_url":"https:\/\/www.abrilabogados.com\/en\/noticias\/expansion-ignacio-temino-la-cara-oscura-de-los-dominios-de-internet-con-emoticonos\/","og_site_name":"Abril Abogados","article_published_time":"2017-10-18T22:00:00+00:00","article_modified_time":"2026-04-23T19:29:12+00:00","author":"admin","twitter_card":"summary_large_image","twitter_misc":{"Written by":"admin"},"schema":{"@context":"https:\/\/schema.org","@graph":[{"@type":"WebPage","@id":"https:\/\/www.abrilabogados.com\/en\/noticias\/expansion-ignacio-temino-la-cara-oscura-de-los-dominios-de-internet-con-emoticonos\/","url":"https:\/\/www.abrilabogados.com\/en\/noticias\/expansion-ignacio-temino-la-cara-oscura-de-los-dominios-de-internet-con-emoticonos\/","name":"Expansi\u00f3n, Ignacio Temi\u00f1o: la cara oscura de los dominios de Internet con emoticonos - Abril Abogados","isPartOf":{"@id":"https:\/\/www.abrilabogados.com\/en\/#website"},"datePublished":"2017-10-18T22:00:00+00:00","dateModified":"2026-04-23T19:29:12+00:00","author":{"@id":"https:\/\/www.abrilabogados.com\/en\/#\/schema\/person\/750a358f28e46d5003b31222bddd9ed8"},"breadcrumb":{"@id":"https:\/\/www.abrilabogados.com\/en\/noticias\/expansion-ignacio-temino-la-cara-oscura-de-los-dominios-de-internet-con-emoticonos\/#breadcrumb"},"inLanguage":"en-US","potentialAction":[{"@type":"ReadAction","target":["https:\/\/www.abrilabogados.com\/en\/noticias\/expansion-ignacio-temino-la-cara-oscura-de-los-dominios-de-internet-con-emoticonos\/"]}]},{"@type":"BreadcrumbList","@id":"https:\/\/www.abrilabogados.com\/en\/noticias\/expansion-ignacio-temino-la-cara-oscura-de-los-dominios-de-internet-con-emoticonos\/#breadcrumb","itemListElement":[{"@type":"ListItem","position":1,"name":"Abril Abogados News","item":"\/en\/noticias\/"},{"@type":"ListItem","position":2,"name":"Expansi\u00f3n, Ignacio Temi\u00f1o: la cara oscura de los dominios de Internet con emoticonos"}]},{"@type":"WebSite","@id":"https:\/\/www.abrilabogados.com\/en\/#website","url":"https:\/\/www.abrilabogados.com\/en\/","name":"Abril Abogados","description":"","potentialAction":[{"@type":"SearchAction","target":{"@type":"EntryPoint","urlTemplate":"https:\/\/www.abrilabogados.com\/en\/?s={search_term_string}"},"query-input":{"@type":"PropertyValueSpecification","valueRequired":true,"valueName":"search_term_string"}}],"inLanguage":"en-US"},{"@type":"Person","@id":"https:\/\/www.abrilabogados.com\/en\/#\/schema\/person\/750a358f28e46d5003b31222bddd9ed8","name":"admin","image":{"@type":"ImageObject","inLanguage":"en-US","@id":"https:\/\/www.abrilabogados.com\/en\/#\/schema\/person\/image\/","url":"https:\/\/secure.gravatar.com\/avatar\/52d6bc19e862502e6ff2f700f23c607b54491a2d4a05fc0f2a79b8077f4bc25c?s=96&d=mm&r=g","contentUrl":"https:\/\/secure.gravatar.com\/avatar\/52d6bc19e862502e6ff2f700f23c607b54491a2d4a05fc0f2a79b8077f4bc25c?s=96&d=mm&r=g","caption":"admin"},"sameAs":["https:\/\/www.abrilabogados.com"],"url":"https:\/\/www.abrilabogados.com\/en\/noticias\/author\/charly_wpadmin\/"}]}},"_links":{"self":[{"href":"https:\/\/www.abrilabogados.com\/en\/wp-json\/wp\/v2\/posts\/3008","targetHints":{"allow":["GET"]}}],"collection":[{"href":"https:\/\/www.abrilabogados.com\/en\/wp-json\/wp\/v2\/posts"}],"about":[{"href":"https:\/\/www.abrilabogados.com\/en\/wp-json\/wp\/v2\/types\/post"}],"author":[{"embeddable":true,"href":"https:\/\/www.abrilabogados.com\/en\/wp-json\/wp\/v2\/users\/1"}],"replies":[{"embeddable":true,"href":"https:\/\/www.abrilabogados.com\/en\/wp-json\/wp\/v2\/comments?post=3008"}],"version-history":[{"count":1,"href":"https:\/\/www.abrilabogados.com\/en\/wp-json\/wp\/v2\/posts\/3008\/revisions"}],"predecessor-version":[{"id":3363,"href":"https:\/\/www.abrilabogados.com\/en\/wp-json\/wp\/v2\/posts\/3008\/revisions\/3363"}],"wp:attachment":[{"href":"https:\/\/www.abrilabogados.com\/en\/wp-json\/wp\/v2\/media?parent=3008"}],"wp:term":[{"taxonomy":"category","embeddable":true,"href":"https:\/\/www.abrilabogados.com\/en\/wp-json\/wp\/v2\/categories?post=3008"},{"taxonomy":"post_tag","embeddable":true,"href":"https:\/\/www.abrilabogados.com\/en\/wp-json\/wp\/v2\/tags?post=3008"},{"taxonomy":"sector_noticias","embeddable":true,"href":"https:\/\/www.abrilabogados.com\/en\/wp-json\/wp\/v2\/sector_noticias?post=3008"}],"curies":[{"name":"wp","href":"https:\/\/api.w.org\/{rel}","templated":true}]}}