{"id":3011,"date":"2017-10-10T00:00:00","date_gmt":"2017-10-09T22:00:00","guid":{"rendered":"https:\/\/www.abrilabogados.com\/noticias\/la-razon-jorge-oria-cambios-en-la-solicitud-registro-y-tramite-de-marcas\/"},"modified":"2026-04-23T21:29:12","modified_gmt":"2026-04-23T19:29:12","slug":"la-razon-jorge-oria-cambios-en-la-solicitud-registro-y-tramite-de-marcas","status":"publish","type":"post","link":"https:\/\/www.abrilabogados.com\/en\/noticias\/la-razon-jorge-oria-cambios-en-la-solicitud-registro-y-tramite-de-marcas\/","title":{"rendered":"La Raz\u00f3n: Jorge Oria, &#8220;Cambios en la solicitud, registro y tr\u00e1mite de marcas&#8221;"},"content":{"rendered":"<p>El derecho que otorga la marca registrada (la facultad exclusiva de prohibir a terceros el uso en el tr\u00e1fico econ\u00f3mico de un signo id\u00e9ntico o similar al propio para productos o servicios id\u00e9nticos o similares) est\u00e1 protegido en la Uni\u00f3n Europea en dos planos territoriales que se solapan: el nacional y el de la Uni\u00f3n.<!--more--><\/p>\n<p>Dadas sus evidentes implicaciones en la libre circulaci\u00f3n de mercanc\u00edas y libertad de establecimiento, en las \u00faltimas d\u00e9cadas se ha producido una armonizaci\u00f3n legislativa en la legislaci\u00f3n marcaria que ha permitido que, con matices, las leyes de marcas de los 28 estados miembros sean en la pr\u00e1ctica muy parecidas.<\/p>\n<p>Link <a href=\"https:\/\/www.larazon.es\/damesuplementos\/Otros\/2017-10-10_Justicia\/files\/assets\/basic-html\/page-1.html#\">aqu\u00ed<\/a>.<\/p>\n","protected":false},"excerpt":{"rendered":"<p>El derecho que otorga la marca registrada (la facultad exclusiva de prohibir a terceros el uso en el tr\u00e1fico econ\u00f3mico de un signo id\u00e9ntico o similar al propio para productos&#8230;<\/p>\n","protected":false},"author":1,"featured_media":0,"comment_status":"closed","ping_status":"closed","sticky":false,"template":"","format":"standard","meta":{"_acf_changed":false,"footnotes":""},"categories":[23],"tags":[],"sector_noticias":[],"class_list":{"0":"post-3011","1":"post","2":"type-post","3":"status-publish","4":"format-standard","6":"category-articles-press"},"acf":[],"yoast_head":"<!-- This site is optimized with the Yoast SEO plugin v26.4 - https:\/\/yoast.com\/wordpress\/plugins\/seo\/ -->\n<title>La Raz\u00f3n: Jorge Oria, &quot;Cambios en la solicitud, registro y tr\u00e1mite de marcas&quot; - Abril Abogados<\/title>\n<meta name=\"robots\" content=\"index, follow, max-snippet:-1, max-image-preview:large, max-video-preview:-1\" \/>\n<link rel=\"canonical\" href=\"https:\/\/www.abrilabogados.com\/en\/noticias\/la-razon-jorge-oria-cambios-en-la-solicitud-registro-y-tramite-de-marcas\/\" \/>\n<meta property=\"og:locale\" content=\"en_US\" \/>\n<meta property=\"og:type\" content=\"article\" \/>\n<meta property=\"og:title\" content=\"La Raz\u00f3n: Jorge Oria, &quot;Cambios en la solicitud, registro y tr\u00e1mite de marcas&quot; - Abril Abogados\" \/>\n<meta property=\"og:description\" content=\"El derecho que otorga la marca registrada (la facultad exclusiva de prohibir a terceros el uso en el tr\u00e1fico econ\u00f3mico de un signo id\u00e9ntico o similar al propio para productos...\" \/>\n<meta property=\"og:url\" content=\"https:\/\/www.abrilabogados.com\/en\/noticias\/la-razon-jorge-oria-cambios-en-la-solicitud-registro-y-tramite-de-marcas\/\" \/>\n<meta property=\"og:site_name\" content=\"Abril Abogados\" \/>\n<meta property=\"article:published_time\" content=\"2017-10-09T22:00:00+00:00\" \/>\n<meta property=\"article:modified_time\" content=\"2026-04-23T19:29:12+00:00\" \/>\n<meta name=\"author\" content=\"admin\" \/>\n<meta name=\"twitter:card\" content=\"summary_large_image\" \/>\n<meta name=\"twitter:label1\" content=\"Written by\" \/>\n\t<meta name=\"twitter:data1\" content=\"admin\" \/>\n\t<meta name=\"twitter:label2\" content=\"Est. reading time\" \/>\n\t<meta name=\"twitter:data2\" content=\"1 minute\" \/>\n<script type=\"application\/ld+json\" class=\"yoast-schema-graph\">{\"@context\":\"https:\/\/schema.org\",\"@graph\":[{\"@type\":\"WebPage\",\"@id\":\"https:\/\/www.abrilabogados.com\/en\/noticias\/la-razon-jorge-oria-cambios-en-la-solicitud-registro-y-tramite-de-marcas\/\",\"url\":\"https:\/\/www.abrilabogados.com\/en\/noticias\/la-razon-jorge-oria-cambios-en-la-solicitud-registro-y-tramite-de-marcas\/\",\"name\":\"La Raz\u00f3n: Jorge Oria, \\\"Cambios en la solicitud, registro y tr\u00e1mite de marcas\\\" - Abril Abogados\",\"isPartOf\":{\"@id\":\"https:\/\/www.abrilabogados.com\/en\/#website\"},\"datePublished\":\"2017-10-09T22:00:00+00:00\",\"dateModified\":\"2026-04-23T19:29:12+00:00\",\"author\":{\"@id\":\"https:\/\/www.abrilabogados.com\/en\/#\/schema\/person\/750a358f28e46d5003b31222bddd9ed8\"},\"breadcrumb\":{\"@id\":\"https:\/\/www.abrilabogados.com\/en\/noticias\/la-razon-jorge-oria-cambios-en-la-solicitud-registro-y-tramite-de-marcas\/#breadcrumb\"},\"inLanguage\":\"en-US\",\"potentialAction\":[{\"@type\":\"ReadAction\",\"target\":[\"https:\/\/www.abrilabogados.com\/en\/noticias\/la-razon-jorge-oria-cambios-en-la-solicitud-registro-y-tramite-de-marcas\/\"]}]},{\"@type\":\"BreadcrumbList\",\"@id\":\"https:\/\/www.abrilabogados.com\/en\/noticias\/la-razon-jorge-oria-cambios-en-la-solicitud-registro-y-tramite-de-marcas\/#breadcrumb\",\"itemListElement\":[{\"@type\":\"ListItem\",\"position\":1,\"name\":\"Abril Abogados News\",\"item\":\"\/en\/noticias\/\"},{\"@type\":\"ListItem\",\"position\":2,\"name\":\"La Raz\u00f3n: Jorge Oria, &#8220;Cambios en la solicitud, registro y tr\u00e1mite de marcas&#8221;\"}]},{\"@type\":\"WebSite\",\"@id\":\"https:\/\/www.abrilabogados.com\/en\/#website\",\"url\":\"https:\/\/www.abrilabogados.com\/en\/\",\"name\":\"Abril Abogados\",\"description\":\"\",\"potentialAction\":[{\"@type\":\"SearchAction\",\"target\":{\"@type\":\"EntryPoint\",\"urlTemplate\":\"https:\/\/www.abrilabogados.com\/en\/?s={search_term_string}\"},\"query-input\":{\"@type\":\"PropertyValueSpecification\",\"valueRequired\":true,\"valueName\":\"search_term_string\"}}],\"inLanguage\":\"en-US\"},{\"@type\":\"Person\",\"@id\":\"https:\/\/www.abrilabogados.com\/en\/#\/schema\/person\/750a358f28e46d5003b31222bddd9ed8\",\"name\":\"admin\",\"image\":{\"@type\":\"ImageObject\",\"inLanguage\":\"en-US\",\"@id\":\"https:\/\/www.abrilabogados.com\/en\/#\/schema\/person\/image\/\",\"url\":\"https:\/\/secure.gravatar.com\/avatar\/52d6bc19e862502e6ff2f700f23c607b54491a2d4a05fc0f2a79b8077f4bc25c?s=96&d=mm&r=g\",\"contentUrl\":\"https:\/\/secure.gravatar.com\/avatar\/52d6bc19e862502e6ff2f700f23c607b54491a2d4a05fc0f2a79b8077f4bc25c?s=96&d=mm&r=g\",\"caption\":\"admin\"},\"sameAs\":[\"https:\/\/www.abrilabogados.com\"],\"url\":\"https:\/\/www.abrilabogados.com\/en\/noticias\/author\/charly_wpadmin\/\"}]}<\/script>\n<!-- \/ Yoast SEO plugin. -->","yoast_head_json":{"title":"La Raz\u00f3n: Jorge Oria, \"Cambios en la solicitud, registro y tr\u00e1mite de marcas\" - Abril Abogados","robots":{"index":"index","follow":"follow","max-snippet":"max-snippet:-1","max-image-preview":"max-image-preview:large","max-video-preview":"max-video-preview:-1"},"canonical":"https:\/\/www.abrilabogados.com\/en\/noticias\/la-razon-jorge-oria-cambios-en-la-solicitud-registro-y-tramite-de-marcas\/","og_locale":"en_US","og_type":"article","og_title":"La Raz\u00f3n: Jorge Oria, \"Cambios en la solicitud, registro y tr\u00e1mite de marcas\" - Abril Abogados","og_description":"El derecho que otorga la marca registrada (la facultad exclusiva de prohibir a terceros el uso en el tr\u00e1fico econ\u00f3mico de un signo id\u00e9ntico o similar al propio para productos...","og_url":"https:\/\/www.abrilabogados.com\/en\/noticias\/la-razon-jorge-oria-cambios-en-la-solicitud-registro-y-tramite-de-marcas\/","og_site_name":"Abril Abogados","article_published_time":"2017-10-09T22:00:00+00:00","article_modified_time":"2026-04-23T19:29:12+00:00","author":"admin","twitter_card":"summary_large_image","twitter_misc":{"Written by":"admin","Est. reading time":"1 minute"},"schema":{"@context":"https:\/\/schema.org","@graph":[{"@type":"WebPage","@id":"https:\/\/www.abrilabogados.com\/en\/noticias\/la-razon-jorge-oria-cambios-en-la-solicitud-registro-y-tramite-de-marcas\/","url":"https:\/\/www.abrilabogados.com\/en\/noticias\/la-razon-jorge-oria-cambios-en-la-solicitud-registro-y-tramite-de-marcas\/","name":"La Raz\u00f3n: Jorge Oria, \"Cambios en la solicitud, registro y tr\u00e1mite de marcas\" - Abril Abogados","isPartOf":{"@id":"https:\/\/www.abrilabogados.com\/en\/#website"},"datePublished":"2017-10-09T22:00:00+00:00","dateModified":"2026-04-23T19:29:12+00:00","author":{"@id":"https:\/\/www.abrilabogados.com\/en\/#\/schema\/person\/750a358f28e46d5003b31222bddd9ed8"},"breadcrumb":{"@id":"https:\/\/www.abrilabogados.com\/en\/noticias\/la-razon-jorge-oria-cambios-en-la-solicitud-registro-y-tramite-de-marcas\/#breadcrumb"},"inLanguage":"en-US","potentialAction":[{"@type":"ReadAction","target":["https:\/\/www.abrilabogados.com\/en\/noticias\/la-razon-jorge-oria-cambios-en-la-solicitud-registro-y-tramite-de-marcas\/"]}]},{"@type":"BreadcrumbList","@id":"https:\/\/www.abrilabogados.com\/en\/noticias\/la-razon-jorge-oria-cambios-en-la-solicitud-registro-y-tramite-de-marcas\/#breadcrumb","itemListElement":[{"@type":"ListItem","position":1,"name":"Abril Abogados News","item":"\/en\/noticias\/"},{"@type":"ListItem","position":2,"name":"La Raz\u00f3n: Jorge Oria, &#8220;Cambios en la solicitud, registro y tr\u00e1mite de marcas&#8221;"}]},{"@type":"WebSite","@id":"https:\/\/www.abrilabogados.com\/en\/#website","url":"https:\/\/www.abrilabogados.com\/en\/","name":"Abril Abogados","description":"","potentialAction":[{"@type":"SearchAction","target":{"@type":"EntryPoint","urlTemplate":"https:\/\/www.abrilabogados.com\/en\/?s={search_term_string}"},"query-input":{"@type":"PropertyValueSpecification","valueRequired":true,"valueName":"search_term_string"}}],"inLanguage":"en-US"},{"@type":"Person","@id":"https:\/\/www.abrilabogados.com\/en\/#\/schema\/person\/750a358f28e46d5003b31222bddd9ed8","name":"admin","image":{"@type":"ImageObject","inLanguage":"en-US","@id":"https:\/\/www.abrilabogados.com\/en\/#\/schema\/person\/image\/","url":"https:\/\/secure.gravatar.com\/avatar\/52d6bc19e862502e6ff2f700f23c607b54491a2d4a05fc0f2a79b8077f4bc25c?s=96&d=mm&r=g","contentUrl":"https:\/\/secure.gravatar.com\/avatar\/52d6bc19e862502e6ff2f700f23c607b54491a2d4a05fc0f2a79b8077f4bc25c?s=96&d=mm&r=g","caption":"admin"},"sameAs":["https:\/\/www.abrilabogados.com"],"url":"https:\/\/www.abrilabogados.com\/en\/noticias\/author\/charly_wpadmin\/"}]}},"_links":{"self":[{"href":"https:\/\/www.abrilabogados.com\/en\/wp-json\/wp\/v2\/posts\/3011","targetHints":{"allow":["GET"]}}],"collection":[{"href":"https:\/\/www.abrilabogados.com\/en\/wp-json\/wp\/v2\/posts"}],"about":[{"href":"https:\/\/www.abrilabogados.com\/en\/wp-json\/wp\/v2\/types\/post"}],"author":[{"embeddable":true,"href":"https:\/\/www.abrilabogados.com\/en\/wp-json\/wp\/v2\/users\/1"}],"replies":[{"embeddable":true,"href":"https:\/\/www.abrilabogados.com\/en\/wp-json\/wp\/v2\/comments?post=3011"}],"version-history":[{"count":1,"href":"https:\/\/www.abrilabogados.com\/en\/wp-json\/wp\/v2\/posts\/3011\/revisions"}],"predecessor-version":[{"id":3364,"href":"https:\/\/www.abrilabogados.com\/en\/wp-json\/wp\/v2\/posts\/3011\/revisions\/3364"}],"wp:attachment":[{"href":"https:\/\/www.abrilabogados.com\/en\/wp-json\/wp\/v2\/media?parent=3011"}],"wp:term":[{"taxonomy":"category","embeddable":true,"href":"https:\/\/www.abrilabogados.com\/en\/wp-json\/wp\/v2\/categories?post=3011"},{"taxonomy":"post_tag","embeddable":true,"href":"https:\/\/www.abrilabogados.com\/en\/wp-json\/wp\/v2\/tags?post=3011"},{"taxonomy":"sector_noticias","embeddable":true,"href":"https:\/\/www.abrilabogados.com\/en\/wp-json\/wp\/v2\/sector_noticias?post=3011"}],"curies":[{"name":"wp","href":"https:\/\/api.w.org\/{rel}","templated":true}]}}