{"id":3023,"date":"2016-12-20T00:00:00","date_gmt":"2016-12-19T23:00:00","guid":{"rendered":"https:\/\/www.abrilabogados.com\/noticias\/ignacio-temino-in-cadena-ser-plagiarism-in-the-academic-field-a-growing-problem\/"},"modified":"2026-04-23T21:29:16","modified_gmt":"2026-04-23T19:29:16","slug":"ignacio-temino-in-cadena-ser-plagiarism-in-the-academic-field-a-growing-problem","status":"publish","type":"post","link":"https:\/\/www.abrilabogados.com\/en\/noticias\/ignacio-temino-in-cadena-ser-plagiarism-in-the-academic-field-a-growing-problem\/","title":{"rendered":"Ignacio Temi\u00f1o in Cadena Ser: Plagiarism in the academic field, a growing problem?"},"content":{"rendered":"<p>V\u00edctor G\u00f3mez, Rey Juan Carlos university student and president of the Rise-up student association recounts the mobilization of part of the student body in the face of the rector&#8217;s scandal.<br \/>\n<!--more--><\/p>\n<p>Ignacio Temi\u00f1o, expert lawyer in plagiarism, analyzes the legal regulation.<\/p>\n<p>Link <a href=\"https:\/\/play.cadenaser.com\/audio\/001RD010000004392667\/\">here<\/a>.<\/p>\n","protected":false},"excerpt":{"rendered":"<p>V\u00edctor G\u00f3mez, Rey Juan Carlos university student and president of the Rise-up student association recounts the mobilization of part of the student body in the face of the rector&#8217;s scandal.<\/p>\n","protected":false},"author":1,"featured_media":0,"comment_status":"closed","ping_status":"closed","sticky":false,"template":"","format":"standard","meta":{"_acf_changed":false,"footnotes":""},"categories":[23],"tags":[],"sector_noticias":[],"class_list":{"0":"post-3023","1":"post","2":"type-post","3":"status-publish","4":"format-standard","6":"category-articles-press"},"acf":[],"yoast_head":"<!-- This site is optimized with the Yoast SEO plugin v26.4 - https:\/\/yoast.com\/wordpress\/plugins\/seo\/ -->\n<title>Ignacio Temi\u00f1o in Cadena Ser: Plagiarism in the academic field, a growing problem? - Abril Abogados<\/title>\n<meta name=\"robots\" content=\"index, follow, max-snippet:-1, max-image-preview:large, max-video-preview:-1\" \/>\n<link rel=\"canonical\" href=\"https:\/\/www.abrilabogados.com\/en\/noticias\/ignacio-temino-in-cadena-ser-plagiarism-in-the-academic-field-a-growing-problem\/\" \/>\n<meta property=\"og:locale\" content=\"en_US\" \/>\n<meta property=\"og:type\" content=\"article\" \/>\n<meta property=\"og:title\" content=\"Ignacio Temi\u00f1o in Cadena Ser: Plagiarism in the academic field, a growing problem? - Abril Abogados\" \/>\n<meta property=\"og:description\" content=\"V\u00edctor G\u00f3mez, Rey Juan Carlos university student and president of the Rise-up student association recounts the mobilization of part of the student body in the face of the rector&#8217;s scandal.\" \/>\n<meta property=\"og:url\" content=\"https:\/\/www.abrilabogados.com\/en\/noticias\/ignacio-temino-in-cadena-ser-plagiarism-in-the-academic-field-a-growing-problem\/\" \/>\n<meta property=\"og:site_name\" content=\"Abril Abogados\" \/>\n<meta property=\"article:published_time\" content=\"2016-12-19T23:00:00+00:00\" \/>\n<meta property=\"article:modified_time\" content=\"2026-04-23T19:29:16+00:00\" \/>\n<meta name=\"author\" content=\"admin\" \/>\n<meta name=\"twitter:card\" content=\"summary_large_image\" \/>\n<meta name=\"twitter:label1\" content=\"Written by\" \/>\n\t<meta name=\"twitter:data1\" content=\"admin\" \/>\n<script type=\"application\/ld+json\" class=\"yoast-schema-graph\">{\"@context\":\"https:\/\/schema.org\",\"@graph\":[{\"@type\":\"WebPage\",\"@id\":\"https:\/\/www.abrilabogados.com\/en\/noticias\/ignacio-temino-in-cadena-ser-plagiarism-in-the-academic-field-a-growing-problem\/\",\"url\":\"https:\/\/www.abrilabogados.com\/en\/noticias\/ignacio-temino-in-cadena-ser-plagiarism-in-the-academic-field-a-growing-problem\/\",\"name\":\"Ignacio Temi\u00f1o in Cadena Ser: Plagiarism in the academic field, a growing problem? - Abril Abogados\",\"isPartOf\":{\"@id\":\"https:\/\/www.abrilabogados.com\/en\/#website\"},\"datePublished\":\"2016-12-19T23:00:00+00:00\",\"dateModified\":\"2026-04-23T19:29:16+00:00\",\"author\":{\"@id\":\"https:\/\/www.abrilabogados.com\/en\/#\/schema\/person\/750a358f28e46d5003b31222bddd9ed8\"},\"breadcrumb\":{\"@id\":\"https:\/\/www.abrilabogados.com\/en\/noticias\/ignacio-temino-in-cadena-ser-plagiarism-in-the-academic-field-a-growing-problem\/#breadcrumb\"},\"inLanguage\":\"en-US\",\"potentialAction\":[{\"@type\":\"ReadAction\",\"target\":[\"https:\/\/www.abrilabogados.com\/en\/noticias\/ignacio-temino-in-cadena-ser-plagiarism-in-the-academic-field-a-growing-problem\/\"]}]},{\"@type\":\"BreadcrumbList\",\"@id\":\"https:\/\/www.abrilabogados.com\/en\/noticias\/ignacio-temino-in-cadena-ser-plagiarism-in-the-academic-field-a-growing-problem\/#breadcrumb\",\"itemListElement\":[{\"@type\":\"ListItem\",\"position\":1,\"name\":\"Abril Abogados News\",\"item\":\"\/en\/noticias\/\"},{\"@type\":\"ListItem\",\"position\":2,\"name\":\"Ignacio Temi\u00f1o in Cadena Ser: Plagiarism in the academic field, a growing problem?\"}]},{\"@type\":\"WebSite\",\"@id\":\"https:\/\/www.abrilabogados.com\/en\/#website\",\"url\":\"https:\/\/www.abrilabogados.com\/en\/\",\"name\":\"Abril Abogados\",\"description\":\"\",\"potentialAction\":[{\"@type\":\"SearchAction\",\"target\":{\"@type\":\"EntryPoint\",\"urlTemplate\":\"https:\/\/www.abrilabogados.com\/en\/?s={search_term_string}\"},\"query-input\":{\"@type\":\"PropertyValueSpecification\",\"valueRequired\":true,\"valueName\":\"search_term_string\"}}],\"inLanguage\":\"en-US\"},{\"@type\":\"Person\",\"@id\":\"https:\/\/www.abrilabogados.com\/en\/#\/schema\/person\/750a358f28e46d5003b31222bddd9ed8\",\"name\":\"admin\",\"image\":{\"@type\":\"ImageObject\",\"inLanguage\":\"en-US\",\"@id\":\"https:\/\/www.abrilabogados.com\/en\/#\/schema\/person\/image\/\",\"url\":\"https:\/\/secure.gravatar.com\/avatar\/52d6bc19e862502e6ff2f700f23c607b54491a2d4a05fc0f2a79b8077f4bc25c?s=96&d=mm&r=g\",\"contentUrl\":\"https:\/\/secure.gravatar.com\/avatar\/52d6bc19e862502e6ff2f700f23c607b54491a2d4a05fc0f2a79b8077f4bc25c?s=96&d=mm&r=g\",\"caption\":\"admin\"},\"sameAs\":[\"https:\/\/www.abrilabogados.com\"],\"url\":\"https:\/\/www.abrilabogados.com\/en\/noticias\/author\/charly_wpadmin\/\"}]}<\/script>\n<!-- \/ Yoast SEO plugin. -->","yoast_head_json":{"title":"Ignacio Temi\u00f1o in Cadena Ser: Plagiarism in the academic field, a growing problem? - Abril Abogados","robots":{"index":"index","follow":"follow","max-snippet":"max-snippet:-1","max-image-preview":"max-image-preview:large","max-video-preview":"max-video-preview:-1"},"canonical":"https:\/\/www.abrilabogados.com\/en\/noticias\/ignacio-temino-in-cadena-ser-plagiarism-in-the-academic-field-a-growing-problem\/","og_locale":"en_US","og_type":"article","og_title":"Ignacio Temi\u00f1o in Cadena Ser: Plagiarism in the academic field, a growing problem? - Abril Abogados","og_description":"V\u00edctor G\u00f3mez, Rey Juan Carlos university student and president of the Rise-up student association recounts the mobilization of part of the student body in the face of the rector&#8217;s scandal.","og_url":"https:\/\/www.abrilabogados.com\/en\/noticias\/ignacio-temino-in-cadena-ser-plagiarism-in-the-academic-field-a-growing-problem\/","og_site_name":"Abril Abogados","article_published_time":"2016-12-19T23:00:00+00:00","article_modified_time":"2026-04-23T19:29:16+00:00","author":"admin","twitter_card":"summary_large_image","twitter_misc":{"Written by":"admin"},"schema":{"@context":"https:\/\/schema.org","@graph":[{"@type":"WebPage","@id":"https:\/\/www.abrilabogados.com\/en\/noticias\/ignacio-temino-in-cadena-ser-plagiarism-in-the-academic-field-a-growing-problem\/","url":"https:\/\/www.abrilabogados.com\/en\/noticias\/ignacio-temino-in-cadena-ser-plagiarism-in-the-academic-field-a-growing-problem\/","name":"Ignacio Temi\u00f1o in Cadena Ser: Plagiarism in the academic field, a growing problem? - Abril Abogados","isPartOf":{"@id":"https:\/\/www.abrilabogados.com\/en\/#website"},"datePublished":"2016-12-19T23:00:00+00:00","dateModified":"2026-04-23T19:29:16+00:00","author":{"@id":"https:\/\/www.abrilabogados.com\/en\/#\/schema\/person\/750a358f28e46d5003b31222bddd9ed8"},"breadcrumb":{"@id":"https:\/\/www.abrilabogados.com\/en\/noticias\/ignacio-temino-in-cadena-ser-plagiarism-in-the-academic-field-a-growing-problem\/#breadcrumb"},"inLanguage":"en-US","potentialAction":[{"@type":"ReadAction","target":["https:\/\/www.abrilabogados.com\/en\/noticias\/ignacio-temino-in-cadena-ser-plagiarism-in-the-academic-field-a-growing-problem\/"]}]},{"@type":"BreadcrumbList","@id":"https:\/\/www.abrilabogados.com\/en\/noticias\/ignacio-temino-in-cadena-ser-plagiarism-in-the-academic-field-a-growing-problem\/#breadcrumb","itemListElement":[{"@type":"ListItem","position":1,"name":"Abril Abogados News","item":"\/en\/noticias\/"},{"@type":"ListItem","position":2,"name":"Ignacio Temi\u00f1o in Cadena Ser: Plagiarism in the academic field, a growing problem?"}]},{"@type":"WebSite","@id":"https:\/\/www.abrilabogados.com\/en\/#website","url":"https:\/\/www.abrilabogados.com\/en\/","name":"Abril Abogados","description":"","potentialAction":[{"@type":"SearchAction","target":{"@type":"EntryPoint","urlTemplate":"https:\/\/www.abrilabogados.com\/en\/?s={search_term_string}"},"query-input":{"@type":"PropertyValueSpecification","valueRequired":true,"valueName":"search_term_string"}}],"inLanguage":"en-US"},{"@type":"Person","@id":"https:\/\/www.abrilabogados.com\/en\/#\/schema\/person\/750a358f28e46d5003b31222bddd9ed8","name":"admin","image":{"@type":"ImageObject","inLanguage":"en-US","@id":"https:\/\/www.abrilabogados.com\/en\/#\/schema\/person\/image\/","url":"https:\/\/secure.gravatar.com\/avatar\/52d6bc19e862502e6ff2f700f23c607b54491a2d4a05fc0f2a79b8077f4bc25c?s=96&d=mm&r=g","contentUrl":"https:\/\/secure.gravatar.com\/avatar\/52d6bc19e862502e6ff2f700f23c607b54491a2d4a05fc0f2a79b8077f4bc25c?s=96&d=mm&r=g","caption":"admin"},"sameAs":["https:\/\/www.abrilabogados.com"],"url":"https:\/\/www.abrilabogados.com\/en\/noticias\/author\/charly_wpadmin\/"}]}},"_links":{"self":[{"href":"https:\/\/www.abrilabogados.com\/en\/wp-json\/wp\/v2\/posts\/3023","targetHints":{"allow":["GET"]}}],"collection":[{"href":"https:\/\/www.abrilabogados.com\/en\/wp-json\/wp\/v2\/posts"}],"about":[{"href":"https:\/\/www.abrilabogados.com\/en\/wp-json\/wp\/v2\/types\/post"}],"author":[{"embeddable":true,"href":"https:\/\/www.abrilabogados.com\/en\/wp-json\/wp\/v2\/users\/1"}],"replies":[{"embeddable":true,"href":"https:\/\/www.abrilabogados.com\/en\/wp-json\/wp\/v2\/comments?post=3023"}],"version-history":[{"count":1,"href":"https:\/\/www.abrilabogados.com\/en\/wp-json\/wp\/v2\/posts\/3023\/revisions"}],"predecessor-version":[{"id":3372,"href":"https:\/\/www.abrilabogados.com\/en\/wp-json\/wp\/v2\/posts\/3023\/revisions\/3372"}],"wp:attachment":[{"href":"https:\/\/www.abrilabogados.com\/en\/wp-json\/wp\/v2\/media?parent=3023"}],"wp:term":[{"taxonomy":"category","embeddable":true,"href":"https:\/\/www.abrilabogados.com\/en\/wp-json\/wp\/v2\/categories?post=3023"},{"taxonomy":"post_tag","embeddable":true,"href":"https:\/\/www.abrilabogados.com\/en\/wp-json\/wp\/v2\/tags?post=3023"},{"taxonomy":"sector_noticias","embeddable":true,"href":"https:\/\/www.abrilabogados.com\/en\/wp-json\/wp\/v2\/sector_noticias?post=3023"}],"curies":[{"name":"wp","href":"https:\/\/api.w.org\/{rel}","templated":true}]}}