{"id":3058,"date":"2019-02-10T00:00:00","date_gmt":"2019-02-09T23:00:00","guid":{"rendered":"https:\/\/www.abrilabogados.com\/noticias\/baja-el-numero-de-solicitudes-de-patentes-en-espana-en-2018\/"},"modified":"2026-04-23T21:29:24","modified_gmt":"2026-04-23T19:29:24","slug":"baja-el-numero-de-solicitudes-de-patentes-en-espana-en-2018","status":"publish","type":"post","link":"https:\/\/www.abrilabogados.com\/en\/noticias\/baja-el-numero-de-solicitudes-de-patentes-en-espana-en-2018\/","title":{"rendered":"Baja el n\u00famero de solicitudes de patentes en Espa\u00f1a en 2018"},"content":{"rendered":"<p>Seg\u00fan datos adelantados por la\u00a0Oficina Espa\u00f1ola de Patentes y Marcas (OEPM), el n\u00famero de solicitudes de patentes nacionales en 2018 es de aproximadamente\u00a01.600 solicitudes (a\u00fan no hay un n\u00famero confirmado final), frente a las 2.286 de 2017.\u00a0<!--more--><\/p>\n<p>Esto significa que el n\u00famero de solicitudes ha sufrido una ca\u00edda de aproximadamente un 30% en 2018 respecto a los datos del a\u00f1o anterior.<\/p>\n<p>Esta ca\u00edda en el n\u00famero de solicitudes viene dada, entre otros, por dos razones principales derivadas de la entrada en vigor de la Ley 24\/2015, que son la eliminaci\u00f3n del denominado como \u201cprocedimiento general de concesi\u00f3n\u201d sin examen obligatorio, y el hecho de que Universidades y entes p\u00fablicos ya no est\u00e9n exentos del pago de tasas.<\/p>\n<p>Esta reducci\u00f3n en el n\u00famero de solicitudes de patentes en Espa\u00f1a se ve compensada m\u00ednimamente con un peque\u00f1o incremento en el n\u00famero de solicitudes de modelo de utilidad en 2018, con aproximadamente 2.700 solicitudes (a\u00fan no hay un n\u00famero confirmado final), respecto de los 2.438 solicitados en 2017.<\/p>\n<p>Como era de esperar, esta modalidad no se ha visto afectada como en el caso de las Patentes dado que los cambios introducidos en la Ley 24\/2015 no han sido tan relevantes; no obstante, es cierto que se esperaba que ese incremento hubiese sido m\u00e1s elevado.<\/p>\n<p>Cabe destacar que el hecho que la Ley 24\/2015 permita a los Modelos de Utilidad el tener la opci\u00f3n de solicitar una opini\u00f3n de patentabilidad por parte de la OEPM, hace que la solicitud de Modelo de Utilidad sea una opci\u00f3n muy recomendable como primer dep\u00f3sito de la invenci\u00f3n. Esta opci\u00f3n permite que los actuales Modelos de Utilidad puedan tener un derecho en firme m\u00e1s fuerte que el que se consegu\u00eda antiguamente con las patentes concedidas por el \u201cprocedimiento general de concesi\u00f3n\u201d, por tanto, es de esperar que el n\u00famero de solicitudes de Modelos de Utilidad se incremente en sucesivos a\u00f1os.<\/p>\n","protected":false},"excerpt":{"rendered":"<p>Seg\u00fan datos adelantados por la\u00a0Oficina Espa\u00f1ola de Patentes y Marcas (OEPM), el n\u00famero de solicitudes de patentes nacionales en 2018 es de aproximadamente\u00a01.600 solicitudes (a\u00fan no hay un n\u00famero confirmado&#8230;<\/p>\n","protected":false},"author":1,"featured_media":0,"comment_status":"closed","ping_status":"closed","sticky":false,"template":"","format":"standard","meta":{"_acf_changed":false,"footnotes":""},"categories":[25],"tags":[],"sector_noticias":[],"class_list":{"0":"post-3058","1":"post","2":"type-post","3":"status-publish","4":"format-standard","6":"category-news"},"acf":[],"yoast_head":"<!-- This site is optimized with the Yoast SEO plugin v26.4 - https:\/\/yoast.com\/wordpress\/plugins\/seo\/ -->\n<title>Baja el n\u00famero de solicitudes de patentes en Espa\u00f1a en 2018 - Abril Abogados<\/title>\n<meta name=\"robots\" content=\"index, follow, max-snippet:-1, max-image-preview:large, max-video-preview:-1\" \/>\n<link rel=\"canonical\" href=\"https:\/\/www.abrilabogados.com\/en\/noticias\/baja-el-numero-de-solicitudes-de-patentes-en-espana-en-2018\/\" \/>\n<meta property=\"og:locale\" content=\"en_US\" \/>\n<meta property=\"og:type\" content=\"article\" \/>\n<meta property=\"og:title\" content=\"Baja el n\u00famero de solicitudes de patentes en Espa\u00f1a en 2018 - Abril Abogados\" \/>\n<meta property=\"og:description\" content=\"Seg\u00fan datos adelantados por la\u00a0Oficina Espa\u00f1ola de Patentes y Marcas (OEPM), el n\u00famero de solicitudes de patentes nacionales en 2018 es de aproximadamente\u00a01.600 solicitudes (a\u00fan no hay un n\u00famero confirmado...\" \/>\n<meta property=\"og:url\" content=\"https:\/\/www.abrilabogados.com\/en\/noticias\/baja-el-numero-de-solicitudes-de-patentes-en-espana-en-2018\/\" \/>\n<meta property=\"og:site_name\" content=\"Abril Abogados\" \/>\n<meta property=\"article:published_time\" content=\"2019-02-09T23:00:00+00:00\" \/>\n<meta property=\"article:modified_time\" content=\"2026-04-23T19:29:24+00:00\" \/>\n<meta name=\"author\" content=\"admin\" \/>\n<meta name=\"twitter:card\" content=\"summary_large_image\" \/>\n<meta name=\"twitter:label1\" content=\"Written by\" \/>\n\t<meta name=\"twitter:data1\" content=\"admin\" \/>\n\t<meta name=\"twitter:label2\" content=\"Est. reading time\" \/>\n\t<meta name=\"twitter:data2\" content=\"2 minutes\" \/>\n<script type=\"application\/ld+json\" class=\"yoast-schema-graph\">{\"@context\":\"https:\/\/schema.org\",\"@graph\":[{\"@type\":\"WebPage\",\"@id\":\"https:\/\/www.abrilabogados.com\/en\/noticias\/baja-el-numero-de-solicitudes-de-patentes-en-espana-en-2018\/\",\"url\":\"https:\/\/www.abrilabogados.com\/en\/noticias\/baja-el-numero-de-solicitudes-de-patentes-en-espana-en-2018\/\",\"name\":\"Baja el n\u00famero de solicitudes de patentes en Espa\u00f1a en 2018 - Abril Abogados\",\"isPartOf\":{\"@id\":\"https:\/\/www.abrilabogados.com\/en\/#website\"},\"datePublished\":\"2019-02-09T23:00:00+00:00\",\"dateModified\":\"2026-04-23T19:29:24+00:00\",\"author\":{\"@id\":\"https:\/\/www.abrilabogados.com\/en\/#\/schema\/person\/750a358f28e46d5003b31222bddd9ed8\"},\"breadcrumb\":{\"@id\":\"https:\/\/www.abrilabogados.com\/en\/noticias\/baja-el-numero-de-solicitudes-de-patentes-en-espana-en-2018\/#breadcrumb\"},\"inLanguage\":\"en-US\",\"potentialAction\":[{\"@type\":\"ReadAction\",\"target\":[\"https:\/\/www.abrilabogados.com\/en\/noticias\/baja-el-numero-de-solicitudes-de-patentes-en-espana-en-2018\/\"]}]},{\"@type\":\"BreadcrumbList\",\"@id\":\"https:\/\/www.abrilabogados.com\/en\/noticias\/baja-el-numero-de-solicitudes-de-patentes-en-espana-en-2018\/#breadcrumb\",\"itemListElement\":[{\"@type\":\"ListItem\",\"position\":1,\"name\":\"Abril Abogados News\",\"item\":\"\/en\/noticias\/\"},{\"@type\":\"ListItem\",\"position\":2,\"name\":\"Baja el n\u00famero de solicitudes de patentes en Espa\u00f1a en 2018\"}]},{\"@type\":\"WebSite\",\"@id\":\"https:\/\/www.abrilabogados.com\/en\/#website\",\"url\":\"https:\/\/www.abrilabogados.com\/en\/\",\"name\":\"Abril Abogados\",\"description\":\"\",\"potentialAction\":[{\"@type\":\"SearchAction\",\"target\":{\"@type\":\"EntryPoint\",\"urlTemplate\":\"https:\/\/www.abrilabogados.com\/en\/?s={search_term_string}\"},\"query-input\":{\"@type\":\"PropertyValueSpecification\",\"valueRequired\":true,\"valueName\":\"search_term_string\"}}],\"inLanguage\":\"en-US\"},{\"@type\":\"Person\",\"@id\":\"https:\/\/www.abrilabogados.com\/en\/#\/schema\/person\/750a358f28e46d5003b31222bddd9ed8\",\"name\":\"admin\",\"image\":{\"@type\":\"ImageObject\",\"inLanguage\":\"en-US\",\"@id\":\"https:\/\/www.abrilabogados.com\/en\/#\/schema\/person\/image\/\",\"url\":\"https:\/\/secure.gravatar.com\/avatar\/52d6bc19e862502e6ff2f700f23c607b54491a2d4a05fc0f2a79b8077f4bc25c?s=96&d=mm&r=g\",\"contentUrl\":\"https:\/\/secure.gravatar.com\/avatar\/52d6bc19e862502e6ff2f700f23c607b54491a2d4a05fc0f2a79b8077f4bc25c?s=96&d=mm&r=g\",\"caption\":\"admin\"},\"sameAs\":[\"https:\/\/www.abrilabogados.com\"],\"url\":\"https:\/\/www.abrilabogados.com\/en\/noticias\/author\/charly_wpadmin\/\"}]}<\/script>\n<!-- \/ Yoast SEO plugin. -->","yoast_head_json":{"title":"Baja el n\u00famero de solicitudes de patentes en Espa\u00f1a en 2018 - Abril Abogados","robots":{"index":"index","follow":"follow","max-snippet":"max-snippet:-1","max-image-preview":"max-image-preview:large","max-video-preview":"max-video-preview:-1"},"canonical":"https:\/\/www.abrilabogados.com\/en\/noticias\/baja-el-numero-de-solicitudes-de-patentes-en-espana-en-2018\/","og_locale":"en_US","og_type":"article","og_title":"Baja el n\u00famero de solicitudes de patentes en Espa\u00f1a en 2018 - Abril Abogados","og_description":"Seg\u00fan datos adelantados por la\u00a0Oficina Espa\u00f1ola de Patentes y Marcas (OEPM), el n\u00famero de solicitudes de patentes nacionales en 2018 es de aproximadamente\u00a01.600 solicitudes (a\u00fan no hay un n\u00famero confirmado...","og_url":"https:\/\/www.abrilabogados.com\/en\/noticias\/baja-el-numero-de-solicitudes-de-patentes-en-espana-en-2018\/","og_site_name":"Abril Abogados","article_published_time":"2019-02-09T23:00:00+00:00","article_modified_time":"2026-04-23T19:29:24+00:00","author":"admin","twitter_card":"summary_large_image","twitter_misc":{"Written by":"admin","Est. reading time":"2 minutes"},"schema":{"@context":"https:\/\/schema.org","@graph":[{"@type":"WebPage","@id":"https:\/\/www.abrilabogados.com\/en\/noticias\/baja-el-numero-de-solicitudes-de-patentes-en-espana-en-2018\/","url":"https:\/\/www.abrilabogados.com\/en\/noticias\/baja-el-numero-de-solicitudes-de-patentes-en-espana-en-2018\/","name":"Baja el n\u00famero de solicitudes de patentes en Espa\u00f1a en 2018 - Abril Abogados","isPartOf":{"@id":"https:\/\/www.abrilabogados.com\/en\/#website"},"datePublished":"2019-02-09T23:00:00+00:00","dateModified":"2026-04-23T19:29:24+00:00","author":{"@id":"https:\/\/www.abrilabogados.com\/en\/#\/schema\/person\/750a358f28e46d5003b31222bddd9ed8"},"breadcrumb":{"@id":"https:\/\/www.abrilabogados.com\/en\/noticias\/baja-el-numero-de-solicitudes-de-patentes-en-espana-en-2018\/#breadcrumb"},"inLanguage":"en-US","potentialAction":[{"@type":"ReadAction","target":["https:\/\/www.abrilabogados.com\/en\/noticias\/baja-el-numero-de-solicitudes-de-patentes-en-espana-en-2018\/"]}]},{"@type":"BreadcrumbList","@id":"https:\/\/www.abrilabogados.com\/en\/noticias\/baja-el-numero-de-solicitudes-de-patentes-en-espana-en-2018\/#breadcrumb","itemListElement":[{"@type":"ListItem","position":1,"name":"Abril Abogados News","item":"\/en\/noticias\/"},{"@type":"ListItem","position":2,"name":"Baja el n\u00famero de solicitudes de patentes en Espa\u00f1a en 2018"}]},{"@type":"WebSite","@id":"https:\/\/www.abrilabogados.com\/en\/#website","url":"https:\/\/www.abrilabogados.com\/en\/","name":"Abril Abogados","description":"","potentialAction":[{"@type":"SearchAction","target":{"@type":"EntryPoint","urlTemplate":"https:\/\/www.abrilabogados.com\/en\/?s={search_term_string}"},"query-input":{"@type":"PropertyValueSpecification","valueRequired":true,"valueName":"search_term_string"}}],"inLanguage":"en-US"},{"@type":"Person","@id":"https:\/\/www.abrilabogados.com\/en\/#\/schema\/person\/750a358f28e46d5003b31222bddd9ed8","name":"admin","image":{"@type":"ImageObject","inLanguage":"en-US","@id":"https:\/\/www.abrilabogados.com\/en\/#\/schema\/person\/image\/","url":"https:\/\/secure.gravatar.com\/avatar\/52d6bc19e862502e6ff2f700f23c607b54491a2d4a05fc0f2a79b8077f4bc25c?s=96&d=mm&r=g","contentUrl":"https:\/\/secure.gravatar.com\/avatar\/52d6bc19e862502e6ff2f700f23c607b54491a2d4a05fc0f2a79b8077f4bc25c?s=96&d=mm&r=g","caption":"admin"},"sameAs":["https:\/\/www.abrilabogados.com"],"url":"https:\/\/www.abrilabogados.com\/en\/noticias\/author\/charly_wpadmin\/"}]}},"_links":{"self":[{"href":"https:\/\/www.abrilabogados.com\/en\/wp-json\/wp\/v2\/posts\/3058","targetHints":{"allow":["GET"]}}],"collection":[{"href":"https:\/\/www.abrilabogados.com\/en\/wp-json\/wp\/v2\/posts"}],"about":[{"href":"https:\/\/www.abrilabogados.com\/en\/wp-json\/wp\/v2\/types\/post"}],"author":[{"embeddable":true,"href":"https:\/\/www.abrilabogados.com\/en\/wp-json\/wp\/v2\/users\/1"}],"replies":[{"embeddable":true,"href":"https:\/\/www.abrilabogados.com\/en\/wp-json\/wp\/v2\/comments?post=3058"}],"version-history":[{"count":1,"href":"https:\/\/www.abrilabogados.com\/en\/wp-json\/wp\/v2\/posts\/3058\/revisions"}],"predecessor-version":[{"id":3392,"href":"https:\/\/www.abrilabogados.com\/en\/wp-json\/wp\/v2\/posts\/3058\/revisions\/3392"}],"wp:attachment":[{"href":"https:\/\/www.abrilabogados.com\/en\/wp-json\/wp\/v2\/media?parent=3058"}],"wp:term":[{"taxonomy":"category","embeddable":true,"href":"https:\/\/www.abrilabogados.com\/en\/wp-json\/wp\/v2\/categories?post=3058"},{"taxonomy":"post_tag","embeddable":true,"href":"https:\/\/www.abrilabogados.com\/en\/wp-json\/wp\/v2\/tags?post=3058"},{"taxonomy":"sector_noticias","embeddable":true,"href":"https:\/\/www.abrilabogados.com\/en\/wp-json\/wp\/v2\/sector_noticias?post=3058"}],"curies":[{"name":"wp","href":"https:\/\/api.w.org\/{rel}","templated":true}]}}