{"id":3083,"date":"2009-10-15T00:00:00","date_gmt":"2009-10-14T22:00:00","guid":{"rendered":"https:\/\/www.abrilabogados.com\/noticias\/abril-abogados-in-genoma-espana\/"},"modified":"2026-04-23T21:29:30","modified_gmt":"2026-04-23T19:29:30","slug":"abril-abogados-in-genoma-espana","status":"publish","type":"post","link":"https:\/\/www.abrilabogados.com\/en\/noticias\/abril-abogados-in-genoma-espana\/","title":{"rendered":"Abril Abogados in Genoma Espa\u00f1a"},"content":{"rendered":"<p>The Fundaci\u00f3n Genoma Espa\u00f1a selects Abril Abogados.<\/p>\n<p>Genoma Espa\u00f1a has recently included us among the exclusive and small group of law firms selected for the contracting of Industrial Property services related to the management of its technological portfolio.<!--more--><\/p>\n<p>Read the full article <a href=\"\/imaxes\/pub\/cir\/e9f3_Fundacion Genoma.pdf\">here<\/a>.<\/p>\n","protected":false},"excerpt":{"rendered":"<p>The Fundaci\u00f3n Genoma Espa\u00f1a selects Abril Abogados. Genoma Espa\u00f1a has recently included us among the exclusive and small group of law firms selected for the contracting of Industrial Property services&#8230;<\/p>\n","protected":false},"author":1,"featured_media":0,"comment_status":"closed","ping_status":"closed","sticky":false,"template":"","format":"standard","meta":{"_acf_changed":false,"footnotes":""},"categories":[22],"tags":[],"sector_noticias":[],"class_list":{"0":"post-3083","1":"post","2":"type-post","3":"status-publish","4":"format-standard","6":"category-pills"},"acf":[],"yoast_head":"<!-- This site is optimized with the Yoast SEO plugin v26.4 - https:\/\/yoast.com\/wordpress\/plugins\/seo\/ -->\n<title>Abril Abogados in Genoma Espa\u00f1a - Abril Abogados<\/title>\n<meta name=\"robots\" content=\"index, follow, max-snippet:-1, max-image-preview:large, max-video-preview:-1\" \/>\n<link rel=\"canonical\" href=\"https:\/\/www.abrilabogados.com\/en\/noticias\/abril-abogados-in-genoma-espana\/\" \/>\n<meta property=\"og:locale\" content=\"en_US\" \/>\n<meta property=\"og:type\" content=\"article\" \/>\n<meta property=\"og:title\" content=\"Abril Abogados in Genoma Espa\u00f1a - Abril Abogados\" \/>\n<meta property=\"og:description\" content=\"The Fundaci\u00f3n Genoma Espa\u00f1a selects Abril Abogados. Genoma Espa\u00f1a has recently included us among the exclusive and small group of law firms selected for the contracting of Industrial Property services...\" \/>\n<meta property=\"og:url\" content=\"https:\/\/www.abrilabogados.com\/en\/noticias\/abril-abogados-in-genoma-espana\/\" \/>\n<meta property=\"og:site_name\" content=\"Abril Abogados\" \/>\n<meta property=\"article:published_time\" content=\"2009-10-14T22:00:00+00:00\" \/>\n<meta property=\"article:modified_time\" content=\"2026-04-23T19:29:30+00:00\" \/>\n<meta name=\"author\" content=\"admin\" \/>\n<meta name=\"twitter:card\" content=\"summary_large_image\" \/>\n<meta name=\"twitter:label1\" content=\"Written by\" \/>\n\t<meta name=\"twitter:data1\" content=\"admin\" \/>\n<script type=\"application\/ld+json\" class=\"yoast-schema-graph\">{\"@context\":\"https:\/\/schema.org\",\"@graph\":[{\"@type\":\"WebPage\",\"@id\":\"https:\/\/www.abrilabogados.com\/en\/noticias\/abril-abogados-in-genoma-espana\/\",\"url\":\"https:\/\/www.abrilabogados.com\/en\/noticias\/abril-abogados-in-genoma-espana\/\",\"name\":\"Abril Abogados in Genoma Espa\u00f1a - Abril Abogados\",\"isPartOf\":{\"@id\":\"https:\/\/www.abrilabogados.com\/en\/#website\"},\"datePublished\":\"2009-10-14T22:00:00+00:00\",\"dateModified\":\"2026-04-23T19:29:30+00:00\",\"author\":{\"@id\":\"https:\/\/www.abrilabogados.com\/en\/#\/schema\/person\/750a358f28e46d5003b31222bddd9ed8\"},\"breadcrumb\":{\"@id\":\"https:\/\/www.abrilabogados.com\/en\/noticias\/abril-abogados-in-genoma-espana\/#breadcrumb\"},\"inLanguage\":\"en-US\",\"potentialAction\":[{\"@type\":\"ReadAction\",\"target\":[\"https:\/\/www.abrilabogados.com\/en\/noticias\/abril-abogados-in-genoma-espana\/\"]}]},{\"@type\":\"BreadcrumbList\",\"@id\":\"https:\/\/www.abrilabogados.com\/en\/noticias\/abril-abogados-in-genoma-espana\/#breadcrumb\",\"itemListElement\":[{\"@type\":\"ListItem\",\"position\":1,\"name\":\"Abril Abogados News\",\"item\":\"\/en\/noticias\/\"},{\"@type\":\"ListItem\",\"position\":2,\"name\":\"Abril Abogados in Genoma Espa\u00f1a\"}]},{\"@type\":\"WebSite\",\"@id\":\"https:\/\/www.abrilabogados.com\/en\/#website\",\"url\":\"https:\/\/www.abrilabogados.com\/en\/\",\"name\":\"Abril Abogados\",\"description\":\"\",\"potentialAction\":[{\"@type\":\"SearchAction\",\"target\":{\"@type\":\"EntryPoint\",\"urlTemplate\":\"https:\/\/www.abrilabogados.com\/en\/?s={search_term_string}\"},\"query-input\":{\"@type\":\"PropertyValueSpecification\",\"valueRequired\":true,\"valueName\":\"search_term_string\"}}],\"inLanguage\":\"en-US\"},{\"@type\":\"Person\",\"@id\":\"https:\/\/www.abrilabogados.com\/en\/#\/schema\/person\/750a358f28e46d5003b31222bddd9ed8\",\"name\":\"admin\",\"image\":{\"@type\":\"ImageObject\",\"inLanguage\":\"en-US\",\"@id\":\"https:\/\/www.abrilabogados.com\/en\/#\/schema\/person\/image\/\",\"url\":\"https:\/\/secure.gravatar.com\/avatar\/52d6bc19e862502e6ff2f700f23c607b54491a2d4a05fc0f2a79b8077f4bc25c?s=96&d=mm&r=g\",\"contentUrl\":\"https:\/\/secure.gravatar.com\/avatar\/52d6bc19e862502e6ff2f700f23c607b54491a2d4a05fc0f2a79b8077f4bc25c?s=96&d=mm&r=g\",\"caption\":\"admin\"},\"sameAs\":[\"https:\/\/www.abrilabogados.com\"],\"url\":\"https:\/\/www.abrilabogados.com\/en\/noticias\/author\/charly_wpadmin\/\"}]}<\/script>\n<!-- \/ Yoast SEO plugin. -->","yoast_head_json":{"title":"Abril Abogados in Genoma Espa\u00f1a - Abril Abogados","robots":{"index":"index","follow":"follow","max-snippet":"max-snippet:-1","max-image-preview":"max-image-preview:large","max-video-preview":"max-video-preview:-1"},"canonical":"https:\/\/www.abrilabogados.com\/en\/noticias\/abril-abogados-in-genoma-espana\/","og_locale":"en_US","og_type":"article","og_title":"Abril Abogados in Genoma Espa\u00f1a - Abril Abogados","og_description":"The Fundaci\u00f3n Genoma Espa\u00f1a selects Abril Abogados. Genoma Espa\u00f1a has recently included us among the exclusive and small group of law firms selected for the contracting of Industrial Property services...","og_url":"https:\/\/www.abrilabogados.com\/en\/noticias\/abril-abogados-in-genoma-espana\/","og_site_name":"Abril Abogados","article_published_time":"2009-10-14T22:00:00+00:00","article_modified_time":"2026-04-23T19:29:30+00:00","author":"admin","twitter_card":"summary_large_image","twitter_misc":{"Written by":"admin"},"schema":{"@context":"https:\/\/schema.org","@graph":[{"@type":"WebPage","@id":"https:\/\/www.abrilabogados.com\/en\/noticias\/abril-abogados-in-genoma-espana\/","url":"https:\/\/www.abrilabogados.com\/en\/noticias\/abril-abogados-in-genoma-espana\/","name":"Abril Abogados in Genoma Espa\u00f1a - Abril Abogados","isPartOf":{"@id":"https:\/\/www.abrilabogados.com\/en\/#website"},"datePublished":"2009-10-14T22:00:00+00:00","dateModified":"2026-04-23T19:29:30+00:00","author":{"@id":"https:\/\/www.abrilabogados.com\/en\/#\/schema\/person\/750a358f28e46d5003b31222bddd9ed8"},"breadcrumb":{"@id":"https:\/\/www.abrilabogados.com\/en\/noticias\/abril-abogados-in-genoma-espana\/#breadcrumb"},"inLanguage":"en-US","potentialAction":[{"@type":"ReadAction","target":["https:\/\/www.abrilabogados.com\/en\/noticias\/abril-abogados-in-genoma-espana\/"]}]},{"@type":"BreadcrumbList","@id":"https:\/\/www.abrilabogados.com\/en\/noticias\/abril-abogados-in-genoma-espana\/#breadcrumb","itemListElement":[{"@type":"ListItem","position":1,"name":"Abril Abogados News","item":"\/en\/noticias\/"},{"@type":"ListItem","position":2,"name":"Abril Abogados in Genoma Espa\u00f1a"}]},{"@type":"WebSite","@id":"https:\/\/www.abrilabogados.com\/en\/#website","url":"https:\/\/www.abrilabogados.com\/en\/","name":"Abril Abogados","description":"","potentialAction":[{"@type":"SearchAction","target":{"@type":"EntryPoint","urlTemplate":"https:\/\/www.abrilabogados.com\/en\/?s={search_term_string}"},"query-input":{"@type":"PropertyValueSpecification","valueRequired":true,"valueName":"search_term_string"}}],"inLanguage":"en-US"},{"@type":"Person","@id":"https:\/\/www.abrilabogados.com\/en\/#\/schema\/person\/750a358f28e46d5003b31222bddd9ed8","name":"admin","image":{"@type":"ImageObject","inLanguage":"en-US","@id":"https:\/\/www.abrilabogados.com\/en\/#\/schema\/person\/image\/","url":"https:\/\/secure.gravatar.com\/avatar\/52d6bc19e862502e6ff2f700f23c607b54491a2d4a05fc0f2a79b8077f4bc25c?s=96&d=mm&r=g","contentUrl":"https:\/\/secure.gravatar.com\/avatar\/52d6bc19e862502e6ff2f700f23c607b54491a2d4a05fc0f2a79b8077f4bc25c?s=96&d=mm&r=g","caption":"admin"},"sameAs":["https:\/\/www.abrilabogados.com"],"url":"https:\/\/www.abrilabogados.com\/en\/noticias\/author\/charly_wpadmin\/"}]}},"_links":{"self":[{"href":"https:\/\/www.abrilabogados.com\/en\/wp-json\/wp\/v2\/posts\/3083","targetHints":{"allow":["GET"]}}],"collection":[{"href":"https:\/\/www.abrilabogados.com\/en\/wp-json\/wp\/v2\/posts"}],"about":[{"href":"https:\/\/www.abrilabogados.com\/en\/wp-json\/wp\/v2\/types\/post"}],"author":[{"embeddable":true,"href":"https:\/\/www.abrilabogados.com\/en\/wp-json\/wp\/v2\/users\/1"}],"replies":[{"embeddable":true,"href":"https:\/\/www.abrilabogados.com\/en\/wp-json\/wp\/v2\/comments?post=3083"}],"version-history":[{"count":1,"href":"https:\/\/www.abrilabogados.com\/en\/wp-json\/wp\/v2\/posts\/3083\/revisions"}],"predecessor-version":[{"id":3407,"href":"https:\/\/www.abrilabogados.com\/en\/wp-json\/wp\/v2\/posts\/3083\/revisions\/3407"}],"wp:attachment":[{"href":"https:\/\/www.abrilabogados.com\/en\/wp-json\/wp\/v2\/media?parent=3083"}],"wp:term":[{"taxonomy":"category","embeddable":true,"href":"https:\/\/www.abrilabogados.com\/en\/wp-json\/wp\/v2\/categories?post=3083"},{"taxonomy":"post_tag","embeddable":true,"href":"https:\/\/www.abrilabogados.com\/en\/wp-json\/wp\/v2\/tags?post=3083"},{"taxonomy":"sector_noticias","embeddable":true,"href":"https:\/\/www.abrilabogados.com\/en\/wp-json\/wp\/v2\/sector_noticias?post=3083"}],"curies":[{"name":"wp","href":"https:\/\/api.w.org\/{rel}","templated":true}]}}